{"id":1912,"date":"2021-12-31T11:37:33","date_gmt":"2021-12-31T10:37:33","guid":{"rendered":"http:\/\/parafia.scinawa.info\/?p=1912"},"modified":"2021-12-31T11:37:33","modified_gmt":"2021-12-31T10:37:33","slug":"intencje-mszalne-01-01-02-01-2022","status":"publish","type":"post","link":"http:\/\/parafia.scinawa.info\/index.php\/2021\/12\/31\/intencje-mszalne-01-01-02-01-2022\/","title":{"rendered":"INTENCJE MSZALNE 01.01 \u2013 02.01. 2022"},"content":{"rendered":"\n<p><strong><em>Sk\u0142adaj\u0105c\nOfiar\u0119, kt\u00f3ra nam przypomina niezmierzon\u0105 mi\u0142o\u015b\u0107 Twojego Syna, pokornie prosimy\nCi\u0119, Bo\u017ce, przyjmij intencje Twoich wiernych i spraw przez dzia\u0142anie\nEucharystii, aby w naszych rodzinach wzrasta\u0142a prawdziwa wiara, \u015bwi\u0119to\u015b\u0107 \u017cycia,\nbraterska mi\u0142o\u015b\u0107 i duch modlitwy. <\/em><\/strong><strong>Niech\nMatka Naj\u015bwi\u0119tsza wyprosi \u0142aski, o kt\u00f3re modlili\u015bmy si\u0119 w tej Mszy \u015bw. dla \u2026\nZa\u015b zmar\u0142ym \u2026 za kt\u00f3rych odprawiali\u015bmy Msz\u0119 \u015bw.: wieczny odpoczynek racz im\nda\u0107 Panie (\u2026); niech odpoczywaj\u0105 w pokoju wiecznym. Amen<\/strong><\/p>\n\n\n\n<p><strong><em>01.01.\n\u2013 SOBOTA \u2013 NOWY ROK<\/em><\/strong><\/p>\n\n\n\n<p><strong>9.3o\n\u2013 <\/strong>&nbsp;w intencji Zenobii dzi\u0119kczynna z pro\u015bb\u0105 o\nzdrowie, Bo\u017ce b\u0142ogos\u0142awie\u0144stwo, opiek\u0119 NMP <\/p>\n\n\n\n<p>&nbsp;&nbsp;&nbsp;&nbsp;&nbsp;&nbsp;&nbsp;&nbsp;&nbsp;&nbsp;&nbsp;&nbsp; i \u015bw. Patron\u00f3w <\/p>\n\n\n\n<p><strong>11.oo\n\u2013 1) <\/strong>++ ksi\u0119\u017cy Mieczys\u0142awa\nSzyma\u0144skiego i Stefana Zawadzkiego \u2013 modl\u0105 si\u0119 parafianie<\/p>\n\n\n\n<p><strong>&nbsp;&nbsp;&nbsp;&nbsp;&nbsp;&nbsp;&nbsp;&nbsp;&nbsp;&nbsp;&nbsp; &nbsp;\n2) <\/strong>w intencji<strong> <\/strong>Mathiewa i Jehmsa oraz ich rodzic\u00f3w dzi\u0119kczynna za\notrzymane \u0142aski &nbsp;z pro\u015bb\u0105 <\/p>\n\n\n\n<p>&nbsp;&nbsp;&nbsp;&nbsp;&nbsp;&nbsp;&nbsp;&nbsp;&nbsp;&nbsp;&nbsp;&nbsp;&nbsp;&nbsp;&nbsp;&nbsp;\no zdrowie, Bo\u017ce b\u0142ogos\u0142awie\u0144stwo, opiek\u0119 NMP i \u015bw. Patron\u00f3w \u2013 modli si\u0119\nrodzina<\/p>\n\n\n\n<p><strong>12.3o\n\u2013 1) <\/strong>intencja wynagradzaj\u0105ca\nNiepokalanemu Sercu NMP<\/p>\n\n\n\n<p><strong>&nbsp;&nbsp;&nbsp;&nbsp;&nbsp;&nbsp;&nbsp;&nbsp;&nbsp;&nbsp;&nbsp; &nbsp;\n2)<\/strong> w intencji ksi\u0119\u017cy, si\u00f3str zakonnych i ca\u0142ej naszej\nparafii dzi\u0119kczynna za otrzymane \u0142aski &nbsp;<\/p>\n\n\n\n<p>&nbsp;&nbsp;&nbsp;&nbsp;&nbsp;&nbsp;&nbsp;&nbsp;&nbsp;&nbsp;&nbsp;&nbsp;&nbsp;&nbsp;&nbsp;&nbsp;\nz pro\u015bb\u0105 o zdrowie, Bo\u017ce b\u0142ogos\u0142awie\u0144stwo, opiek\u0119 NMP i \u015bw. Patron\u00f3w w\nNowym Roku<\/p>\n\n\n\n<p><strong>18.oo\n\u2013<\/strong>\n+ Mieczys\u0142awa Ma\u0107ka\u0142\u0119 \u2013 modli si\u0119 rodzina Winiarskich i Lechockich <\/p>\n\n\n\n<p><strong><em>02.01.\n\u2013 NIEDZIELA&nbsp; <\/em><\/strong><\/p>\n\n\n\n<p><strong>&nbsp; <a>8.oo \u2013 1) <\/a><\/strong>zaj. P.\nTyndyk\n<\/p>\n\n\n\n<p><strong>&nbsp;2)<\/strong>\ndzi\u0119kczynna za otrzymane \u0142aski w minionym roku z pro\u015bb\u0105 o zdrowie, Bo\u017ce b\u0142ogos\u0142awie\u0144stwo,\n<\/p>\n\n\n\n<p>&nbsp;&nbsp;&nbsp;&nbsp;&nbsp;&nbsp;&nbsp;&nbsp;&nbsp;&nbsp;&nbsp;&nbsp;&nbsp;&nbsp;&nbsp;&nbsp; dary Ducha \u015awi\u0119tego, opiek\u0119 NMP\ni \u015bw. Patron\u00f3w dla rodziny<\/p>\n\n\n\n<p><strong>9.3o \u2013 <\/strong>&nbsp;&nbsp;zaj. P.\nRyng<\/p>\n\n\n\n<p><strong>11.oo \u2013 1) <\/strong>w\nintencji Szymona z racji urodzin\ndzi\u0119kczynna za otrzymane \u0142aski z pro\u015bb\u0105 o zdrowie, Bo\u017ce<\/p>\n\n\n\n<p>&nbsp;&nbsp;&nbsp;&nbsp;&nbsp;&nbsp;&nbsp;&nbsp;&nbsp;&nbsp;&nbsp;&nbsp;&nbsp;&nbsp;&nbsp; &nbsp;b\u0142ogos\u0142awie\u0144stwo, dary Ducha \u015awi\u0119tego, opiek\u0119 NMP\ni \u015bw. Patron\u00f3w na dalsze lata \u017cycia<\/p>\n\n\n\n<p>&nbsp;&nbsp;&nbsp;&nbsp;&nbsp;&nbsp;&nbsp;&nbsp;&nbsp;&nbsp;&nbsp;&nbsp;&nbsp;&nbsp;&nbsp; &nbsp;\u2013 modli si\u0119 rodzina<\/p>\n\n\n\n<p><strong>&nbsp;&nbsp;&nbsp;&nbsp;&nbsp;&nbsp;&nbsp;&nbsp;&nbsp;&nbsp;&nbsp; &nbsp; 2) <\/strong>++ Franciszka i Stefani\u0119 Parkasiewicz\u00f3w oraz ++\nrodzic\u00f3w z obu stron \u2013 modli si\u0119 rodzina\n<\/p>\n\n\n\n<p><strong>12.3o\n\u2013 1)<\/strong> w intencji Ireny i Wies\u0142awa Ko\u0142acz\u00f3w dzi\u0119kczynna za otrzymane \u0142aski &nbsp;z pro\u015bb\u0105 o zdrowie, <\/p>\n\n\n\n<p>&nbsp;&nbsp;&nbsp;&nbsp;&nbsp;&nbsp;&nbsp;&nbsp;&nbsp;&nbsp;&nbsp;&nbsp;&nbsp;&nbsp;&nbsp;&nbsp; Bo\u017ce b\u0142ogos\u0142awie\u0144stwo, opiek\u0119 NMP\ni \u015bw. Patron\u00f3w \u2013 modl\u0105 si\u0119 dzieci i wnuki<\/p>\n\n\n\n<p><strong>&nbsp;&nbsp;&nbsp;&nbsp;&nbsp;&nbsp;&nbsp;&nbsp;&nbsp;&nbsp;&nbsp; &nbsp; 2)<\/strong>\n+ Adama \u2013 gregorianka 1<\/p>\n\n\n\n<p>&nbsp;&nbsp;&nbsp;&nbsp;&nbsp;&nbsp;&nbsp;&nbsp;&nbsp;&nbsp;&nbsp;&nbsp;&nbsp;&nbsp;&nbsp;&nbsp;&nbsp;&nbsp;&nbsp;&nbsp;&nbsp;&nbsp;&nbsp; <strong><em>Chrzest w czasie\nMszy: Dagmara Buszczy\u0144ska<\/em><\/strong><\/p>\n\n\n\n<p><strong>18.oo \u2013 <\/strong>+\nWies\u0142awa Struskiego oraz ++ z rodziny Struskich, Stochmal\u00f3w i Flunt\u00f3w<strong>\n<\/strong>&nbsp;<\/p>\n","protected":false},"excerpt":{"rendered":"<p>Sk\u0142adaj\u0105c Ofiar\u0119, kt\u00f3ra nam przypomina niezmierzon\u0105 mi\u0142o\u015b\u0107 Twojego Syna, pokornie prosimy Ci\u0119, Bo\u017ce, przyjmij intencje Twoich wiernych i spraw przez dzia\u0142anie Eucharystii, aby w naszych rodzinach wzrasta\u0142a prawdziwa wiara, \u015bwi\u0119to\u015b\u0107 \u017cycia, braterska mi\u0142o\u015b\u0107 i duch modlitwy. Niech Matka Naj\u015bwi\u0119tsza wyprosi \u0142aski, o kt\u00f3re modlili\u015bmy si\u0119 w tej Mszy \u015bw. dla&#8230; <a class=\"continue-reading-link\" href=\"http:\/\/parafia.scinawa.info\/index.php\/2021\/12\/31\/intencje-mszalne-01-01-02-01-2022\/\">Czytaj dalej <span class=\"meta-nav\">&rarr; <\/span><\/a><\/p>\n","protected":false},"author":2,"featured_media":0,"comment_status":"closed","ping_status":"closed","sticky":false,"template":"","format":"standard","meta":{"footnotes":""},"categories":[39],"tags":[],"class_list":["post-1912","post","type-post","status-publish","format-standard","hentry","category-intencje"],"_links":{"self":[{"href":"http:\/\/parafia.scinawa.info\/index.php\/wp-json\/wp\/v2\/posts\/1912","targetHints":{"allow":["GET"]}}],"collection":[{"href":"http:\/\/parafia.scinawa.info\/index.php\/wp-json\/wp\/v2\/posts"}],"about":[{"href":"http:\/\/parafia.scinawa.info\/index.php\/wp-json\/wp\/v2\/types\/post"}],"author":[{"embeddable":true,"href":"http:\/\/parafia.scinawa.info\/index.php\/wp-json\/wp\/v2\/users\/2"}],"replies":[{"embeddable":true,"href":"http:\/\/parafia.scinawa.info\/index.php\/wp-json\/wp\/v2\/comments?post=1912"}],"version-history":[{"count":1,"href":"http:\/\/parafia.scinawa.info\/index.php\/wp-json\/wp\/v2\/posts\/1912\/revisions"}],"predecessor-version":[{"id":1913,"href":"http:\/\/parafia.scinawa.info\/index.php\/wp-json\/wp\/v2\/posts\/1912\/revisions\/1913"}],"wp:attachment":[{"href":"http:\/\/parafia.scinawa.info\/index.php\/wp-json\/wp\/v2\/media?parent=1912"}],"wp:term":[{"taxonomy":"category","embeddable":true,"href":"http:\/\/parafia.scinawa.info\/index.php\/wp-json\/wp\/v2\/categories?post=1912"},{"taxonomy":"post_tag","embeddable":true,"href":"http:\/\/parafia.scinawa.info\/index.php\/wp-json\/wp\/v2\/tags?post=1912"}],"curies":[{"name":"wp","href":"https:\/\/api.w.org\/{rel}","templated":true}]}}