{"id":1919,"date":"2021-12-31T13:57:54","date_gmt":"2021-12-31T12:57:54","guid":{"rendered":"http:\/\/parafia.scinawa.info\/?p=1919"},"modified":"2021-12-31T13:57:54","modified_gmt":"2021-12-31T12:57:54","slug":"plan-mszy-sw-koledowych-scinawa-2022","status":"publish","type":"post","link":"http:\/\/parafia.scinawa.info\/index.php\/2021\/12\/31\/plan-mszy-sw-koledowych-scinawa-2022\/","title":{"rendered":"PLAN MSZY \u015aW. KOL\u0118DOWYCH- \u015aCINAWA 2022"},"content":{"rendered":"\n<p><strong>Drodzy\nParafianie! <\/strong>&nbsp;Jak ju\u017c wiemy w tym roku r\u00f3wnie\u017c z powodu\npandemii nie odb\u0119d\u0105 si\u0119 w tradycyjny spos\u00f3b odwiedziny duszpasterskie.\nZapraszamy zatem wszystkie rodziny do \u201eParafialnego Betlejem\u201d na wsp\u00f3lne\nspotkanie duszpasterskie. Od godziny <strong>17<sup>00<\/sup><\/strong> b\u0119dzie mo\u017cliwo\u015b\u0107 adoracji Naj\u015bwi\u0119tszego Sakramentu.\nNatomiast o godz. <strong>18<sup>00<\/sup><\/strong>&nbsp; b\u0119d\u0105 \u201eMsze\n\u015bw. kol\u0119dowe\u201d za rodziny z poszczeg\u00f3lnych ulic i miejscowo\u015bci naszej parafii\nwed\u0142ug planu wy\u0142o\u017conego na kartkach u wyj\u015bcia z ko\u015bcio\u0142a&nbsp; lub dost\u0119pnego na stronie internetowej\nparafii <strong>www.parafiascinawa.pl\/komunikaty<\/strong> (od 2 stycznia). W czasie Mszy \u015bw.&nbsp; zostanie po\u015bwi\u0119cona woda. Nast\u0119pnie\nzabierzecie j\u0105 do Waszych dom\u00f3w, aby w gronie rodzinnym odprawi\u0107 \u201eKol\u0119dow\u0105\nliturgi\u0119 rodzinn\u0105\u201d i po\u015bwi\u0119ci\u0107 swoje mieszkanie. B\u0119dzie mo\u017cna z\u0142o\u017cy\u0107 na tac\u0119&nbsp; jak to czynili\u015bmy ka\u017cdego roku ofiar\u0119\nkol\u0119dow\u0105 przeznaczon\u0105 na potrzeby naszej parafii, ubezpieczenie ko\u015bcio\u0142\u00f3w,\nutrzymanie instytucji Diecezji Legnickiej takich jak: Wy\u017csze Seminarium\nDuchowne czy Dom Ksi\u0119\u017cy Emeryt\u00f3w czy ofiar\u0119 na remonty. Na koniec naszego\nspotkania ka\u017cda rodzina otrzyma do domu obrazek kol\u0119dowy oraz tekst \u201eObrz\u0119du\nliturgii rodzinnej\u201d (je\u015bli go nie mamy z minionego roku). SERDECZNIE\nZAPRASZAMY!<\/p>\n\n\n\n<table class=\"wp-block-table\"><tbody><tr><td>\n  <strong>DATA<\/strong>\n  <\/td><td>\n  <strong>GODZ.<\/strong>\n  <\/td><td>\n  <strong>ULICA<\/strong>\n  <\/td><\/tr><tr><td>\n  10.01.2022\n  <\/td><td>\n  18.00\n  <\/td><td>\n  Wo\u0142owska\n  numery parzyste \n  <\/td><\/tr><tr><td>\n  11.01.2022\n  <\/td><td>\n  18.00\n  <\/td><td>\n  Wo\u0142owska&nbsp; numery nieparzyste,&nbsp; Rybna, Sportowa, Wroc\u0142awska, Bonifracka,\n  Klasztorna, Salezja\u0144ska, Cysterska, Benedykty\u0144ska, Dominika\u0144ska,\n  Jezuicka,\n  Franciszka\u0144ska, Karmelicka \n  <\/td><\/tr><tr><td>\n  12.01.2022\n  <\/td><td>\n  18.00\n  <\/td><td>\n  Lasowice,\n  D\u0119biec, &nbsp;Sitno i Krzy\u017cowa\n  <\/td><\/tr><tr><td>\n  13.01.2022\n  <\/td><td>\n  18.00\n  <\/td><td>\n  Jagie\u0142\u0142y&nbsp; od 6 do 31, Chopina\n  <\/td><\/tr><tr><td>\n  14.01.2022\n  <\/td><td>\n  18.00\n  <\/td><td>\n  Jagie\u0142\u0142y\n  od 33 do 67 i Paderewskiego\n  <\/td><\/tr><tr><td>\n  15.01.2022\n  <\/td><td>\n  18.00\n  <\/td><td>\n  Mickiewicza,\n  \u017bo\u0142nierska, \u0141\u0105kowa, Robotnicza\n  <\/td><\/tr><tr><td>\n  17.01.2022\n  <\/td><td>\n  18.00\n  <\/td><td>\n  Jana\n  Paw\u0142a II, Rynek, Zgody, G\u0142ogowska, Szkolna, 1-go Maja, Ko\u015bcielna, Orla, Pl.\n  Ko\u015bcielny, Szpitalna, \n  <\/td><\/tr><tr><td>\n  18.01.2022\n  <\/td><td>\n  18.00\n  <\/td><td>\n  Ko\u015bciuszki,\n  Tur\u00f3w\n  <\/td><\/tr><tr><td>\n  19.01.2022\n  <\/td><td>\n  18.00\n  <\/td><td>\n  Reymonta,\n  S\u0142owackiego, Spacerowa, Kili\u0144skiego, Sienkiewicza, Legnicka,&nbsp;&nbsp;&nbsp;&nbsp;&nbsp;&nbsp;&nbsp;&nbsp;&nbsp;&nbsp;&nbsp;&nbsp;&nbsp;&nbsp;&nbsp;&nbsp;&nbsp;&nbsp;&nbsp;&nbsp;&nbsp;&nbsp;&nbsp;&nbsp;&nbsp;&nbsp;&nbsp;&nbsp;&nbsp;&nbsp;&nbsp;&nbsp;&nbsp;&nbsp;&nbsp;&nbsp;&nbsp;&nbsp;&nbsp;&nbsp;&nbsp;&nbsp;&nbsp;&nbsp;&nbsp;&nbsp;&nbsp;&nbsp;&nbsp;&nbsp;&nbsp;&nbsp;&nbsp;\n  Wita Stwosza, Witosa, Szeroka, Batorego, Ko\u0142om\u0142y\u0144ska, Grunwaldzka\n  <\/td><\/tr><tr><td>\n  20.01.2022\n  <\/td><td>\n  18.00\n  <\/td><td>\n  Ogrodowa,\n  Wi\u015bniowa, Ho\u017ca, Lubi\u0144ska, R\u00f3\u017cana, Le\u015bna\n  <\/td><\/tr><tr><td>\n  21.01.2022\n  <\/td><td>\n  18.00\n  <\/td><td>\n  Klonowa,\n  Cisowa, Akacjowa, Topolowa, Chobie\u0144ska, Weso\u0142a \n  <\/td><\/tr><tr><td>\n  22.01.2022\n  <\/td><td>\n  18.00\n  <\/td><td>\n  Kr\u00f3lowej Jadwigi, Lipowa, Ja\u015bminowa,\n  Plac Zjednoczenia, Przyjaci\u00f3\u0142 \u017bo\u0142nierza, \n  Zes\u0142a\u0144c\u00f3w Sybiru, Wiosenna,\n  Polna, \n  Kombatant\u00f3w Rzeczypospolitej Polskiej\n  <\/td><\/tr><\/tbody><\/table>\n","protected":false},"excerpt":{"rendered":"<p>Drodzy Parafianie! &nbsp;Jak ju\u017c wiemy w tym roku r\u00f3wnie\u017c z powodu pandemii nie odb\u0119d\u0105 si\u0119 w tradycyjny spos\u00f3b odwiedziny duszpasterskie. Zapraszamy zatem wszystkie rodziny do \u201eParafialnego Betlejem\u201d na wsp\u00f3lne spotkanie duszpasterskie. Od godziny 1700 b\u0119dzie mo\u017cliwo\u015b\u0107 adoracji Naj\u015bwi\u0119tszego Sakramentu. Natomiast o godz. 1800&nbsp; b\u0119d\u0105 \u201eMsze \u015bw. kol\u0119dowe\u201d za rodziny z&#8230; <a class=\"continue-reading-link\" href=\"http:\/\/parafia.scinawa.info\/index.php\/2021\/12\/31\/plan-mszy-sw-koledowych-scinawa-2022\/\">Czytaj dalej <span class=\"meta-nav\">&rarr; <\/span><\/a><\/p>\n","protected":false},"author":2,"featured_media":0,"comment_status":"closed","ping_status":"closed","sticky":false,"template":"","format":"standard","meta":{"footnotes":""},"categories":[41],"tags":[],"class_list":["post-1919","post","type-post","status-publish","format-standard","hentry","category-komunikaty-duszpasterskie"],"_links":{"self":[{"href":"http:\/\/parafia.scinawa.info\/index.php\/wp-json\/wp\/v2\/posts\/1919","targetHints":{"allow":["GET"]}}],"collection":[{"href":"http:\/\/parafia.scinawa.info\/index.php\/wp-json\/wp\/v2\/posts"}],"about":[{"href":"http:\/\/parafia.scinawa.info\/index.php\/wp-json\/wp\/v2\/types\/post"}],"author":[{"embeddable":true,"href":"http:\/\/parafia.scinawa.info\/index.php\/wp-json\/wp\/v2\/users\/2"}],"replies":[{"embeddable":true,"href":"http:\/\/parafia.scinawa.info\/index.php\/wp-json\/wp\/v2\/comments?post=1919"}],"version-history":[{"count":1,"href":"http:\/\/parafia.scinawa.info\/index.php\/wp-json\/wp\/v2\/posts\/1919\/revisions"}],"predecessor-version":[{"id":1920,"href":"http:\/\/parafia.scinawa.info\/index.php\/wp-json\/wp\/v2\/posts\/1919\/revisions\/1920"}],"wp:attachment":[{"href":"http:\/\/parafia.scinawa.info\/index.php\/wp-json\/wp\/v2\/media?parent=1919"}],"wp:term":[{"taxonomy":"category","embeddable":true,"href":"http:\/\/parafia.scinawa.info\/index.php\/wp-json\/wp\/v2\/categories?post=1919"},{"taxonomy":"post_tag","embeddable":true,"href":"http:\/\/parafia.scinawa.info\/index.php\/wp-json\/wp\/v2\/tags?post=1919"}],"curies":[{"name":"wp","href":"https:\/\/api.w.org\/{rel}","templated":true}]}}