{"id":1922,"date":"2022-01-08T16:31:43","date_gmt":"2022-01-08T15:31:43","guid":{"rendered":"http:\/\/parafia.scinawa.info\/?p=1922"},"modified":"2022-01-08T16:31:43","modified_gmt":"2022-01-08T15:31:43","slug":"intencje-mszalne-09-01-16-01-2022","status":"publish","type":"post","link":"http:\/\/parafia.scinawa.info\/index.php\/2022\/01\/08\/intencje-mszalne-09-01-16-01-2022\/","title":{"rendered":"INTENCJE MSZALNE 09.01 \u2013 16.01. 2022"},"content":{"rendered":"\n<p><strong><em>Sk\u0142adaj\u0105c\nOfiar\u0119, kt\u00f3ra nam przypomina niezmierzon\u0105 mi\u0142o\u015b\u0107 Twojego Syna, pokornie prosimy\nCi\u0119, Bo\u017ce, przyjmij intencje Twoich wiernych i spraw przez dzia\u0142anie\nEucharystii, aby w naszych rodzinach wzrasta\u0142a prawdziwa wiara, \u015bwi\u0119to\u015b\u0107 \u017cycia,\nbraterska mi\u0142o\u015b\u0107 i duch modlitwy. <\/em><\/strong><strong>Niech\nMatka Naj\u015bwi\u0119tsza wyprosi \u0142aski, o kt\u00f3re modlili\u015bmy si\u0119 w tej Mszy \u015bw. dla \u2026\nZa\u015b zmar\u0142ym \u2026 za kt\u00f3rych odprawiali\u015bmy Msz\u0119 \u015bw.: wieczny odpoczynek racz im\nda\u0107 Panie (\u2026); niech odpoczywaj\u0105 w pokoju wiecznym. Amen<\/strong><\/p>\n\n\n\n<p><strong>09.01<em>. &#8211; NIEDZIELA&nbsp; <\/em><\/strong><em><\/em><\/p>\n\n\n\n<p><strong>&nbsp; 8.oo \u2013 1) <\/strong>++ m\u0119\u017ca Stanis\u0142awa, te\u015bci\u00f3w, rodzic\u00f3w, siostr\u0119 \u2013 modli si\u0119 \u017cona z ca\u0142\u0105\nrodzin\u0105\n<\/p>\n\n\n\n<p><strong>&nbsp;&nbsp;&nbsp;&nbsp;&nbsp;&nbsp;&nbsp;&nbsp;&nbsp;&nbsp;&nbsp; &nbsp;\n2)<\/strong> + ks. Henryka Hallad\u0119 \u2013 gregorianka 4<\/p>\n\n\n\n<p><strong>&nbsp; 9.3o \u2013 <\/strong>&nbsp;&nbsp;++\nrodzic\u00f3w: Teres\u0119 i Kazimierza Iwanowskich w 1 rocz. ich \u015bm. \u2013 modl\u0105 si\u0119 c\u00f3rki z\nrodzinami<\/p>\n\n\n\n<p><strong>11.oo\n\u2013 1) <\/strong>+ Zofi\u0119 Mielcarek w 1\nrocz. \u015bm. i wszystkich ++ z rodziny Pawnuk\u00f3w \u2013 modli si\u0119 rodzina<\/p>\n\n\n\n<p><strong>&nbsp;&nbsp;&nbsp;&nbsp;&nbsp;&nbsp;&nbsp;&nbsp;&nbsp;&nbsp;&nbsp; &nbsp;\n2) <\/strong>+ Ryszarda Forenca w 3\nrocz. \u015bm. \u2013 modl\u0105 si\u0119 c\u00f3rki z rodzinami <\/p>\n\n\n\n<p><strong>12.3o\n\u2013 1) <\/strong>++ rodzic\u00f3w: Jana i\nBogus\u0142aw\u0119 w 1 rocz. \u015bm. z rodziny Biniarz\u00f3w \u2013 modl\u0105 si\u0119 syn Jacek <\/p>\n\n\n\n<p>&nbsp;&nbsp;&nbsp;&nbsp;&nbsp;&nbsp;&nbsp;&nbsp;&nbsp;&nbsp;&nbsp;&nbsp;&nbsp;&nbsp;&nbsp;&nbsp; i c\u00f3rka Iwona z\nrodzinami<\/p>\n\n\n\n<p><strong>&nbsp;&nbsp;&nbsp;&nbsp;&nbsp;&nbsp;&nbsp;&nbsp;&nbsp;&nbsp;&nbsp; &nbsp;\n2)<\/strong> Dzi\u0119kczynna z okazji urodzin i imienin Ma\u0142gorzaty i\n\u0141ukasza oraz w 23 rocz. \u015blubu o Bo\u017ce<\/p>\n\n\n\n<p>&nbsp;&nbsp;&nbsp;&nbsp;&nbsp;&nbsp;&nbsp;&nbsp;&nbsp;&nbsp;&nbsp;&nbsp;&nbsp;&nbsp;&nbsp; &nbsp;b\u0142ogos\u0142awie\u0144stwo, dary Ducha \u015awi\u0119tego, opiek\u0119 NMP\ni \u015bw. Patron\u00f3w na dalsze lata \u017cycia<\/p>\n\n\n\n<p>&nbsp;&nbsp;&nbsp;&nbsp;&nbsp;&nbsp;&nbsp;&nbsp;&nbsp;&nbsp;&nbsp;&nbsp;&nbsp;&nbsp;&nbsp; &nbsp;\u2013 modli si\u0119 rodzina<\/p>\n\n\n\n<p><strong>18.oo\n\u2013 1) <\/strong>&nbsp;<strong>+ Adama \u2013\ngregorianka 8<\/strong><\/p>\n\n\n\n<p><strong>&nbsp;&nbsp;&nbsp;&nbsp;&nbsp;&nbsp;&nbsp;&nbsp;&nbsp;&nbsp;&nbsp; &nbsp;\n2)<\/strong> <strong>&nbsp;<\/strong>+ Adolfa\nBarana w 19 rocz. \u015bm. oraz ++ z rodziny Baran\u00f3w, Kuciemb\u00f3w, Babij\u00f3w, Pawlak\u00f3w <\/p>\n\n\n\n<p>&nbsp;&nbsp;&nbsp;&nbsp;&nbsp;&nbsp;&nbsp;&nbsp;&nbsp;&nbsp;&nbsp;&nbsp;&nbsp;&nbsp;&nbsp;&nbsp;&nbsp; i dusze w czy\u015b\u0107cu\ncierpi\u0105ce \u2013 modli si\u0119 rodzina<strong>\n&nbsp;<\/strong>&nbsp;<\/p>\n\n\n\n<p><strong>10.01<em>. \u2013 PONIEDZIA\u0141EK<\/em><\/strong><\/p>\n\n\n\n<p><strong>&nbsp; &nbsp;&nbsp;7.oo\n\u2013 <\/strong>&nbsp;+ ks. Henryka Hallad\u0119 \u2013 gregorianka 5<\/p>\n\n\n\n<p><strong>12.oo\n\u2013<\/strong> + Dorot\u0119 Stadnik &#8211; pogrzebowa<\/p>\n\n\n\n<p><strong>14.3o\n\u2013<\/strong> + J\u00f3zefa Olejniczaka &#8211; pogrzebowa<\/p>\n\n\n\n<p><strong>18.oo\n\u2013 1) <\/strong>&nbsp;<strong>+ Adama \u2013\ngregorianka 9<\/strong><\/p>\n\n\n\n<p><strong>&nbsp;&nbsp;&nbsp;&nbsp;&nbsp;&nbsp;&nbsp;&nbsp;&nbsp;&nbsp;&nbsp; &nbsp;\n2)<\/strong> <\/p>\n\n\n\n<p><strong>&nbsp; &nbsp;&nbsp;&nbsp;&nbsp;&nbsp;&nbsp;&nbsp;&nbsp;&nbsp; &nbsp;&nbsp;3)<\/strong> Msza \u015bw. Kol\u0119dowa w intencji rodzin zamieszka\u0142ych na\nulicy <strong><em>Wo\u0142owskiej\nnumery parzyste<\/em><\/strong><\/p>\n\n\n\n<p>&nbsp;&nbsp;&nbsp;&nbsp;&nbsp;&nbsp;&nbsp;&nbsp;&nbsp;&nbsp; &nbsp;&nbsp;&nbsp;&nbsp;dzi\u0119kczynna z pro\u015bb\u0105 o\nzdrowie, dary Ducha \u015awi\u0119tego, Bo\u017ce b\u0142ogos\u0142awie\u0144stwo, opiek\u0119 NMP<\/p>\n\n\n\n<p><strong>11.01<em>. &#8211; WTOREK<\/em><\/strong><em><\/em><\/p>\n\n\n\n<p><strong>&nbsp; 7.oo \u2013 <\/strong>+ ks. Henryka\nHallad\u0119 \u2013 gregorianka 6<\/p>\n\n\n\n<p><strong>18.oo\n\u2013 1) + Adama \u2013 gregorianka 10<\/strong>\n<\/p>\n\n\n\n<p><strong>&nbsp;&nbsp;&nbsp;&nbsp;&nbsp;&nbsp;&nbsp;&nbsp;&nbsp;&nbsp;&nbsp; &nbsp;\n2)<\/strong> o zdrowie dla wnuczki Aurory i jej rodzic\u00f3w, Bo\u017ce\nb\u0142ogos\u0142awie\u0144stwo i opiek\u0119 NMP \u2013 modl\u0105 si\u0119<\/p>\n\n\n\n<p>&nbsp;&nbsp;&nbsp;&nbsp;&nbsp;&nbsp;&nbsp;&nbsp;&nbsp;&nbsp;&nbsp;&nbsp;&nbsp;&nbsp;&nbsp; &nbsp;babcia i dziadek<\/p>\n\n\n\n<p><strong>&nbsp; &nbsp;&nbsp;&nbsp;&nbsp;&nbsp;&nbsp;&nbsp;&nbsp;&nbsp; 3)<\/strong> Msza \u015bw. Kol\u0119dowa w intencji rodzin zamieszka\u0142ych na\nulicy <strong><em>Wo\u0142owskiej&nbsp; numery nieparzyste,<\/em><\/strong><\/p>\n\n\n\n<p><strong><em>&nbsp;&nbsp;&nbsp;&nbsp;&nbsp;&nbsp;&nbsp;&nbsp;&nbsp;&nbsp;&nbsp;&nbsp; &nbsp;&nbsp;Rybnej, Sportowej, Wroc\u0142awskiej, Bonifrackiej,\nKlasztornej, Salezja\u0144skiej, Cysterskiej, <\/em><\/strong><\/p>\n\n\n\n<p><strong><em>&nbsp;&nbsp;&nbsp;&nbsp;&nbsp;&nbsp;&nbsp;&nbsp;&nbsp;&nbsp;&nbsp;&nbsp;&nbsp;&nbsp; Benedykty\u0144skiej, Dominika\u0144skiej,\nJezuickiej, Franciszka\u0144skiej, Karmelickiej<\/em><\/strong><\/p>\n\n\n\n<p>&nbsp;&nbsp;&nbsp;&nbsp;&nbsp;&nbsp;&nbsp;&nbsp;&nbsp;&nbsp; dzi\u0119kczynna\nz pro\u015bb\u0105 o zdrowie, dary Ducha \u015awi\u0119tego, Bo\u017ce b\u0142ogos\u0142awie\u0144stwo, opiek\u0119 NMP<\/p>\n\n\n\n<p><strong>12.01<em>. \u2013 \u015aRODA <\/em><\/strong><\/p>\n\n\n\n<p><strong>&nbsp; 7.oo \u2013 1) <\/strong>&nbsp;<strong>+ Adama \u2013 gregorianka 11<\/strong><\/p>\n\n\n\n<p><strong>&nbsp;&nbsp;&nbsp;&nbsp;&nbsp;&nbsp;&nbsp;&nbsp;&nbsp;&nbsp;&nbsp; &nbsp;\n2)<\/strong>+ ks. Henryka Hallad\u0119 \u2013 gregorianka 7<\/p>\n\n\n\n<p><strong>&nbsp;&nbsp;&nbsp;&nbsp;&nbsp;&nbsp;&nbsp;&nbsp; 3)<\/strong> w intencji\nCzes\u0142awy dzi\u0119kczynna za otrzymane \u0142aski z pro\u015bb\u0105 o zdrowie, Bo\u017ce b\u0142ogos\u0142awie\u0144stwo,<\/p>\n\n\n\n<p>&nbsp;&nbsp;&nbsp;&nbsp;&nbsp;&nbsp;&nbsp;&nbsp;&nbsp;&nbsp;&nbsp; &nbsp;dary Ducha \u015awi\u0119tego, opiek\u0119 NMP i \u015bw. Patron\u00f3w\n\u2013 modl\u0105 si\u0119 dzieci z rodzinami<\/p>\n\n\n\n<p><strong>&nbsp;18.oo \u2013<\/strong> Msza \u015bw. Kol\u0119dowa w intencji rodzin zamieszka\u0142ych w <strong><em>Lasowicach, D\u0119bcu,&nbsp; Sitnie i Krzy\u017cowej<\/em><\/strong><\/p>\n\n\n\n<p>&nbsp;&nbsp;&nbsp;&nbsp;&nbsp;&nbsp;&nbsp;&nbsp;&nbsp;&nbsp; dzi\u0119kczynna\nz pro\u015bb\u0105 o zdrowie, dary Ducha \u015awi\u0119tego, Bo\u017ce b\u0142ogos\u0142awie\u0144stwo, opiek\u0119 NMP<\/p>\n\n\n\n<p><strong>18.oo\n\u2013&nbsp; intencja zbiorowa nowennowa:<\/strong><\/p>\n\n\n\n<p><strong>&nbsp;1)<\/strong> <\/p>\n\n\n\n<p><strong>&nbsp;2)<\/strong> <\/p>\n\n\n\n<p><strong>13.01<em>. \u2013 CZWARTEK <\/em><\/strong><em>&nbsp;<\/em><\/p>\n\n\n\n<p><strong>&nbsp; 7.oo \u2013<\/strong> &nbsp;+ ks. Henryka Hallad\u0119 \u2013 gregorianka 8<\/p>\n\n\n\n<p><strong>18.oo\n\u2013 1) + Adama \u2013 gregorianka 12<\/strong>\n<\/p>\n\n\n\n<p><strong>&nbsp;&nbsp;&nbsp;&nbsp;&nbsp;&nbsp;&nbsp;&nbsp;&nbsp;&nbsp;&nbsp; &nbsp;\n2)<\/strong> <\/p>\n\n\n\n<p><strong>&nbsp; &nbsp;&nbsp;&nbsp;&nbsp;&nbsp;&nbsp;&nbsp;&nbsp;&nbsp; &nbsp;&nbsp;3)<\/strong> Msza \u015bw. Kol\u0119dowa w intencji rodzin zamieszka\u0142ych na\nulicy <strong><em>Jagie\u0142\u0142y&nbsp; od 6 do 31, Chopina<\/em><\/strong><\/p>\n\n\n\n<p>&nbsp;&nbsp;&nbsp;&nbsp;&nbsp;&nbsp;&nbsp;&nbsp;&nbsp;&nbsp; dzi\u0119kczynna\nz pro\u015bb\u0105 o zdrowie, dary Ducha \u015awi\u0119tego, Bo\u017ce b\u0142ogos\u0142awie\u0144stwo, opiek\u0119 NMP<\/p>\n\n\n\n<p><strong>14.01<em>. \u2013 PI\u0104TEK<\/em><\/strong><\/p>\n\n\n\n<p><strong>&nbsp; 7.oo \u2013<\/strong> &nbsp;+ ks. Henryka Hallad\u0119 \u2013 gregorianka 9<\/p>\n\n\n\n<p><strong>18.oo\n\u2013 1) + Adama \u2013 gregorianka 13<\/strong>\n<\/p>\n\n\n\n<p><strong>&nbsp;&nbsp;&nbsp;&nbsp;&nbsp;&nbsp;&nbsp;&nbsp;&nbsp;&nbsp;&nbsp; &nbsp;\n2)<\/strong> ++ rodzic\u00f3w: Jadwig\u0119 i W\u0142adys\u0142awa oraz ++ z rodziny\ni bliskich przyjaci\u00f3\u0142<\/p>\n\n\n\n<p><strong>&nbsp; 3)<\/strong> Msza \u015bw. Kol\u0119dowa w intencji rodzin zamieszka\u0142ych na ulicy <strong><em>Jagie\u0142\u0142y od 33 do 67 i\nPaderewskiego<\/em><\/strong><\/p>\n\n\n\n<p>&nbsp;&nbsp;&nbsp;&nbsp;&nbsp;&nbsp;&nbsp;&nbsp;&nbsp;&nbsp; dzi\u0119kczynna\nz pro\u015bb\u0105 o zdrowie, dary Ducha \u015awi\u0119tego, Bo\u017ce b\u0142ogos\u0142awie\u0144stwo, opiek\u0119 NMP &nbsp;<\/p>\n\n\n\n<p><strong><em>15.01.\n\u2013 SOBOTA<\/em><\/strong><\/p>\n\n\n\n<p><strong>&nbsp; 7.oo \u2013<\/strong> <strong>1) <\/strong>&nbsp;<strong>+ Adama \u2013 gregorianka 14<\/strong><\/p>\n\n\n\n<p><strong>&nbsp;&nbsp;&nbsp;&nbsp;&nbsp;&nbsp;&nbsp;&nbsp;&nbsp;&nbsp;&nbsp; &nbsp;\n2) <\/strong>+ ks. Henryka Hallad\u0119 \u2013 gregorianka 10 <\/p>\n\n\n\n<p><strong>18.oo\n\u2013 1)<\/strong> + Ann\u0119 Kopiec &#8211; 30 dzie\u0144 od pogrzebu &#8211;\nintencja od uczestnik\u00f3w Mszy pogrzebowej&nbsp;<\/p>\n\n\n\n<p><strong>&nbsp;&nbsp;&nbsp;&nbsp;&nbsp;&nbsp;&nbsp;&nbsp;&nbsp;&nbsp;&nbsp; &nbsp;\n&nbsp;2)<\/strong>\n+ Miros\u0142awa Wowka &#8211; 30 dzie\u0144 od pogrzebu &#8211; intencja od uczestnik\u00f3w Mszy pogrzebowej,<\/p>\n\n\n\n<p>&nbsp;&nbsp;&nbsp;&nbsp;&nbsp;&nbsp;&nbsp;&nbsp;&nbsp;&nbsp;&nbsp;&nbsp;&nbsp;&nbsp;&nbsp;&nbsp;&nbsp; &nbsp;++ rodzic\u00f3w Leona i Janin\u0119 oraz siostr\u0119 Renat\u0119\nPodlewsk\u0105<\/p>\n\n\n\n<p><strong>&nbsp;&nbsp;&nbsp;&nbsp;&nbsp;&nbsp;&nbsp;&nbsp;&nbsp;&nbsp;&nbsp;&nbsp;&nbsp;\n3)<\/strong> Msza \u015bw. Kol\u0119dowa w\nintencji rodzin zamieszka\u0142ych na ulicy <strong><em>Mickiewicza,\n\u017bo\u0142nierskiej,<\/em><\/strong><\/p>\n\n\n\n<p><strong><em>&nbsp;&nbsp;&nbsp;&nbsp;&nbsp;&nbsp;&nbsp;&nbsp;&nbsp;&nbsp;&nbsp;&nbsp;&nbsp;&nbsp; &nbsp;\u0141\u0105kowej, Robotniczej<\/em><\/strong> dzi\u0119kczynna z pro\u015bb\u0105 o zdrowie,\ndary Ducha \u015awi\u0119tego, Bo\u017ce <\/p>\n\n\n\n<p>&nbsp;&nbsp;&nbsp;&nbsp;&nbsp;&nbsp;&nbsp;&nbsp;&nbsp;&nbsp;&nbsp;&nbsp;&nbsp;&nbsp;&nbsp; b\u0142ogos\u0142awie\u0144stwo, opiek\u0119 NMP &nbsp;<\/p>\n\n\n\n<p><strong><em>16.01.\n\u2013 NIEDZIELA&nbsp; <\/em><\/strong><\/p>\n\n\n\n<p><strong>&nbsp; 8.oo \u2013 1) <\/strong>+ ks. Henryka\nHallad\u0119 \u2013 gregorianka 11 <strong>&nbsp;<\/strong>&nbsp;<\/p>\n\n\n\n<p><strong>&nbsp;&nbsp;&nbsp;&nbsp;&nbsp;&nbsp;&nbsp;&nbsp;&nbsp;&nbsp;&nbsp; &nbsp;\n2)<\/strong> <\/p>\n\n\n\n<p><strong>&nbsp; 9.3o \u2013 <\/strong>&nbsp;+ J\u00f3zefa Kad\u0142ubowskiego &#8211; 30 dzie\u0144 od pogrzebu\n&#8211; intencja od uczestnik\u00f3w Mszy pogrzebowej <\/p>\n\n\n\n<p><strong>11.oo\n\u2013 1) <\/strong>++ rodzic\u00f3w: Antoniego w\n35 rocz. \u015bm. i Janin\u0119 Lulk\u00f3w \u2013 modli si\u0119 syn z rodzin\u0105<\/p>\n\n\n\n<p><strong>&nbsp;&nbsp;&nbsp;&nbsp;&nbsp;&nbsp;&nbsp;&nbsp;&nbsp; 2) <\/strong>++ Alicj\u0119 w 15 rocz. \u015bm., Dariusza w 10 rocz. \u015bm. i dusze w czy\u015b\u0107cu\ncierpi\u0105ce \u2013 modli si\u0119 rodzina <\/p>\n\n\n\n<p><strong>12.3o\n\u2013 1) <\/strong>w 25 rocz. \u015blubu Moniki i\nSebastiana \u017bogalskich dzi\u0119kczynna z pro\u015bb\u0105 o zdrowie, dary Ducha\n<\/p>\n\n\n\n<p>&nbsp;&nbsp;&nbsp;&nbsp;&nbsp;&nbsp;&nbsp;&nbsp;&nbsp;&nbsp;&nbsp;&nbsp;&nbsp;&nbsp;&nbsp;&nbsp; \u015awi\u0119tego, Bo\u017ce\nb\u0142ogos\u0142awie\u0144stwo, opiek\u0119 NMP i \u015bw. Patron\u00f3w \u2013 modl\u0105 si\u0119 dzieci i rodzice<\/p>\n\n\n\n<p><strong>&nbsp;&nbsp;&nbsp;&nbsp;&nbsp;&nbsp;&nbsp;&nbsp;&nbsp; 2)<\/strong> + Stanis\u0142awa\nSosnowskiego &#8211; 30 dzie\u0144 od pogrzebu &#8211; intencja od uczestnik\u00f3w Mszy pogrzebowej <\/p>\n\n\n\n<p><strong>18.oo\n\u2013 &nbsp;1) <\/strong>&nbsp;<strong>+ Adama \u2013 gregorianka 15<\/strong><\/p>\n\n\n\n<p><strong>&nbsp;&nbsp;&nbsp;&nbsp;&nbsp;&nbsp;&nbsp;&nbsp;&nbsp;&nbsp;&nbsp; &nbsp;&nbsp;2)<\/strong> zaj. P. Szurgot<\/p>\n","protected":false},"excerpt":{"rendered":"<p>Sk\u0142adaj\u0105c Ofiar\u0119, kt\u00f3ra nam przypomina niezmierzon\u0105 mi\u0142o\u015b\u0107 Twojego Syna, pokornie prosimy Ci\u0119, Bo\u017ce, przyjmij intencje Twoich wiernych i spraw przez dzia\u0142anie Eucharystii, aby w naszych rodzinach wzrasta\u0142a prawdziwa wiara, \u015bwi\u0119to\u015b\u0107 \u017cycia, braterska mi\u0142o\u015b\u0107 i duch modlitwy. Niech Matka Naj\u015bwi\u0119tsza wyprosi \u0142aski, o kt\u00f3re modlili\u015bmy si\u0119 w tej Mszy \u015bw. dla&#8230; <a class=\"continue-reading-link\" href=\"http:\/\/parafia.scinawa.info\/index.php\/2022\/01\/08\/intencje-mszalne-09-01-16-01-2022\/\">Czytaj dalej <span class=\"meta-nav\">&rarr; <\/span><\/a><\/p>\n","protected":false},"author":2,"featured_media":0,"comment_status":"closed","ping_status":"closed","sticky":false,"template":"","format":"standard","meta":{"footnotes":""},"categories":[39],"tags":[],"class_list":["post-1922","post","type-post","status-publish","format-standard","hentry","category-intencje"],"_links":{"self":[{"href":"http:\/\/parafia.scinawa.info\/index.php\/wp-json\/wp\/v2\/posts\/1922","targetHints":{"allow":["GET"]}}],"collection":[{"href":"http:\/\/parafia.scinawa.info\/index.php\/wp-json\/wp\/v2\/posts"}],"about":[{"href":"http:\/\/parafia.scinawa.info\/index.php\/wp-json\/wp\/v2\/types\/post"}],"author":[{"embeddable":true,"href":"http:\/\/parafia.scinawa.info\/index.php\/wp-json\/wp\/v2\/users\/2"}],"replies":[{"embeddable":true,"href":"http:\/\/parafia.scinawa.info\/index.php\/wp-json\/wp\/v2\/comments?post=1922"}],"version-history":[{"count":1,"href":"http:\/\/parafia.scinawa.info\/index.php\/wp-json\/wp\/v2\/posts\/1922\/revisions"}],"predecessor-version":[{"id":1923,"href":"http:\/\/parafia.scinawa.info\/index.php\/wp-json\/wp\/v2\/posts\/1922\/revisions\/1923"}],"wp:attachment":[{"href":"http:\/\/parafia.scinawa.info\/index.php\/wp-json\/wp\/v2\/media?parent=1922"}],"wp:term":[{"taxonomy":"category","embeddable":true,"href":"http:\/\/parafia.scinawa.info\/index.php\/wp-json\/wp\/v2\/categories?post=1922"},{"taxonomy":"post_tag","embeddable":true,"href":"http:\/\/parafia.scinawa.info\/index.php\/wp-json\/wp\/v2\/tags?post=1922"}],"curies":[{"name":"wp","href":"https:\/\/api.w.org\/{rel}","templated":true}]}}