{"id":1928,"date":"2022-01-15T11:24:04","date_gmt":"2022-01-15T10:24:04","guid":{"rendered":"http:\/\/parafia.scinawa.info\/?p=1928"},"modified":"2022-01-15T11:25:54","modified_gmt":"2022-01-15T10:25:54","slug":"ogloszenia-duszpasterskie-2-niedziela-zwykla-16-01-2022","status":"publish","type":"post","link":"http:\/\/parafia.scinawa.info\/index.php\/2022\/01\/15\/ogloszenia-duszpasterskie-2-niedziela-zwykla-16-01-2022\/","title":{"rendered":"Og\u0142oszenia duszpasterskie    2 Niedziela zwyk\u0142a \u2013 16. 01. 2022"},"content":{"rendered":"\n<p><strong>1<\/strong><strong>.<\/strong> Dzi\u015b prze\u017cywamy\n<strong><em>2 Niedziel\u0119 zwyk\u0142\u0105. <\/em><\/strong><strong><em>&nbsp;<\/em><\/strong>Msze \u015bw. wed\u0142ug\nporz\u0105dku niedzielnego. <\/p>\n\n\n\n<p><strong>2<\/strong><strong>.<\/strong>\nMsze \u015bw. w tygodniu&nbsp; o <strong>7<sup>00<\/sup><\/strong>\ni <strong>18<sup>00<\/sup><\/strong>. &nbsp;<\/p>\n\n\n\n<p><strong>3<\/strong><strong>. <\/strong>Codziennie\nspowied\u017a i adoracja Naj\u015bwi\u0119tszego Sakramentu o godz. <strong>17<sup>00<\/sup>.<\/strong><\/p>\n\n\n\n<p><strong>4. <\/strong><strong>W tym tygodniu nabo\u017ce\u0144stwa:\n<\/strong><\/p>\n\n\n\n<p><strong>&#8211;<\/strong> <strong>w niedziel\u0119<\/strong>\n&nbsp;&nbsp;&nbsp;&nbsp;&nbsp;&nbsp;&nbsp;&nbsp;&nbsp; &#8211;&nbsp; nabo\u017ce\u0144stwodo<strong><em> \u015bw. Jana\nPaw\u0142a II<\/em><\/strong><em> o godz<strong>. <\/strong><\/em><strong>17<sup>30<\/sup><\/strong><strong><\/strong><\/p>\n\n\n\n<p><strong>&#8211; w poniedzia\u0142ek\n&nbsp;&nbsp;&nbsp;&nbsp; &#8211;\n<\/strong>nabo\u017ce\u0144stwo<strong> <em>do Bo\u017cego\nMi\u0142osierdzia<\/em> <\/strong>o godz. <strong>17<sup>30<\/sup><\/strong><\/p>\n\n\n\n<p><strong>&#8211;<\/strong>\n<strong>w \u015brod\u0119<\/strong> &nbsp;&nbsp;&nbsp;&nbsp;&nbsp; &nbsp;&nbsp;&nbsp;&nbsp;&nbsp;&nbsp;&nbsp;&nbsp;&nbsp;&nbsp;&nbsp; <strong>&#8211;\n<\/strong>Nowenna do <strong><em>NMP Nieustaj\u0105cej Pomocy<\/em><\/strong> o godz. <strong>17<sup>30<\/sup><\/strong><\/p>\n\n\n\n<p>&#8211;&nbsp; nabo\u017ce\u0144stwo\ndo <strong>\u015bw. J\u00f3zefa<\/strong> <em>o godz<strong>. <\/strong><\/em><strong>17<sup>30<\/sup><\/strong><\/p>\n\n\n\n<p><strong>&#8211;<\/strong> <strong>w sobot\u0119<\/strong>\n&nbsp;&nbsp; &nbsp;&nbsp;&nbsp;&nbsp;&nbsp;&nbsp;&nbsp;&nbsp;&nbsp; &#8211;\nnabo\u017ce\u0144stwo do <strong>\u015bw. Rity<\/strong> o godz.<strong>17<sup>30<\/sup><\/strong><strong><\/strong><\/p>\n\n\n\n<p>&#8211; <strong>w niedziel\u0119 <\/strong>&nbsp;&nbsp;&nbsp;&nbsp;&nbsp;&nbsp;&nbsp;&nbsp;&nbsp; &#8211;&nbsp;\nnabo\u017ce\u0144stwo do <strong>\u015bw. Ojca Pio <\/strong><em>o godz<strong>. <\/strong><\/em><strong>17<sup>30<\/sup><\/strong><strong><\/strong><\/p>\n\n\n\n<p><strong>5.<\/strong><strong> <\/strong>W\ntym tygodniu obchodzimy:<\/p>\n\n\n\n<p>&#8211;\n<strong>w \u015brod\u0119 <\/strong>\u2013 wspomnienie \u015bw. J\u00f3zefa\nSebastiana Pelczara, biskupa<\/p>\n\n\n\n<p>&#8211;\n<strong>w pi\u0105tek<\/strong> \u2013 wspomnienie \u015bw.\nAgnieszki, dziewicy i m\u0119czennicy <\/p>\n\n\n\n<p><strong>6<\/strong><strong>. <\/strong>W przysz\u0142\u0105 niedziel\u0119 b\u0119dziemy prze\u017cywa\u0107 <strong><em>3<\/em><\/strong><em> <strong>Niedziel\u0119 zwyk\u0142\u0105<\/strong><\/em><strong><em>.<\/em><\/strong>\nMsze \u015bw. wed\u0142ug porz\u0105dku niedzielnego.\n<\/p>\n\n\n\n<p><strong>7<\/strong><strong>.<\/strong>\nKancelaria czynna codziennie po Mszy \u015bw. wieczornej z wyj\u0105tkiem niedziel, uroczysto\u015bci\ni \u015bwi\u0105t.<\/p>\n\n\n\n<p><strong>8<\/strong><strong>.<\/strong>\nDo nabycia jest prasa katolicka: Niedziela, Go\u015b\u0107 Niedzielny i R\u00f3\u017caniec. <\/p>\n\n\n\n<p><strong>9<\/strong><strong>.<\/strong>\nDzi\u0119kuj\u0119 wszystkim, kt\u00f3rzy w tym tygodniu sprz\u0105tali \u015bwi\u0105tyni\u0119 i przygotowali j\u0105\nna nasze spotkanie eucharystyczne.<\/p>\n\n\n\n<p><strong>10<\/strong><strong>.<\/strong>\nSerdeczne B\u00f3g zap\u0142a\u0107 za ofiary sk\u0142adane na remonty w naszej parafii. <\/p>\n\n\n\n<p><strong>11<\/strong>\nIntencje mszalne, obrazki \u2013 pami\u0105tki odprawionej Mszy \u015bw.<\/p>\n\n\n\n<p><strong>12<\/strong><strong>.<\/strong>\n<strong>Drodzy Parafianie!<\/strong>&nbsp; Zapraszamy zatem wszystkie rodziny do\n\u201eParafialnego Betlejem\u201d na wsp\u00f3lne spotkanie duszpasterskie. Od godziny <strong>17<sup>00<\/sup><\/strong>\nb\u0119dzie mo\u017cliwo\u015b\u0107 adoracji Naj\u015bwi\u0119tszego Sakramentu ( oko\u0142o <strong>17<sup>40 <\/sup><\/strong>\u2013\nmodlitwy za rodziny naszej parafii). Natomiast o godz. <strong>18<sup>00<\/sup><\/strong>&nbsp; b\u0119d\u0105 \u201eMsze \u015bw. kol\u0119dowe\u201d za rodziny z\nposzczeg\u00f3lnych ulic i miejscowo\u015bci naszej parafii wed\u0142ug\nplanu wy\u0142o\u017conego na kartkach u wyj\u015bcia z ko\u015bcio\u0142a&nbsp; lub dost\u0119pnego na stronie internetowej parafii\n<a href=\"http:\/\/www.parafiascinawa.pl\/komunikaty\">www.parafiascinawa.pl\/komunikaty<\/a>.\nW czasie Mszy \u015bw.&nbsp; zostanie po\u015bwi\u0119cona\nwoda. Po b\u0142ogos\u0142awie\u0144stwie w gronie rodzinnym odprawiamy \u201eKol\u0119dow\u0105 liturgi\u0119\nrodzinn\u0105\u201d i \u015bwi\u0119cimy swoje mieszkanie. B\u0119dzie mo\u017cna z\u0142o\u017cy\u0107 na tac\u0119&nbsp; jak to czynili\u015bmy ka\u017cdego roku ofiar\u0119\nkol\u0119dow\u0105 przeznaczon\u0105 na potrzeby naszej parafii, ubezpieczenie ko\u015bcio\u0142\u00f3w,\nutrzymanie instytucji Diecezji Legnickiej takich jak: Wy\u017csze Seminarium\nDuchowne czy Dom Ksi\u0119\u017cy Emeryt\u00f3w czy ofiar\u0119 na remonty. <strong><em>W odpowiedzi na &nbsp;telefony i\npytania parafian odno\u015bnie z\u0142o\u017cenia ofiary na kol\u0119d\u0119 i remonty podajemy nr konta\nnaszej parafii, kt\u00f3ry tak\u017ce znajduje si\u0119 na naszej stronie internetowej i w\nnaszym kalendarzu parafialnym na 2022 rok<\/em><\/strong><\/p>\n\n\n\n<p style=\"font-size:23px\">nr rachunku bankowego: <strong>BS Wschowa O\/ \u015acinawa<\/strong><\/p>\n\n\n\n<p style=\"font-size:30px\"> <strong>59 8669 0001 0351 7211 2000 0001<\/strong><\/p>\n\n\n\n<p><em>\u017byczymy mi\u0142ego tygodnia i obfitych \u0142ask Bo\u017cych.<\/em><\/p>\n","protected":false},"excerpt":{"rendered":"<p>1. Dzi\u015b prze\u017cywamy 2 Niedziel\u0119 zwyk\u0142\u0105. &nbsp;Msze \u015bw. wed\u0142ug porz\u0105dku niedzielnego. 2. Msze \u015bw. w tygodniu&nbsp; o 700 i 1800. &nbsp; 3. Codziennie spowied\u017a i adoracja Naj\u015bwi\u0119tszego Sakramentu o godz. 1700. 4. W tym tygodniu nabo\u017ce\u0144stwa: &#8211; w niedziel\u0119 &nbsp;&nbsp;&nbsp;&nbsp;&nbsp;&nbsp;&nbsp;&nbsp;&nbsp; &#8211;&nbsp; nabo\u017ce\u0144stwodo \u015bw. Jana Paw\u0142a II o godz. 1730 &#8211;&#8230; <a class=\"continue-reading-link\" href=\"http:\/\/parafia.scinawa.info\/index.php\/2022\/01\/15\/ogloszenia-duszpasterskie-2-niedziela-zwykla-16-01-2022\/\">Czytaj dalej <span class=\"meta-nav\">&rarr; <\/span><\/a><\/p>\n","protected":false},"author":2,"featured_media":0,"comment_status":"closed","ping_status":"closed","sticky":false,"template":"","format":"standard","meta":{"footnotes":""},"categories":[40],"tags":[],"class_list":["post-1928","post","type-post","status-publish","format-standard","hentry","category-ogloszenia-duszpasterskie"],"_links":{"self":[{"href":"http:\/\/parafia.scinawa.info\/index.php\/wp-json\/wp\/v2\/posts\/1928","targetHints":{"allow":["GET"]}}],"collection":[{"href":"http:\/\/parafia.scinawa.info\/index.php\/wp-json\/wp\/v2\/posts"}],"about":[{"href":"http:\/\/parafia.scinawa.info\/index.php\/wp-json\/wp\/v2\/types\/post"}],"author":[{"embeddable":true,"href":"http:\/\/parafia.scinawa.info\/index.php\/wp-json\/wp\/v2\/users\/2"}],"replies":[{"embeddable":true,"href":"http:\/\/parafia.scinawa.info\/index.php\/wp-json\/wp\/v2\/comments?post=1928"}],"version-history":[{"count":3,"href":"http:\/\/parafia.scinawa.info\/index.php\/wp-json\/wp\/v2\/posts\/1928\/revisions"}],"predecessor-version":[{"id":1931,"href":"http:\/\/parafia.scinawa.info\/index.php\/wp-json\/wp\/v2\/posts\/1928\/revisions\/1931"}],"wp:attachment":[{"href":"http:\/\/parafia.scinawa.info\/index.php\/wp-json\/wp\/v2\/media?parent=1928"}],"wp:term":[{"taxonomy":"category","embeddable":true,"href":"http:\/\/parafia.scinawa.info\/index.php\/wp-json\/wp\/v2\/categories?post=1928"},{"taxonomy":"post_tag","embeddable":true,"href":"http:\/\/parafia.scinawa.info\/index.php\/wp-json\/wp\/v2\/tags?post=1928"}],"curies":[{"name":"wp","href":"https:\/\/api.w.org\/{rel}","templated":true}]}}