{"id":1936,"date":"2022-01-21T20:41:38","date_gmt":"2022-01-21T19:41:38","guid":{"rendered":"http:\/\/parafia.scinawa.info\/?p=1936"},"modified":"2022-01-21T20:41:38","modified_gmt":"2022-01-21T19:41:38","slug":"ogloszenia-duszpasterskie-3-niedziela-zwykla-23-01-2022","status":"publish","type":"post","link":"http:\/\/parafia.scinawa.info\/index.php\/2022\/01\/21\/ogloszenia-duszpasterskie-3-niedziela-zwykla-23-01-2022\/","title":{"rendered":"Og\u0142oszenia duszpasterskie    3 Niedziela zwyk\u0142a \u2013 23. 01. 2022"},"content":{"rendered":"\n<p><strong>1<\/strong><strong>.<\/strong> Dzi\u015b prze\u017cywamy\n<strong><em>3 Niedziel\u0119 zwyk\u0142\u0105. <\/em><\/strong><strong><em>&nbsp;<\/em><\/strong>Msze \u015bw. wed\u0142ug\nporz\u0105dku niedzielnego. <\/p>\n\n\n\n<p><strong>2<\/strong><strong>.<\/strong>\nMsze \u015bw. w tygodniu&nbsp; o <strong>7<sup>00<\/sup><\/strong>\ni <strong>18<sup>00<\/sup><\/strong>. &nbsp;<\/p>\n\n\n\n<p><strong>3<\/strong><strong>. <\/strong>Codziennie\nspowied\u017a i adoracja Naj\u015bwi\u0119tszego Sakramentu o godz. <strong>17<sup>00<\/sup>.<\/strong><\/p>\n\n\n\n<p><strong>4. <\/strong><strong>W tym tygodniu nabo\u017ce\u0144stwa:\n<\/strong><\/p>\n\n\n\n<p><strong>&#8211;<\/strong> <strong>w niedziel\u0119<\/strong>\n&nbsp;&nbsp;&nbsp;&nbsp;&nbsp;&nbsp;&nbsp;&nbsp;&nbsp; &#8211;&nbsp; nabo\u017ce\u0144stwodo<strong>\u015bw.\nOjca Pio <\/strong><em>o godz<strong>. <\/strong><\/em><strong>17<sup>30<\/sup><\/strong><strong><\/strong><\/p>\n\n\n\n<p><strong>&#8211; w poniedzia\u0142ek\n&nbsp;&nbsp;&nbsp;&nbsp; &#8211;\n<\/strong>nabo\u017ce\u0144stwo<strong> <em>do Bo\u017cego\nMi\u0142osierdzia<\/em> <\/strong>o godz. <strong>17<sup>30<\/sup><\/strong><\/p>\n\n\n\n<p><strong>&#8211;<\/strong>\n<strong>w \u015brod\u0119<\/strong> &nbsp;&nbsp;&nbsp;&nbsp;&nbsp; &nbsp;&nbsp;&nbsp;&nbsp;&nbsp;&nbsp;&nbsp;&nbsp;&nbsp;&nbsp;&nbsp; <strong>&#8211;\n<\/strong>Nowenna do <strong><em>NMP Nieustaj\u0105cej Pomocy<\/em><\/strong> o godz. <strong>17<sup>30<\/sup><\/strong><\/p>\n\n\n\n<p><strong>&#8211;<\/strong> <strong>w pi\u0105tek<\/strong>\n&nbsp;&nbsp;&nbsp; &nbsp;&nbsp;&nbsp;&nbsp;&nbsp;&nbsp;&nbsp;&nbsp;&nbsp; &#8211;\nnabo\u017ce\u0144stwo do <strong>\u015bw. Szarbela<\/strong> o godz.<strong>17<sup>30<\/sup><\/strong><strong><\/strong><\/p>\n\n\n\n<p>&#8211; <strong>w sobot\u0119 <\/strong>&nbsp;&nbsp; &nbsp;&nbsp;&nbsp;&nbsp;&nbsp;&nbsp;&nbsp;&nbsp;&nbsp; &#8211;&nbsp; nabo\u017ce\u0144stwo do <strong>\u015bw. Micha\u0142a Archanio\u0142a <\/strong><em>o godz<strong>. <\/strong><\/em><strong>17<sup>30<\/sup><\/strong><strong><\/strong><\/p>\n\n\n\n<p><strong>5.<\/strong><strong> <\/strong>W\ntym tygodniu obchodzimy:<\/p>\n\n\n\n<p><strong>&#8211; w poniedzia\u0142ek <\/strong>\u2013 wspomnienie \u015bw. Franciszka Salezego, biskupa i\ndoktora Ko\u015bcio\u0142a<\/p>\n\n\n\n<p><strong>&#8211; we wtorek <\/strong>\u2013 \u015bwi\u0119to Nawr\u00f3cenia \u015bw. Paw\u0142a Aposto\u0142a<\/p>\n\n\n\n<p>&#8211;\n<strong>w \u015brod\u0119 <\/strong>\u2013 wspomnienie \u015bw. biskup\u00f3w\nTymoteusza i Tytusa<\/p>\n\n\n\n<p>&#8211;\n<strong>w pi\u0105tek<\/strong> \u2013 wspomnienie \u015bw. Tomasza\nz Akwinu, prezbitera i doktora Ko\u015bcio\u0142a\n<\/p>\n\n\n\n<p><strong>6<\/strong><strong>. <\/strong>W przysz\u0142\u0105 niedziel\u0119 b\u0119dziemy prze\u017cywa\u0107 <strong><em>4<\/em><\/strong><em> <strong>Niedziel\u0119 zwyk\u0142\u0105<\/strong><\/em><strong><em>.<\/em><\/strong>\nMsze \u015bw. wed\u0142ug porz\u0105dku niedzielnego.\n<\/p>\n\n\n\n<p><strong>7<\/strong><strong>.<\/strong>\nKancelaria czynna codziennie po Mszy \u015bw. wieczornej z wyj\u0105tkiem niedziel, uroczysto\u015bci\ni \u015bwi\u0105t.<\/p>\n\n\n\n<p><strong>8<\/strong><strong>.<\/strong>\nDo nabycia jest prasa katolicka: Niedziela, Go\u015b\u0107 Niedzielny i R\u00f3\u017caniec. <\/p>\n\n\n\n<p><strong>9<\/strong><strong>.<\/strong>\nDzi\u0119kuj\u0119 wszystkim, kt\u00f3rzy w tym tygodniu sprz\u0105tali \u015bwi\u0105tyni\u0119 i przygotowali j\u0105\nna nasze spotkanie eucharystyczne.<\/p>\n\n\n\n<p><strong>10<\/strong><strong>.<\/strong>\nSerdeczne B\u00f3g zap\u0142a\u0107 za ofiary sk\u0142adane na remonty w naszej parafii. <\/p>\n\n\n\n<p><strong>11<\/strong>\nIntencje mszalne, obrazki \u2013 pami\u0105tki odprawionej Mszy \u015bw.<\/p>\n\n\n\n<p><strong>12<\/strong><strong>.<\/strong>\nW zakrystii mo\u017cna nabywa\u0107 \u015bwiece \u2013 gromnice du\u017ce w cenie 10.00 z\u0142,&nbsp; mniejsze \u2013 6,50 z\u0142 oraz os\u0142ony na \u015bwiece ma\u0142e\npo 1.00 z\u0142 i du\u017ce po 2,50 z\u0142<\/p>\n\n\n\n<p><strong>13<\/strong><strong>.<\/strong>\n<strong>Drodzy Parafianie!<\/strong>&nbsp; W minionym tygodniu zako\u0144czyli\u015bmy \u201eMsze \u015bw.\nkol\u0119dowe\u201d za rodziny z poszczeg\u00f3lnych ulic i miejscowo\u015bci naszej parafii.\nB\u00f3g\nzap\u0142a\u0107 za z\u0142o\u017cone na tac\u0119&nbsp; ofiary kol\u0119dowe\nprzeznaczone jak co roku na potrzeby naszej parafii ( ogrzewanie budynku si\u00f3str\ni salek parafialnych), ubezpieczenie ko\u015bcio\u0142\u00f3w, utrzymanie instytucji Diecezji\nLegnickiej takich jak: Wy\u017csze Seminarium Duchowne czy Dom Ksi\u0119\u017cy Emeryt\u00f3w czy ofiar\u0119\nna remonty. <strong><em>W odpowiedzi na &nbsp;telefony i pytania parafian odno\u015bnie z\u0142o\u017cenia\nofiary na kol\u0119d\u0119 i remonty podajemy nr konta naszej parafii, kt\u00f3ry tak\u017ce\nznajduje si\u0119 na naszej stronie internetowej i w naszym kalendarzu parafialnym\nna 2022 rok<\/em><\/strong><\/p>\n\n\n\n<p>nr rachunku bankowego: <strong>BS Wschowa O\/ \u015acinawa<\/strong> <strong>59 8669 0001 0351 7211 2000 0001<\/strong><\/p>\n\n\n\n<p><em>\u017byczymy mi\u0142ego\ntygodnia i obfitych \u0142ask Bo\u017cych.<\/em><\/p>\n","protected":false},"excerpt":{"rendered":"<p>1. Dzi\u015b prze\u017cywamy 3 Niedziel\u0119 zwyk\u0142\u0105. &nbsp;Msze \u015bw. wed\u0142ug porz\u0105dku niedzielnego. 2. Msze \u015bw. w tygodniu&nbsp; o 700 i 1800. &nbsp; 3. Codziennie spowied\u017a i adoracja Naj\u015bwi\u0119tszego Sakramentu o godz. 1700. 4. W tym tygodniu nabo\u017ce\u0144stwa: &#8211; w niedziel\u0119 &nbsp;&nbsp;&nbsp;&nbsp;&nbsp;&nbsp;&nbsp;&nbsp;&nbsp; &#8211;&nbsp; nabo\u017ce\u0144stwodo\u015bw. Ojca Pio o godz. 1730 &#8211; w poniedzia\u0142ek&#8230; <a class=\"continue-reading-link\" href=\"http:\/\/parafia.scinawa.info\/index.php\/2022\/01\/21\/ogloszenia-duszpasterskie-3-niedziela-zwykla-23-01-2022\/\">Czytaj dalej <span class=\"meta-nav\">&rarr; <\/span><\/a><\/p>\n","protected":false},"author":2,"featured_media":0,"comment_status":"closed","ping_status":"closed","sticky":false,"template":"","format":"standard","meta":{"footnotes":""},"categories":[40],"tags":[],"class_list":["post-1936","post","type-post","status-publish","format-standard","hentry","category-ogloszenia-duszpasterskie"],"_links":{"self":[{"href":"http:\/\/parafia.scinawa.info\/index.php\/wp-json\/wp\/v2\/posts\/1936","targetHints":{"allow":["GET"]}}],"collection":[{"href":"http:\/\/parafia.scinawa.info\/index.php\/wp-json\/wp\/v2\/posts"}],"about":[{"href":"http:\/\/parafia.scinawa.info\/index.php\/wp-json\/wp\/v2\/types\/post"}],"author":[{"embeddable":true,"href":"http:\/\/parafia.scinawa.info\/index.php\/wp-json\/wp\/v2\/users\/2"}],"replies":[{"embeddable":true,"href":"http:\/\/parafia.scinawa.info\/index.php\/wp-json\/wp\/v2\/comments?post=1936"}],"version-history":[{"count":1,"href":"http:\/\/parafia.scinawa.info\/index.php\/wp-json\/wp\/v2\/posts\/1936\/revisions"}],"predecessor-version":[{"id":1937,"href":"http:\/\/parafia.scinawa.info\/index.php\/wp-json\/wp\/v2\/posts\/1936\/revisions\/1937"}],"wp:attachment":[{"href":"http:\/\/parafia.scinawa.info\/index.php\/wp-json\/wp\/v2\/media?parent=1936"}],"wp:term":[{"taxonomy":"category","embeddable":true,"href":"http:\/\/parafia.scinawa.info\/index.php\/wp-json\/wp\/v2\/categories?post=1936"},{"taxonomy":"post_tag","embeddable":true,"href":"http:\/\/parafia.scinawa.info\/index.php\/wp-json\/wp\/v2\/tags?post=1936"}],"curies":[{"name":"wp","href":"https:\/\/api.w.org\/{rel}","templated":true}]}}