{"id":1948,"date":"2022-02-13T07:29:16","date_gmt":"2022-02-13T06:29:16","guid":{"rendered":"http:\/\/parafia.scinawa.info\/?p=1948"},"modified":"2022-02-13T07:29:16","modified_gmt":"2022-02-13T06:29:16","slug":"intencje-mszalne-13-02-20-02-2022","status":"publish","type":"post","link":"http:\/\/parafia.scinawa.info\/index.php\/2022\/02\/13\/intencje-mszalne-13-02-20-02-2022\/","title":{"rendered":"INTENCJE MSZALNE 13.02 \u2013 20.02. 2022"},"content":{"rendered":"\n<p><strong><em>Sk\u0142adaj\u0105c\nOfiar\u0119, kt\u00f3ra nam przypomina niezmierzon\u0105 mi\u0142o\u015b\u0107 Twojego Syna, pokornie prosimy\nCi\u0119, Bo\u017ce, przyjmij intencje Twoich wiernych i spraw przez dzia\u0142anie\nEucharystii, aby w naszych rodzinach wzrasta\u0142a prawdziwa wiara, \u015bwi\u0119to\u015b\u0107 \u017cycia,\nbraterska mi\u0142o\u015b\u0107 i duch modlitwy. <\/em><\/strong><strong>Niech\nMatka Naj\u015bwi\u0119tsza wyprosi \u0142aski, o kt\u00f3re modlili\u015bmy si\u0119 w tej Mszy \u015bw. dla \u2026\nZa\u015b zmar\u0142ym \u2026 za kt\u00f3rych odprawiali\u015bmy Msz\u0119 \u015bw.: wieczny odpoczynek racz im\nda\u0107 Panie (\u2026); niech odpoczywaj\u0105 w pokoju wiecznym. Amen<\/strong><\/p>\n\n\n\n<p><strong>13.02<em>. &#8211; NIEDZIELA&nbsp; <\/em><\/strong><em><\/em><\/p>\n\n\n\n<p><strong>&nbsp; 8.oo \u2013 1) <\/strong>+ m\u0119\u017ca W\u0142adys\u0142awa Radomskiego \u2013 modli si\u0119 \u017cona z dzie\u0107mi\n<\/p>\n\n\n\n<p><strong>&nbsp;&nbsp;&nbsp;&nbsp;&nbsp;&nbsp;&nbsp;&nbsp;&nbsp;&nbsp;&nbsp; &nbsp;\n2)<\/strong> ++ rodzic\u00f3w: Mari\u0119 w 6 rocz. \u015bm. i Piotra w 38 rocz.\n\u015bm. z rodziny Poliwk\u00f3w, <\/p>\n\n\n\n<p>&nbsp;&nbsp;&nbsp;&nbsp;&nbsp;&nbsp;&nbsp;&nbsp;&nbsp;&nbsp;&nbsp;&nbsp;&nbsp;&nbsp;&nbsp;&nbsp;&nbsp; Katarzyn\u0119 Sobol w 14 rocz.\n\u015bm. oraz ++ z rodziny Poliwk\u00f3w i Sobol\u00f3w<\/p>\n\n\n\n<p><strong>&nbsp; 9.3o \u2013 <\/strong>+ Karolin\u0119 \u0141oz\u0119 w 2 rocz. \u015bm oraz ++ z rodziny \u0141oz\u00f3w, Cie\u015bli\u0144skich,\nWojciechowskich<\/p>\n\n\n\n<p>&nbsp;&nbsp;&nbsp;&nbsp;&nbsp;&nbsp;&nbsp;&nbsp; &nbsp;&nbsp;&nbsp;&nbsp;&nbsp;&nbsp;&nbsp;i\nWr\u00f3blewskich \u2013 modli si\u0119 rodzina &nbsp;<\/p>\n\n\n\n<p><strong>11.oo\n\u2013 1) <\/strong>w intencji cz\u0142onk\u00f3w Ko\u0142a\nSybirak\u00f3w i ich rodzin dzi\u0119kczynna z pro\u015bb\u0105 o zdrowie, dary <\/p>\n\n\n\n<p>&nbsp;&nbsp;&nbsp;&nbsp;&nbsp;&nbsp;&nbsp;&nbsp;&nbsp;&nbsp;&nbsp;&nbsp;&nbsp;&nbsp;&nbsp;&nbsp;&nbsp; Ducha \u015awi\u0119tego,\nBo\u017ce b\u0142ogos\u0142awie\u0144stwo i opiek\u0119 NMP oraz ++ Sybirak\u00f3w i z ich rodzin<\/p>\n\n\n\n<p>&nbsp;&nbsp;&nbsp;&nbsp;&nbsp;&nbsp;&nbsp;&nbsp;&nbsp;&nbsp;&nbsp;&nbsp; &nbsp;&nbsp;&nbsp;&nbsp;&nbsp;&#8211; modli si\u0119 Ko\u0142o Sybirak\u00f3w w \u015acinawie<\/p>\n\n\n\n<p><strong>&nbsp;&nbsp;&nbsp;&nbsp;&nbsp;&nbsp;&nbsp;&nbsp;&nbsp;&nbsp;&nbsp; &nbsp;\n2) <\/strong>+ Filomen\u0119 Trubick\u0105 w 5\nrocz. \u015bm. oraz ++ z rodziny Trubickich, Koz\u0142owskich, Kulczyckich, <\/p>\n\n\n\n<p>&nbsp;&nbsp;&nbsp;&nbsp;&nbsp;&nbsp;&nbsp;&nbsp;&nbsp;&nbsp;&nbsp;&nbsp;&nbsp;&nbsp;&nbsp;&nbsp;&nbsp; Serafin\u00f3w oraz\nEl\u017cbiet\u0119 Demczak <\/p>\n\n\n\n<p><strong>12.3o\n\u2013 1) <\/strong>w 20 rocz. urodzin\nMateusza Pytlarza dzi\u0119kczynna z pro\u015bb\u0105 o zdrowie, dary Ducha \u015awi\u0119tego, <\/p>\n\n\n\n<p>&nbsp;&nbsp;&nbsp;&nbsp;&nbsp;&nbsp;&nbsp;&nbsp;&nbsp;&nbsp;&nbsp;&nbsp;&nbsp;&nbsp;&nbsp;&nbsp; Bo\u017ce\nb\u0142ogos\u0142awie\u0144stwo i opiek\u0119 NMP \u2013 modli si\u0119 rodzina<\/p>\n\n\n\n<p><strong>&nbsp;&nbsp;&nbsp;&nbsp;&nbsp;&nbsp;&nbsp;&nbsp;&nbsp;&nbsp;&nbsp; &nbsp;\n2)<\/strong> zaj. P. Budzan<\/p>\n\n\n\n<p>&nbsp;&nbsp;&nbsp;&nbsp;&nbsp;&nbsp;&nbsp;&nbsp;&nbsp;&nbsp;&nbsp; &nbsp; <strong>3)<\/strong> + Halin\u0119\nPrzew\u0142ock\u0105 w 1 rocz. \u015bm. \u2013 modl\u0105 si\u0119 c\u00f3rki, wnuki i prawnuki z rodzinami<\/p>\n\n\n\n<p><strong>18.oo\n\u2013 &nbsp;<\/strong>+ Krystyn\u0119\nBentkowsk\u0105 \u2013 gregorianka 15<strong>&nbsp; &nbsp;<\/strong><\/p>\n\n\n\n<p><strong>14.02<em>. \u2013 PONIEDZIA\u0141EK<\/em><\/strong><\/p>\n\n\n\n<p><strong>&nbsp; 7.oo \u2013 <\/strong>z racji urodzin Rafa\u0142a, Dariusza, Ma\u0142gorzaty, Anety i Adama dzi\u0119kczynna\nza otrzymane \u0142aski <\/p>\n\n\n\n<p>&nbsp;&nbsp;&nbsp;&nbsp;&nbsp;&nbsp;&nbsp; z pro\u015bb\u0105 o zdrowie, dary Ducha\n\u015awi\u0119tego, Bo\u017ce b\u0142ogos\u0142awie\u0144stwo i opiek\u0119 NMP \u2013 modl\u0105 si\u0119 rodzice\n<\/p>\n\n\n\n<p><strong>18.oo\n\u2013 1) <\/strong>+ Krystyn\u0119 Bentkowsk\u0105 \u2013 gregorianka 16 <\/p>\n\n\n\n<p><strong>&nbsp;&nbsp;&nbsp;&nbsp;&nbsp;&nbsp;&nbsp;&nbsp;&nbsp;&nbsp;&nbsp; &nbsp;\n2)<\/strong> + Jana Barabacha\n&#8211; 30 dzie\u0144 od pogrzebu &#8211; intencja od uczestnik\u00f3w Mszy pogrzebowej<\/p>\n\n\n\n<p><strong>15.02<em>. &#8211; WTOREK<\/em><\/strong><em><\/em><\/p>\n\n\n\n<p><strong>&nbsp; 7.oo \u2013<\/strong> ++ z rodziny Iwanickich: Katarzyn\u0119, Tomasza, W\u0142adys\u0142awa i Bronis\u0142aw\u0119 \u2013\nmodli si\u0119 rodzina<\/p>\n\n\n\n<p><strong>18.oo\n\u2013 1) <\/strong>&nbsp;+ Krystyn\u0119\nBentkowsk\u0105 \u2013 gregorianka 17<\/p>\n\n\n\n<p><strong>&nbsp;&nbsp;&nbsp;&nbsp;&nbsp;&nbsp;&nbsp;&nbsp;&nbsp;&nbsp;&nbsp; &nbsp;\n2)<\/strong> <\/p>\n\n\n\n<p><strong>16.02<em>. \u2013 \u015aRODA <\/em><\/strong><\/p>\n\n\n\n<p><strong>&nbsp; 7.oo \u2013 <\/strong>+ Krystyn\u0119\nBentkowsk\u0105 \u2013 gregorianka 18<\/p>\n\n\n\n<p><strong>18.oo\n\u2013&nbsp; intencja zbiorowa nowennowa:<\/strong><\/p>\n\n\n\n<p><strong>&nbsp;1)<\/strong> ++ Klementyn\u0119 w 44\nrocz. \u015bm. i Adama Mazur\u00f3w, ++ dziadk\u00f3w z obu stron, doktor Zin\u0119 i dusze <\/p>\n\n\n\n<p>&nbsp;&nbsp;&nbsp;&nbsp; w czy\u015b\u0107cu cierpi\u0105ce<\/p>\n\n\n\n<p><strong>&nbsp;2)<\/strong> <\/p>\n\n\n\n<p><strong>&nbsp;3)<\/strong><\/p>\n\n\n\n<p><strong>17.02<em>. \u2013 CZWARTEK <\/em><\/strong><em>&nbsp;<\/em><\/p>\n\n\n\n<p><strong>&nbsp; 7.oo \u2013<\/strong> &nbsp;<\/p>\n\n\n\n<p><strong>18.oo\n\u2013 1) <\/strong>+ Krystyn\u0119 Bentkowsk\u0105 \u2013 gregorianka 19 <\/p>\n\n\n\n<p><strong>&nbsp;&nbsp;&nbsp;&nbsp;&nbsp;&nbsp;&nbsp;&nbsp;&nbsp;&nbsp;&nbsp; &nbsp;\n2)<\/strong> + Mariana W\u0142odarskiego \u2013 modli\nsi\u0119 Bogus\u0142awa <\/p>\n\n\n\n<p><strong>18.02<em>. \u2013 PI\u0104TEK<\/em><\/strong><\/p>\n\n\n\n<p><strong>&nbsp; &nbsp;&nbsp;7.oo\n\u2013<\/strong>\n&nbsp;<\/p>\n\n\n\n<p><strong>18.oo\n\u2013 1) <\/strong>+ Krystyn\u0119 Bentkowsk\u0105 \u2013 gregorianka 20 <\/p>\n\n\n\n<p><strong>&nbsp;&nbsp;&nbsp;&nbsp;&nbsp;&nbsp;&nbsp;&nbsp;&nbsp;&nbsp;&nbsp; &nbsp;\n2)<\/strong> + m\u0119\u017ca J\u00f3zefa w 3 rocz. \u015bm. oraz ++ z rodziny Banasiak\u00f3w\n<\/p>\n\n\n\n<p><strong><em>19.02. \u2013 SOBOTA<\/em><\/strong><\/p>\n\n\n\n<p><strong>&nbsp; &nbsp;&nbsp;7.oo\n\u2013<\/strong>\n+ Krystyn\u0119 Bentkowsk\u0105 \u2013 gregorianka 21<\/p>\n\n\n\n<p><strong>18.oo\n\u2013 1) <\/strong>++ Iren\u0119 i Jana\n<\/p>\n\n\n\n<p><strong>&nbsp;&nbsp;&nbsp;&nbsp;&nbsp;&nbsp;&nbsp;&nbsp;&nbsp;&nbsp; &nbsp;2) <\/strong>+ Romana Podziemskiego &#8211; 30 dzie\u0144 od pogrzebu &#8211; intencja\nod uczestnik\u00f3w Mszy pogrzebowej &nbsp;<\/p>\n\n\n\n<p><strong><em>20.02. \u2013 NIEDZIELA&nbsp; <\/em><\/strong><\/p>\n\n\n\n<p><strong>&nbsp; 8.oo \u2013 1) <\/strong>++ Czes\u0142aw\u0119, Henryka, Jana i ich rodzic\u00f3w oraz ++ z rodziny Lipi\u0144skich \u2013\nmodli si\u0119 rodzina <\/p>\n\n\n\n<p><strong>&nbsp;&nbsp;&nbsp;&nbsp;&nbsp;&nbsp;&nbsp;&nbsp;&nbsp;&nbsp;&nbsp; &nbsp;\n2)<\/strong> <\/p>\n\n\n\n<p><strong>&nbsp; 9.3o \u2013 <\/strong>&nbsp;&nbsp;+ m\u0119\u017ca Jana\nMuszy\u0144skiego, Kazimier\u0119, Stanis\u0142awa, Praksed\u0119, Micha\u0142a Tomaszewskiego, <\/p>\n\n\n\n<p>&nbsp;&nbsp;&nbsp;&nbsp;&nbsp;&nbsp;&nbsp;&nbsp;&nbsp;&nbsp;&nbsp;&nbsp;&nbsp;&nbsp;&nbsp;\nEdward\u0119 i Micha\u0142a Ogonowskich oraz szwagra Stanis\u0142awa <\/p>\n\n\n\n<p><strong>11.oo\n\u2013 1) <\/strong>w intencji Gabrieli z\nokazji urodzin dzi\u0119kczynna z pro\u015bb\u0105 o zdrowie, dary Ducha \u015awi\u0119tego, <\/p>\n\n\n\n<p>&nbsp;&nbsp; &nbsp;&nbsp;&nbsp;&nbsp;&nbsp;&nbsp;&nbsp;&nbsp;&nbsp;&nbsp;&nbsp;&nbsp;&nbsp;&nbsp;Bo\u017ce b\u0142ogos\u0142awie\u0144stwo i opiek\u0119\nNMP<\/p>\n\n\n\n<p><strong>&nbsp;&nbsp;&nbsp;&nbsp;&nbsp;&nbsp;&nbsp;&nbsp;&nbsp;&nbsp;&nbsp; &nbsp;\n2) <\/strong>+ Ludwik\u0119 Szmigielsk\u0105 \u2013\nmodli si\u0119 rodzina <\/p>\n\n\n\n<p>&nbsp;&nbsp;&nbsp;&nbsp;&nbsp;&nbsp;&nbsp;&nbsp;&nbsp;&nbsp;&nbsp; &nbsp; <strong>3)<\/strong> dzi\u0119kczynna za otrzymane \u0142aski z pro\u015bb\u0105 o\nzdrowie, dary Ducha \u015awi\u0119tego, Bo\u017ce <\/p>\n\n\n\n<p>&nbsp;&nbsp;&nbsp;&nbsp;&nbsp;&nbsp;&nbsp;&nbsp;&nbsp;&nbsp;&nbsp;&nbsp;&nbsp;&nbsp;&nbsp;&nbsp;&nbsp; b\u0142ogos\u0142awie\u0144stwo\ni opiek\u0119 NMP dla ca\u0142ej rodziny Szelig\u00f3w<\/p>\n\n\n\n<p><strong>12.3o\n\u2013 1) <\/strong>w 27 rocz. urodzin Kamili dzi\u0119kczynna\nza otrzymane \u0142aski z pro\u015bb\u0105 o zdrowie, dary Ducha <\/p>\n\n\n\n<p>&nbsp;&nbsp;&nbsp;&nbsp;&nbsp;&nbsp;&nbsp;&nbsp;&nbsp;&nbsp;&nbsp;&nbsp;&nbsp;&nbsp;&nbsp;&nbsp; \u015awi\u0119tego, Bo\u017ce\nb\u0142ogos\u0142awie\u0144stwo i opiek\u0119 NMP na dalsze lata \u017cycia <\/p>\n\n\n\n<p><strong>&nbsp;&nbsp;&nbsp;&nbsp;&nbsp;&nbsp;&nbsp;&nbsp;&nbsp;&nbsp;&nbsp; &nbsp;\n2)<\/strong> zaj. P. Budzan<\/p>\n\n\n\n<p><strong>18.oo\n\u2013 <\/strong>+\nKrystyn\u0119 Bentkowsk\u0105 \u2013 gregorianka 22&nbsp;<\/p>\n","protected":false},"excerpt":{"rendered":"<p>Sk\u0142adaj\u0105c Ofiar\u0119, kt\u00f3ra nam przypomina niezmierzon\u0105 mi\u0142o\u015b\u0107 Twojego Syna, pokornie prosimy Ci\u0119, Bo\u017ce, przyjmij intencje Twoich wiernych i spraw przez dzia\u0142anie Eucharystii, aby w naszych rodzinach wzrasta\u0142a prawdziwa wiara, \u015bwi\u0119to\u015b\u0107 \u017cycia, braterska mi\u0142o\u015b\u0107 i duch modlitwy. Niech Matka Naj\u015bwi\u0119tsza wyprosi \u0142aski, o kt\u00f3re modlili\u015bmy si\u0119 w tej Mszy \u015bw. dla&#8230; <a class=\"continue-reading-link\" href=\"http:\/\/parafia.scinawa.info\/index.php\/2022\/02\/13\/intencje-mszalne-13-02-20-02-2022\/\">Czytaj dalej <span class=\"meta-nav\">&rarr; <\/span><\/a><\/p>\n","protected":false},"author":2,"featured_media":0,"comment_status":"closed","ping_status":"closed","sticky":false,"template":"","format":"standard","meta":{"footnotes":""},"categories":[39],"tags":[],"class_list":["post-1948","post","type-post","status-publish","format-standard","hentry","category-intencje"],"_links":{"self":[{"href":"http:\/\/parafia.scinawa.info\/index.php\/wp-json\/wp\/v2\/posts\/1948","targetHints":{"allow":["GET"]}}],"collection":[{"href":"http:\/\/parafia.scinawa.info\/index.php\/wp-json\/wp\/v2\/posts"}],"about":[{"href":"http:\/\/parafia.scinawa.info\/index.php\/wp-json\/wp\/v2\/types\/post"}],"author":[{"embeddable":true,"href":"http:\/\/parafia.scinawa.info\/index.php\/wp-json\/wp\/v2\/users\/2"}],"replies":[{"embeddable":true,"href":"http:\/\/parafia.scinawa.info\/index.php\/wp-json\/wp\/v2\/comments?post=1948"}],"version-history":[{"count":1,"href":"http:\/\/parafia.scinawa.info\/index.php\/wp-json\/wp\/v2\/posts\/1948\/revisions"}],"predecessor-version":[{"id":1949,"href":"http:\/\/parafia.scinawa.info\/index.php\/wp-json\/wp\/v2\/posts\/1948\/revisions\/1949"}],"wp:attachment":[{"href":"http:\/\/parafia.scinawa.info\/index.php\/wp-json\/wp\/v2\/media?parent=1948"}],"wp:term":[{"taxonomy":"category","embeddable":true,"href":"http:\/\/parafia.scinawa.info\/index.php\/wp-json\/wp\/v2\/categories?post=1948"},{"taxonomy":"post_tag","embeddable":true,"href":"http:\/\/parafia.scinawa.info\/index.php\/wp-json\/wp\/v2\/tags?post=1948"}],"curies":[{"name":"wp","href":"https:\/\/api.w.org\/{rel}","templated":true}]}}