{"id":1952,"date":"2022-02-19T11:28:08","date_gmt":"2022-02-19T10:28:08","guid":{"rendered":"http:\/\/parafia.scinawa.info\/?p=1952"},"modified":"2022-02-19T11:28:08","modified_gmt":"2022-02-19T10:28:08","slug":"intencje-mszalne-20-02-27-02-2022","status":"publish","type":"post","link":"http:\/\/parafia.scinawa.info\/index.php\/2022\/02\/19\/intencje-mszalne-20-02-27-02-2022\/","title":{"rendered":"INTENCJE MSZALNE 20.02 \u2013 27.02. 2022"},"content":{"rendered":"\n<p><strong><em>Sk\u0142adaj\u0105c\nOfiar\u0119, kt\u00f3ra nam przypomina niezmierzon\u0105 mi\u0142o\u015b\u0107 Twojego Syna, pokornie prosimy\nCi\u0119, Bo\u017ce, przyjmij intencje Twoich wiernych i spraw przez dzia\u0142anie\nEucharystii, aby w naszych rodzinach wzrasta\u0142a prawdziwa wiara, \u015bwi\u0119to\u015b\u0107 \u017cycia,\nbraterska mi\u0142o\u015b\u0107 i duch modlitwy. <\/em><\/strong><strong>Niech\nMatka Naj\u015bwi\u0119tsza wyprosi \u0142aski, o kt\u00f3re modlili\u015bmy si\u0119 w tej Mszy \u015bw. dla \u2026\nZa\u015b zmar\u0142ym \u2026 za kt\u00f3rych odprawiali\u015bmy Msz\u0119 \u015bw.: wieczny odpoczynek racz im\nda\u0107 Panie (\u2026); niech odpoczywaj\u0105 w pokoju wiecznym. Amen<\/strong><\/p>\n\n\n\n<p><strong>20.02<em>. &#8211; NIEDZIELA&nbsp; <\/em><\/strong><em><\/em><\/p>\n\n\n\n<p><strong>&nbsp; 8.oo \u2013 1) <\/strong>++ Czes\u0142aw\u0119, Henryka, Jana i ich rodzic\u00f3w oraz ++ z rodziny Lipi\u0144skich \u2013\nmodli si\u0119 rodzina <\/p>\n\n\n\n<p><strong>&nbsp;&nbsp;&nbsp;&nbsp;&nbsp;&nbsp;&nbsp;&nbsp;&nbsp;&nbsp;&nbsp; &nbsp;\n2)<\/strong> + Leszka Galczuka &nbsp;w 1 rocz. \u015bm. \u2013 modli si\u0119 siostra Teresa z\ndzie\u0107mi i wnukami<\/p>\n\n\n\n<p><strong>&nbsp; 9.3o \u2013 <\/strong>&nbsp;&nbsp;+ m\u0119\u017ca Jana\nMuszy\u0144skiego, Kazimier\u0119, Stanis\u0142awa, Praksed\u0119, Micha\u0142a Tomaszewskiego, <\/p>\n\n\n\n<p>&nbsp;&nbsp;&nbsp;&nbsp;&nbsp;&nbsp;&nbsp;&nbsp;&nbsp;&nbsp;&nbsp;&nbsp;&nbsp;&nbsp;&nbsp;\nEdward\u0119 i Micha\u0142a Ogonowskich oraz szwagra Stanis\u0142awa <\/p>\n\n\n\n<p><strong>11.oo\n\u2013 1) <\/strong>w intencji Gabrieli z\nokazji urodzin dzi\u0119kczynna z pro\u015bb\u0105 o zdrowie, dary Ducha \u015awi\u0119tego, <\/p>\n\n\n\n<p>&nbsp;&nbsp; &nbsp;&nbsp;&nbsp;&nbsp;&nbsp;&nbsp;&nbsp;&nbsp;&nbsp;&nbsp;&nbsp;&nbsp;&nbsp;&nbsp;Bo\u017ce b\u0142ogos\u0142awie\u0144stwo i opiek\u0119\nNMP<\/p>\n\n\n\n<p><strong>&nbsp;&nbsp;&nbsp;&nbsp;&nbsp;&nbsp;&nbsp;&nbsp;&nbsp;&nbsp;&nbsp; &nbsp;\n2) <\/strong>+ Ludwik\u0119 Szmigielsk\u0105 \u2013\nmodli si\u0119 rodzina <\/p>\n\n\n\n<p>&nbsp;&nbsp;&nbsp; <strong>3)<\/strong> w intencji Bogus\u0142awy w dniu\nurodzin dzi\u0119kczynna za otrzymane \u0142aski\nz pro\u015bb\u0105 o zdrowie, dary Ducha<\/p>\n\n\n\n<p>&nbsp;&nbsp;&nbsp;&nbsp;&nbsp;&nbsp; &nbsp;&nbsp;&nbsp;\u015awi\u0119tego,\nBo\u017ce b\u0142ogos\u0142awie\u0144stwo i opiek\u0119 NMP &nbsp;i \u015bw.\nPatron\u00f3w na ka\u017cdy dzie\u0144 \u2013 modli si\u0119 rodzina<\/p>\n\n\n\n<p><strong>12.3o\n\u2013 1) <\/strong>w 27 rocz. urodzin Kamili dzi\u0119kczynna\nza otrzymane \u0142aski z pro\u015bb\u0105 o zdrowie, dary Ducha <\/p>\n\n\n\n<p>&nbsp;&nbsp;&nbsp;&nbsp;&nbsp;&nbsp;&nbsp;&nbsp;&nbsp;&nbsp;&nbsp;&nbsp;&nbsp;&nbsp;&nbsp;&nbsp; \u015awi\u0119tego, Bo\u017ce\nb\u0142ogos\u0142awie\u0144stwo i opiek\u0119 NMP na dalsze lata \u017cycia <\/p>\n\n\n\n<p><strong>&nbsp;&nbsp;&nbsp;&nbsp;&nbsp;&nbsp;&nbsp;&nbsp;&nbsp;&nbsp;&nbsp; 2)<\/strong> ++ Mari\u0119 i\nRomana Kilian\u00f3w, Jana Zbigniewa, Kazimier\u0119 i J\u00f3zefa Budzan\u00f3w \u2013 modli si\u0119 rodzina<\/p>\n\n\n\n<p>&nbsp;&nbsp;&nbsp;&nbsp;&nbsp;&nbsp;&nbsp;&nbsp;&nbsp;&nbsp;&nbsp; <strong>3)<\/strong> w 13 rocz. urodzin Hani dzi\u0119kczynna z pro\u015bb\u0105 o zdrowie, dary Ducha \u015awi\u0119tego, <\/p>\n\n\n\n<p>&nbsp;&nbsp; &nbsp;&nbsp;&nbsp;&nbsp;&nbsp;&nbsp;&nbsp;&nbsp;&nbsp;&nbsp;&nbsp;&nbsp;&nbsp;&nbsp;Bo\u017ce b\u0142ogos\u0142awie\u0144stwo i opiek\u0119\nNMP \u2013 modl\u0105 si\u0119 rodzice i rodze\u0144stwo <\/p>\n\n\n\n<p><strong>18.oo\n\u2013 <\/strong>+\nKrystyn\u0119 Bentkowsk\u0105 \u2013 gregorianka 22<strong>&nbsp; &nbsp;<\/strong>&nbsp;<\/p>\n\n\n\n<p><strong>21.02<em>. \u2013 PONIEDZIA\u0141EK<\/em><\/strong><\/p>\n\n\n\n<p><strong>&nbsp; &nbsp;&nbsp;7.oo\n\u2013 <\/strong>&nbsp;<\/p>\n\n\n\n<p><strong>18.oo\n\u2013 1) <\/strong>+ Krystyn\u0119 Bentkowsk\u0105 \u2013 gregorianka 23 <\/p>\n\n\n\n<p><strong>&nbsp;&nbsp;&nbsp;&nbsp;&nbsp;&nbsp;&nbsp;&nbsp;&nbsp;&nbsp;&nbsp; &nbsp;\n2)<\/strong> + Mariana W\u0142odarskiego \u2013 modli si\u0119 swatowa z\nrodzin\u0105 z Krzelowa<\/p>\n\n\n\n<p><strong>22.02<em>. &#8211; WTOREK<\/em><\/strong><em><\/em><\/p>\n\n\n\n<p><strong>&nbsp; 7.oo \u2013<\/strong><\/p>\n\n\n\n<p><strong>18.oo\n\u2013 1) <\/strong>+ Krystyn\u0119 Bentkowsk\u0105 \u2013 gregorianka 24 <\/p>\n\n\n\n<p><strong>&nbsp;&nbsp;&nbsp;&nbsp;&nbsp;&nbsp;&nbsp;&nbsp;&nbsp;&nbsp;&nbsp; &nbsp;\n2)<\/strong> <\/p>\n\n\n\n<p><strong>23.02<em>. \u2013 \u015aRODA <\/em><\/strong><\/p>\n\n\n\n<p><strong>&nbsp; 7.oo \u2013 <\/strong>+ Krystyn\u0119\nBentkowsk\u0105 \u2013 gregorianka 25<\/p>\n\n\n\n<p><strong>18.oo\n\u2013&nbsp; intencja zbiorowa nowennowa:<\/strong><\/p>\n\n\n\n<p><strong>&nbsp;1)<\/strong> + And\u017cel\u0119 \u2013 modli si\u0119\nkole\u017canka<\/p>\n\n\n\n<p><strong>&nbsp;2)<\/strong> ++ Natali\u0119, Mariann\u0119 i\nStanis\u0142awa z rodziny Knasi\u00f3w<\/p>\n\n\n\n<p><strong>24.02<em>. \u2013 CZWARTEK <\/em><\/strong><em>&nbsp;<\/em><\/p>\n\n\n\n<p><strong>&nbsp; 7.oo \u2013<\/strong> &nbsp;<\/p>\n\n\n\n<p><strong>18.oo\n\u2013 1) <\/strong>&nbsp;+ Krystyn\u0119\nBentkowsk\u0105 \u2013 gregorianka 26<\/p>\n\n\n\n<p><strong>&nbsp;&nbsp;&nbsp;&nbsp;&nbsp;&nbsp;&nbsp;&nbsp;&nbsp;&nbsp;&nbsp; &nbsp;\n2)<\/strong> w intencji siostry Ancilli o \u0142ask\u0119 zdrowia, Bo\u017ce b\u0142ogos\u0142awie\u0144stwo\ni opiek\u0119 NMP<\/p>\n\n\n\n<p><strong>25.02<em>. \u2013 PI\u0104TEK<\/em><\/strong><\/p>\n\n\n\n<p><strong>&nbsp; &nbsp;&nbsp;7.oo\n\u2013<\/strong>\n&nbsp;<\/p>\n\n\n\n<p><strong>18.oo\n\u2013 1) <\/strong>+ Krystyn\u0119 Bentkowsk\u0105 \u2013 gregorianka 27 <\/p>\n\n\n\n<p><strong>&nbsp;&nbsp;&nbsp;&nbsp;&nbsp;&nbsp;&nbsp;&nbsp;&nbsp;&nbsp;&nbsp; &nbsp;\n2)<\/strong> ++ dziadk\u00f3w z obu stron: J\u00f3zef\u0119 i Jana Krzywieckich\noraz Rozali\u0119 i Franciszka Puchniak\u00f3w <\/p>\n\n\n\n<p>&nbsp;&nbsp;&nbsp;&nbsp;&nbsp;&nbsp;&nbsp;&nbsp;&nbsp;&nbsp;&nbsp;&nbsp;&nbsp;&nbsp;&nbsp;&nbsp;&nbsp;\noraz ++ z rodziny: Wiktori\u0119, Michalin\u0119 i Jana <\/p>\n\n\n\n<p><strong><em>26.02. \u2013 SOBOTA<\/em><\/strong><\/p>\n\n\n\n<p><strong>&nbsp; &nbsp;&nbsp;7.oo\n\u2013<\/strong>\n<\/p>\n\n\n\n<p><strong>18.oo\n\u2013 1) <\/strong>+ Krystyn\u0119 Bentkowsk\u0105 \u2013 gregorianka 28 <\/p>\n\n\n\n<p><strong>&nbsp;&nbsp;&nbsp;&nbsp;&nbsp;&nbsp;&nbsp;&nbsp;&nbsp; 2)<\/strong> + Bronis\u0142awa\nPolakowskiego- 30 dzie\u0144 od pogrzebu &#8211; intencja od uczestnik\u00f3w Mszy pogrzebowej <\/p>\n\n\n\n<p><strong><em>27.02. \u2013 NIEDZIELA&nbsp; <\/em><\/strong><\/p>\n\n\n\n<p><strong>&nbsp; 8.oo \u2013 1)<\/strong> + siostr\u0119 Helen\u0119 Urbaniak w 1 rocz. \u015bm. oraz ++ jej m\u0119\u017ca i syna \u2013 modli si\u0119\nsiostra z rodzin\u0105<strong>\n<\/strong>&nbsp;<\/p>\n\n\n\n<p><strong>&nbsp;&nbsp;&nbsp;&nbsp;&nbsp;&nbsp;&nbsp;&nbsp;&nbsp;&nbsp;&nbsp; &nbsp;\n2)<\/strong> + syna Bogus\u0142awa Koszty\u0142\u0119, ++ rodzic\u00f3w: Antoniego i\nJuli\u0119 Malawskich oraz ++ z rodziny<\/p>\n\n\n\n<p>&nbsp;&nbsp;&nbsp;&nbsp;&nbsp;&nbsp;&nbsp;&nbsp;&nbsp;&nbsp;&nbsp;&nbsp;&nbsp;&nbsp;&nbsp;&nbsp;\n&nbsp;Koszty\u0142\u00f3w, Kowal\u00f3w i Malawskich \u2013\nmodli si\u0119 rodzina<\/p>\n\n\n\n<p>&nbsp;&nbsp;&nbsp;&nbsp;&nbsp;&nbsp;&nbsp;&nbsp;&nbsp;&nbsp;&nbsp; &nbsp; <strong>3)<\/strong> + ksi\u0119dza Pra\u0142ata Stefana\nZawadzkiego w 53 rocz. \u015bm. \u2013 modli si\u0119 parafianka<\/p>\n\n\n\n<p><strong>&nbsp; 9.3o \u2013 <\/strong>&nbsp;+ Jana Bodniewicza w 16 rocz. \u015bm. oraz ++\nW\u0142adys\u0142aw\u0119 i Mariana Mokrzyckich, <\/p>\n\n\n\n<p>&nbsp;&nbsp;&nbsp;&nbsp;&nbsp;&nbsp;&nbsp;&nbsp;&nbsp;&nbsp;&nbsp;&nbsp;&nbsp;&nbsp;&nbsp;\nAnn\u0119 i W\u0142adys\u0142awa Miszczuk\u00f3w \u2013 modli si\u0119 rodzina<\/p>\n\n\n\n<p><strong>11.oo\n\u2013 1) <\/strong>+ Romana Paw\u0142owskiego w 1\nrocz. \u015bm.&nbsp; \u2013 modli si\u0119 brat z rodzin\u0105<\/p>\n\n\n\n<p><strong>&nbsp;&nbsp;&nbsp;&nbsp;&nbsp;&nbsp;&nbsp;&nbsp;&nbsp;&nbsp;&nbsp; &nbsp;\n2) <\/strong>+ Kazimierza Waliszaka w 6\nrocz. \u015bm. \u2013 modli si\u0119 \u017cona Maria z rodzin\u0105<\/p>\n\n\n\n<p>&nbsp;&nbsp;&nbsp;&nbsp;&nbsp;&nbsp;&nbsp;&nbsp; <strong>3)<\/strong> ++ Mieczys\u0142awa Makuchowskiego, Halin\u0119, rodzic\u00f3w z\nobu stron, Karolin\u0119, Micha\u0142a, Mari\u0119, J\u00f3zefa,<\/p>\n\n\n\n<p>&nbsp;&nbsp;&nbsp;&nbsp;&nbsp;&nbsp;&nbsp;&nbsp;&nbsp; &nbsp;&nbsp;&nbsp;&nbsp;Krystyn\u0119 Kustr\u0119, Jana Zelmana, wszystkich ++ z\nrodziny i dusze w czy\u015b\u0107cu cierpi\u0105ce &nbsp;<\/p>\n\n\n\n<p><strong>12.3o\n\u2013 1)<\/strong> ++ rodzic\u00f3w: Kazimier\u0119 i Czes\u0142awa D\u0105browicz\u00f3w oraz\nKarolin\u0119 i Franciszk\u0119 Sta\u0144czyk\u00f3w <\/p>\n\n\n\n<p>&nbsp;&nbsp;&nbsp;&nbsp;&nbsp;&nbsp;&nbsp;&nbsp;&nbsp;&nbsp;&nbsp;&nbsp;&nbsp;&nbsp;&nbsp;&nbsp;&nbsp; \u2013 modl\u0105 si\u0119 dzieci<strong> <\/strong><\/p>\n\n\n\n<p><strong>&nbsp;&nbsp;&nbsp;&nbsp;&nbsp;&nbsp;&nbsp;&nbsp;&nbsp;&nbsp;&nbsp; &nbsp;\n2)<\/strong> w 1 rocz. urodzin Cezarego dzi\u0119kczynna z pro\u015bb\u0105 o zdrowie, dary Ducha \u015awi\u0119tego, <\/p>\n\n\n\n<p>&nbsp;&nbsp; &nbsp;&nbsp;&nbsp;&nbsp;&nbsp;&nbsp;&nbsp;&nbsp;&nbsp;&nbsp;&nbsp;&nbsp;&nbsp;&nbsp;Bo\u017ce b\u0142ogos\u0142awie\u0144stwo i opiek\u0119\nNMP \u2013 modl\u0105 si\u0119 rodzice i dziadkowie<\/p>\n\n\n\n<p>&nbsp;&nbsp;&nbsp;&nbsp;&nbsp;&nbsp;&nbsp;&nbsp;&nbsp;&nbsp;&nbsp; &nbsp; <strong>3)<\/strong> +\nKrystyn\u0119 Bentkowsk\u0105 \u2013 gregorianka 29<\/p>\n\n\n\n<p><strong>18.oo\n\u2013 <\/strong>++Wand\u0119 i Romana Paw\u0142owskich oraz Mari\u0119, J\u00f3zefa i\nJana Cebulskich<strong>\n<\/strong>&nbsp;<\/p>\n","protected":false},"excerpt":{"rendered":"<p>Sk\u0142adaj\u0105c Ofiar\u0119, kt\u00f3ra nam przypomina niezmierzon\u0105 mi\u0142o\u015b\u0107 Twojego Syna, pokornie prosimy Ci\u0119, Bo\u017ce, przyjmij intencje Twoich wiernych i spraw przez dzia\u0142anie Eucharystii, aby w naszych rodzinach wzrasta\u0142a prawdziwa wiara, \u015bwi\u0119to\u015b\u0107 \u017cycia, braterska mi\u0142o\u015b\u0107 i duch modlitwy. Niech Matka Naj\u015bwi\u0119tsza wyprosi \u0142aski, o kt\u00f3re modlili\u015bmy si\u0119 w tej Mszy \u015bw. dla&#8230; <a class=\"continue-reading-link\" href=\"http:\/\/parafia.scinawa.info\/index.php\/2022\/02\/19\/intencje-mszalne-20-02-27-02-2022\/\">Czytaj dalej <span class=\"meta-nav\">&rarr; <\/span><\/a><\/p>\n","protected":false},"author":2,"featured_media":0,"comment_status":"closed","ping_status":"closed","sticky":false,"template":"","format":"standard","meta":{"footnotes":""},"categories":[39],"tags":[],"class_list":["post-1952","post","type-post","status-publish","format-standard","hentry","category-intencje"],"_links":{"self":[{"href":"http:\/\/parafia.scinawa.info\/index.php\/wp-json\/wp\/v2\/posts\/1952","targetHints":{"allow":["GET"]}}],"collection":[{"href":"http:\/\/parafia.scinawa.info\/index.php\/wp-json\/wp\/v2\/posts"}],"about":[{"href":"http:\/\/parafia.scinawa.info\/index.php\/wp-json\/wp\/v2\/types\/post"}],"author":[{"embeddable":true,"href":"http:\/\/parafia.scinawa.info\/index.php\/wp-json\/wp\/v2\/users\/2"}],"replies":[{"embeddable":true,"href":"http:\/\/parafia.scinawa.info\/index.php\/wp-json\/wp\/v2\/comments?post=1952"}],"version-history":[{"count":1,"href":"http:\/\/parafia.scinawa.info\/index.php\/wp-json\/wp\/v2\/posts\/1952\/revisions"}],"predecessor-version":[{"id":1953,"href":"http:\/\/parafia.scinawa.info\/index.php\/wp-json\/wp\/v2\/posts\/1952\/revisions\/1953"}],"wp:attachment":[{"href":"http:\/\/parafia.scinawa.info\/index.php\/wp-json\/wp\/v2\/media?parent=1952"}],"wp:term":[{"taxonomy":"category","embeddable":true,"href":"http:\/\/parafia.scinawa.info\/index.php\/wp-json\/wp\/v2\/categories?post=1952"},{"taxonomy":"post_tag","embeddable":true,"href":"http:\/\/parafia.scinawa.info\/index.php\/wp-json\/wp\/v2\/tags?post=1952"}],"curies":[{"name":"wp","href":"https:\/\/api.w.org\/{rel}","templated":true}]}}