{"id":1960,"date":"2022-02-25T13:18:40","date_gmt":"2022-02-25T12:18:40","guid":{"rendered":"http:\/\/parafia.scinawa.info\/?p=1960"},"modified":"2022-02-25T13:20:33","modified_gmt":"2022-02-25T12:20:33","slug":"ogloszenia-duszpasterskie-8-niedziela-zwykla-27-02-2022","status":"publish","type":"post","link":"http:\/\/parafia.scinawa.info\/index.php\/2022\/02\/25\/ogloszenia-duszpasterskie-8-niedziela-zwykla-27-02-2022\/","title":{"rendered":"Og\u0142oszenia duszpasterskie    8 Niedziela zwyk\u0142a \u2013 27. 02. 2022"},"content":{"rendered":"\n<p><strong>1<\/strong><strong>.<\/strong> Dzi\u015b prze\u017cywamy\n<strong><em>8 Niedziel\u0119 zwyk\u0142\u0105. <\/em><\/strong><strong><em>&nbsp;<\/em><\/strong>Msze \u015bw. wed\u0142ug\nporz\u0105dku niedzielnego. <\/p>\n\n\n\n<p><strong>2<\/strong><strong>.<\/strong> Msze \u015bw. w\ntygodniu&nbsp; o <strong>7<sup>00<\/sup><\/strong> i <strong>18<sup>00<\/sup><\/strong>.\n&nbsp;<\/p>\n\n\n\n<p><strong>3. <\/strong>Codziennie spowied\u017a i adoracja Naj\u015bwi\u0119tszego Sakramentu o godz. <strong>17<sup>00<\/sup>.<\/strong>  W czasie adoracji: <strong><em>w  poniedzia\u0142ek, \u015brod\u0119 i pi\u0105tek \u2013 modlimy si\u0119 Koronk\u0105 do Bo\u017cego Mi\u0142osierdzia, a we wtorek, czwartek i sobot\u0119 R\u00f3\u017ca\u0144cem prosz\u0105c o pok\u00f3j na Ukrainie i w Europie, aby Rosja si\u0119 wycofa\u0142a z Ukrainy i w intencji poszkodowanych ludzi.<\/em><\/strong><\/p>\n\n\n\n<p><strong>4. <\/strong><strong>W tym tygodniu nabo\u017ce\u0144stwa: <\/strong><\/p>\n\n\n\n<p><strong>&#8211; w poniedzia\u0142ek &nbsp;&nbsp; &#8211; <\/strong>nabo\u017ce\u0144stwo<strong>\n<em>do Bo\u017cego Mi\u0142osierdzia<\/em> <\/strong>o godz. <strong>17<sup>30<\/sup><\/strong><\/p>\n\n\n\n<p><strong>&nbsp;&nbsp;&nbsp;&nbsp;\n&nbsp;&nbsp;&nbsp;&nbsp;&nbsp; <\/strong>&nbsp;&nbsp;&nbsp;&nbsp;&nbsp;&nbsp;&nbsp;&nbsp;&nbsp;&nbsp; &nbsp;&nbsp;&nbsp;&nbsp;&nbsp;&nbsp;&nbsp;&nbsp;&nbsp; &#8211;\nnabo\u017ce\u0144stwo do <strong>\u015bw. Szarbela<\/strong> o godz.<strong>17<sup>30<\/sup><\/strong><\/p>\n\n\n\n<p><strong>&#8211;<\/strong> <strong>w \u015brod\u0119<\/strong>\n&nbsp;&nbsp;&nbsp;&nbsp; &nbsp;&nbsp;&nbsp;&nbsp;&nbsp;&nbsp;&nbsp;&nbsp;&nbsp; <strong>&#8211; <\/strong>Nowenna do <strong><em>NMP Nieustaj\u0105cej Pomocy<\/em><\/strong>\no godz. <strong>17<sup>30<\/sup><\/strong><\/p>\n\n\n\n<p><strong>5<\/strong><strong>.<\/strong> <strong><em>2\nmarca &#8211; \u015arod\u0105 Popielcow\u0105 rozpoczynamy Wielki Post. Msze \u015bw. w naszej\nparafii:&nbsp; <\/em><\/strong>o <strong>8<sup>00<\/sup><\/strong>,<strong>\n9<sup>30<\/sup>,<\/strong> <strong>16<sup>00 <\/sup><\/strong>i<strong> 18<sup>00<\/sup><\/strong>, w R\u0119szowie\no <strong>17<sup>00<\/sup>.<\/strong><strong><em> &nbsp;Na\nka\u017cdej Mszy \u015bw. posypanie g\u0142\u00f3w popio\u0142em na znak pokuty.<\/em><\/strong> <\/p>\n\n\n\n<p><strong>6<\/strong><strong>.<\/strong> W \u015brod\u0119\nobowi\u0105zuje post \u015bcis\u0142y. Przypominamy, \u017ce katolicy wszelkie zabawy ko\u0144cz\u0105 we\nwtorek do godz. 24.00. W \u015brod\u0119 rozpoczynamy dni modlitw o trze\u017awo\u015b\u0107 narodu i\nducha pokuty.<\/p>\n\n\n\n<p><strong>7<\/strong><strong>.<\/strong> W Wielkim\nPo\u015bcie nabo\u017ce\u0144stwa Drogi Krzy\u017cowej:o<strong> 9<sup>00<\/sup> <\/strong>dla doros\u0142ych;<strong> 16<sup>00 <\/sup>&nbsp;<\/strong>dla dzieci<strong>, 17<sup>30<\/sup> <\/strong>dla\ndoros\u0142ych, w R\u0119szowie o <strong>17<sup>00<\/sup><\/strong><\/p>\n\n\n\n<p><strong>8<\/strong><strong>.<\/strong> Gorzkie \u017bale w\nniedziel\u0119 o godz. <strong>17<sup>15<\/sup>.<\/strong>Za udzia\u0142 w nabo\u017ce\u0144stwie\nGorzkich \u017bali w Wielkim Po\u015bcie oraz za odprawienie Drogi Krzy\u017cowej mo\u017cna\nuzyska\u0107 odpust zupe\u0142ny pod zwyk\u0142ymi warunkami.<\/p>\n\n\n\n<p><strong>9.<\/strong>\nW tym tygodniu obchodzimy I czwartek, I pi\u0105tek i I sobot\u0119 miesi\u0105ca <\/p>\n\n\n\n<p><strong>10.<\/strong>\n<strong><em>Odwiedziny\nchorych w pi\u0105tek od godz. 8.30 <\/em><\/strong><\/p>\n\n\n\n<p><strong>11.<\/strong>\nW I sobot\u0119 miesi\u0105ca o godz. <strong>17<sup>00<\/sup><\/strong>\n<strong><em>nabo\u017ce\u0144stwo\nfatimskie<\/em><\/strong>.<\/p>\n\n\n\n<p><strong>12<\/strong><strong>.\n<\/strong>W przysz\u0142\u0105\nniedziel\u0119 b\u0119dziemy prze\u017cywa\u0107 <strong>1 Niedziel\u0119\nWielkiego Postu.<\/strong> Msze \u015bw. wed\u0142ug porz\u0105dku niedzielnego.\nZmiana tajemnic \u017bywego R\u00f3\u017ca\u0144ca o <strong>10<sup>30<\/sup>.<\/strong><\/p>\n\n\n\n<p><strong>13<\/strong><strong>.<\/strong> Kancelaria\nczynna codziennie po Mszy \u015bw. wieczornej z wyj\u0105tkiem niedziel, uroczysto\u015bci i\n\u015bwi\u0105t.<\/p>\n\n\n\n<p><strong>14<\/strong><strong>.<\/strong> Do nabycia jest\nprasa katolicka: Niedziela, Go\u015b\u0107 Niedzielny i R\u00f3\u017caniec. <\/p>\n\n\n\n<p><strong>15<\/strong><strong>.<\/strong> Dzi\u0119kuj\u0119\nwszystkim, kt\u00f3rzy w tym tygodniu sprz\u0105tali \u015bwi\u0105tyni\u0119 i przygotowali j\u0105 na nasze\nspotkanie eucharystyczne.<\/p>\n\n\n\n<p><strong>16<\/strong><strong>.<\/strong> Serdeczne B\u00f3g\nzap\u0142a\u0107 za ofiary sk\u0142adane na remonty w naszej parafii. <\/p>\n\n\n\n<p><strong>17<\/strong><strong>.<\/strong> Intencje\nmszalne, obrazki \u2013 pami\u0105tki odprawionej Mszy \u015bw.<\/p>\n\n\n\n<p><em>\u017byczymy mi\u0142ego tygodnia i obfitych \u0142ask Bo\u017cych.<\/em><\/p>\n","protected":false},"excerpt":{"rendered":"<p>1. Dzi\u015b prze\u017cywamy 8 Niedziel\u0119 zwyk\u0142\u0105. &nbsp;Msze \u015bw. wed\u0142ug porz\u0105dku niedzielnego. 2. Msze \u015bw. w tygodniu&nbsp; o 700 i 1800. &nbsp; 3. Codziennie spowied\u017a i adoracja Naj\u015bwi\u0119tszego Sakramentu o godz. 1700. W czasie adoracji: w poniedzia\u0142ek, \u015brod\u0119 i pi\u0105tek \u2013 modlimy si\u0119 Koronk\u0105 do Bo\u017cego Mi\u0142osierdzia, a we wtorek, czwartek&#8230; <a class=\"continue-reading-link\" href=\"http:\/\/parafia.scinawa.info\/index.php\/2022\/02\/25\/ogloszenia-duszpasterskie-8-niedziela-zwykla-27-02-2022\/\">Czytaj dalej <span class=\"meta-nav\">&rarr; <\/span><\/a><\/p>\n","protected":false},"author":2,"featured_media":0,"comment_status":"closed","ping_status":"closed","sticky":false,"template":"","format":"standard","meta":{"footnotes":""},"categories":[40],"tags":[],"class_list":["post-1960","post","type-post","status-publish","format-standard","hentry","category-ogloszenia-duszpasterskie"],"_links":{"self":[{"href":"http:\/\/parafia.scinawa.info\/index.php\/wp-json\/wp\/v2\/posts\/1960","targetHints":{"allow":["GET"]}}],"collection":[{"href":"http:\/\/parafia.scinawa.info\/index.php\/wp-json\/wp\/v2\/posts"}],"about":[{"href":"http:\/\/parafia.scinawa.info\/index.php\/wp-json\/wp\/v2\/types\/post"}],"author":[{"embeddable":true,"href":"http:\/\/parafia.scinawa.info\/index.php\/wp-json\/wp\/v2\/users\/2"}],"replies":[{"embeddable":true,"href":"http:\/\/parafia.scinawa.info\/index.php\/wp-json\/wp\/v2\/comments?post=1960"}],"version-history":[{"count":2,"href":"http:\/\/parafia.scinawa.info\/index.php\/wp-json\/wp\/v2\/posts\/1960\/revisions"}],"predecessor-version":[{"id":1962,"href":"http:\/\/parafia.scinawa.info\/index.php\/wp-json\/wp\/v2\/posts\/1960\/revisions\/1962"}],"wp:attachment":[{"href":"http:\/\/parafia.scinawa.info\/index.php\/wp-json\/wp\/v2\/media?parent=1960"}],"wp:term":[{"taxonomy":"category","embeddable":true,"href":"http:\/\/parafia.scinawa.info\/index.php\/wp-json\/wp\/v2\/categories?post=1960"},{"taxonomy":"post_tag","embeddable":true,"href":"http:\/\/parafia.scinawa.info\/index.php\/wp-json\/wp\/v2\/tags?post=1960"}],"curies":[{"name":"wp","href":"https:\/\/api.w.org\/{rel}","templated":true}]}}