{"id":1963,"date":"2022-03-05T11:16:46","date_gmt":"2022-03-05T10:16:46","guid":{"rendered":"http:\/\/parafia.scinawa.info\/?p=1963"},"modified":"2022-03-05T11:16:46","modified_gmt":"2022-03-05T10:16:46","slug":"intencje-mszalne-06-03-13-03-2022","status":"publish","type":"post","link":"http:\/\/parafia.scinawa.info\/index.php\/2022\/03\/05\/intencje-mszalne-06-03-13-03-2022\/","title":{"rendered":"INTENCJE MSZALNE 06.03 \u2013 13.03. 2022"},"content":{"rendered":"\n<p><strong><em>Sk\u0142adaj\u0105c\nOfiar\u0119, kt\u00f3ra nam przypomina niezmierzon\u0105 mi\u0142o\u015b\u0107 Twojego Syna, pokornie prosimy\nCi\u0119, Bo\u017ce, przyjmij intencje Twoich wiernych i spraw przez dzia\u0142anie\nEucharystii, aby w naszych rodzinach wzrasta\u0142a prawdziwa wiara, \u015bwi\u0119to\u015b\u0107 \u017cycia,\nbraterska mi\u0142o\u015b\u0107 i duch modlitwy. <\/em><\/strong><strong>Niech\nMatka Naj\u015bwi\u0119tsza wyprosi \u0142aski, o kt\u00f3re modlili\u015bmy si\u0119 w tej Mszy \u015bw. dla \u2026\nZa\u015b zmar\u0142ym \u2026 za kt\u00f3rych odprawiali\u015bmy Msz\u0119 \u015bw.: wieczny odpoczynek racz im\nda\u0107 Panie (\u2026); niech odpoczywaj\u0105 w pokoju wiecznym. Amen<\/strong><\/p>\n\n\n\n<p><strong>06.03<em>. &#8211; NIEDZIELA&nbsp; <\/em><\/strong><em><\/em><\/p>\n\n\n\n<p><strong>&nbsp; 8.oo \u2013 1) <\/strong>++ Kazimier\u0119 z racji imienin, J\u00f3zefa, Stanis\u0142awa i W\u0142adys\u0142aw\u0119 Szymczak\u00f3w\noraz Maryl\u0119<\/p>\n\n\n\n<p>&nbsp;&nbsp;&nbsp;&nbsp;&nbsp;&nbsp;&nbsp;&nbsp;&nbsp;&nbsp;&nbsp;&nbsp;&nbsp;&nbsp;&nbsp;&nbsp; &nbsp;Sta\u0144czyk z domu Szymczak \u2013 modl\u0105 si\u0119 synowie z\nrodzin\u0105\n<\/p>\n\n\n\n<p><strong>&nbsp;&nbsp;&nbsp;&nbsp;&nbsp;&nbsp;&nbsp;&nbsp;&nbsp;&nbsp;&nbsp; &nbsp;\n2)<\/strong> + Stanis\u0142aw\u0119 Zagrodn\u0105 &#8211; 30 dzie\u0144 od pogrzebu &#8211; intencja\nod uczestnik\u00f3w Mszy pogrzebowej <\/p>\n\n\n\n<p>&nbsp;&nbsp;&nbsp;&nbsp;&nbsp;&nbsp;&nbsp;&nbsp;&nbsp;&nbsp;&nbsp;&nbsp;&nbsp;&nbsp;&nbsp;&nbsp;&nbsp; oraz + Tomasza Zagrodnego z\nracji ziemskich urodzin<\/p>\n\n\n\n<p><strong>&nbsp; 9.3o \u2013 <\/strong>&nbsp;++ Kazimier\u0119 i Micha\u0142a oraz ++ z rodziny\nBabij\u00f3w, Arciszewskich, Urba\u0144skich, Chrzanowskich,<\/p>\n\n\n\n<p>&nbsp; &nbsp;&nbsp;&nbsp;&nbsp;&nbsp;&nbsp;&nbsp;&nbsp;Malisz\u00f3w, Baran\u00f3w, siostr\u0119 Agnieszk\u0119\nJadwi\u017cank\u0119 i dusze w czy\u015b\u0107cu cierpi\u0105ce \u2013 modli si\u0119 rodzina<\/p>\n\n\n\n<p><strong>11.oo\n\u2013 1) <\/strong>+ Leopolda \u015awiercza w 11\nrocz. \u015bm.<\/p>\n\n\n\n<p><strong>&nbsp;&nbsp;&nbsp;&nbsp;&nbsp;&nbsp;&nbsp;&nbsp;&nbsp;&nbsp;&nbsp; &nbsp;\n2) <\/strong>&nbsp;+ Bartka\nWeissa w 2 rocz. \u015bm. \u2013 modli si\u0119 babcia z rodzin\u0105<\/p>\n\n\n\n<p><strong>12.3o\n\u2013 1) <\/strong>w 80 rocz. urodzin J\u00f3zefa\n\u017bo\u0142\u0105dziejewskiego dzi\u0119kczynna z pro\u015bb\u0105 o zdrowie, dary Ducha<\/p>\n\n\n\n<p>&nbsp;&nbsp;&nbsp;&nbsp;&nbsp;&nbsp;&nbsp;&nbsp;&nbsp;&nbsp;&nbsp;&nbsp;&nbsp;&nbsp;&nbsp;&nbsp; &nbsp;\u015awi\u0119tego, Bo\u017ce b\u0142ogos\u0142awie\u0144stwo i opiek\u0119 NMP\nna dalsze lata \u017cycia \u2013 modli si\u0119 rodzina<\/p>\n\n\n\n<p><strong>&nbsp;&nbsp;&nbsp;&nbsp;&nbsp;&nbsp;&nbsp;&nbsp;&nbsp;&nbsp;&nbsp; &nbsp;\n2)<\/strong> + Boles\u0142awa w 11 rocz. \u015bm. \u2013 modli si\u0119 rodzina<\/p>\n\n\n\n<p><strong>18.oo\n\u2013 1) <\/strong>+ Piotra Ci\u0119\u017ckiego w 5\nrocz. \u015bm. oraz ++ z rodziny Ci\u0119\u017ckich i Krys\u00f3w \u2013 modli si\u0119 rodzina\n<\/p>\n\n\n\n<p><strong>&nbsp;&nbsp;&nbsp;&nbsp;&nbsp;&nbsp;&nbsp;&nbsp;&nbsp;&nbsp;&nbsp; &nbsp;\n2)<\/strong> + Zdzis\u0142awa Marka w 10 rocz. \u015bm. \u2013 modli si\u0119 \u017cona Alicja\nz dzie\u0107mi<strong>&nbsp; &nbsp;<\/strong>&nbsp;<\/p>\n\n\n\n<p><strong>07.03<em>. \u2013 PONIEDZIA\u0141EK<\/em><\/strong><\/p>\n\n\n\n<p><strong>&nbsp; &nbsp;&nbsp;7.oo\n\u2013 <\/strong>&nbsp;<\/p>\n\n\n\n<p><strong>18.oo\n\u2013 1) <\/strong>+ Mariana W\u0142odarskiego\n&#8211; 30 dzie\u0144 od pogrzebu &#8211; intencja od uczestnik\u00f3w Mszy pogrzebowej<\/p>\n\n\n\n<p><strong>&nbsp;&nbsp;&nbsp;&nbsp;&nbsp;&nbsp;&nbsp;&nbsp;&nbsp;&nbsp;&nbsp; &nbsp;\n2)<\/strong> ++ rodzic\u00f3w i braci z rodziny Kap\u0142on\u00f3w \u2013 modli si\u0119\nc\u00f3rka i siostra Teresa<\/p>\n\n\n\n<p><strong>08.03<em>. &#8211; WTOREK<\/em><\/strong><em><\/em><\/p>\n\n\n\n<p><strong>&nbsp; 7.oo \u2013<\/strong> ++ rodzic\u00f3w: Jadwig\u0119 i Romana, Longin\u0119 i Franciszka, Kazimier\u0119 i Leona z\nrodziny Szrajnert\u00f3w, <\/p>\n\n\n\n<p>&nbsp;&nbsp;&nbsp;&nbsp;&nbsp;&nbsp;&nbsp;&nbsp;&nbsp;&nbsp;&nbsp;&nbsp;&nbsp; Ka\u0142\u00f3w i \u017bukowskich \u2013\nmodli si\u0119 rodzina<\/p>\n\n\n\n<p><strong>18.oo\n\u2013 <\/strong>++ rodzic\u00f3w: Mari\u0119 w 9 rocz. \u015bm. i J\u00f3zefa w 27 rocz.\n\u015bm. z rodziny Semp\u00f3w \u2013 modl\u0105 si\u0119 dzieci<\/p>\n\n\n\n<p><strong>09.03<em>. \u2013 \u015aRODA <\/em><\/strong><\/p>\n\n\n\n<p><strong>&nbsp; 7.oo \u2013 <\/strong><\/p>\n\n\n\n<p><strong>18.oo\n\u2013&nbsp; intencja zbiorowa nowennowa:<\/strong><\/p>\n\n\n\n<p><strong>&nbsp;1)<\/strong> ++ rodzic\u00f3w:\nW\u0142adys\u0142aw\u0119 w 30 rocz. \u015bm. i J\u00f3zefa w 35 rocz. \u015bm. oraz brata Krzysztofa z\nrodziny <\/p>\n\n\n\n<p>&nbsp;&nbsp;&nbsp;&nbsp; Gr\u0119dys\u00f3w \u2013 modli si\u0119 rodzina<\/p>\n\n\n\n<p><strong>&nbsp;2)<\/strong> + Bronis\u0142aw\u0119 Olejarz &#8211;\n30 dzie\u0144 od pogrzebu &#8211; intencja od uczestnik\u00f3w Mszy pogrzebowej<\/p>\n\n\n\n<p><strong>&nbsp;3) <\/strong>w 4 rocz. urodzin Aleksandry dzi\u0119kczynna z pro\u015bb\u0105 o zdrowie, dary Ducha \u015awi\u0119tego,\nBo\u017ce <\/p>\n\n\n\n<p>&nbsp;&nbsp;&nbsp;&nbsp;&nbsp; b\u0142ogos\u0142awie\u0144stwo i opiek\u0119 NMP\n\u2013 modl\u0105 si\u0119 rodzice i dziadkowie<\/p>\n\n\n\n<p><strong>10.03<em>. \u2013 CZWARTEK <\/em><\/strong><em>&nbsp;<\/em><\/p>\n\n\n\n<p><strong>&nbsp; 7.oo \u2013<\/strong> + Wand\u0119 Kiernick\u0105 \u2013\ngregorianka 1 <\/p>\n\n\n\n<p><strong>18.oo\n\u2013 1) <\/strong>+ Tomasza Srebniaka w 14\nrocz. \u015bm. \u2013 modli si\u0119 syn <\/p>\n\n\n\n<p><strong>&nbsp;&nbsp;&nbsp;&nbsp;&nbsp;&nbsp;&nbsp;&nbsp;&nbsp;&nbsp;&nbsp; &nbsp;\n2)<\/strong> + Teres\u0119 Ma\u0142eck\u0105 w 1 rocz. \u015bm. \u2013 modli si\u0119 rodzina<\/p>\n\n\n\n<p><strong>11.03<em>. \u2013 PI\u0104TEK<\/em><\/strong><\/p>\n\n\n\n<p><strong>&nbsp; 7.oo \u2013<\/strong> &nbsp;<\/p>\n\n\n\n<p><strong>&nbsp; 9.oo \u2013<\/strong><\/p>\n\n\n\n<p><strong>18.oo\n\u2013 1) <\/strong>&nbsp;+ Wand\u0119\nKiernick\u0105 \u2013 gregorianka 2<\/p>\n\n\n\n<p><strong>&nbsp;&nbsp;&nbsp;&nbsp;&nbsp;&nbsp;&nbsp;&nbsp;&nbsp;&nbsp;&nbsp;&nbsp;&nbsp; 2)<\/strong>\n++ Antonin\u0119 i Czes\u0142awa, ++ z rodziny Stanis\u0142awskich i Idkowiak\u00f3w oraz dusze w\nczy\u015b\u0107cu<\/p>\n\n\n\n<p>&nbsp;&nbsp;&nbsp;&nbsp;&nbsp;&nbsp;&nbsp;&nbsp;&nbsp;&nbsp;&nbsp;&nbsp;&nbsp; &nbsp;&nbsp;&nbsp;&nbsp;cierpi\u0105ce <\/p>\n\n\n\n<p><strong><em>12.03. \u2013 SOBOTA<\/em><\/strong><\/p>\n\n\n\n<p><strong>&nbsp; &nbsp;&nbsp;7.oo\n\u2013<\/strong>\n+ Wand\u0119 Kiernick\u0105 \u2013 gregorianka 3<\/p>\n\n\n\n<p><strong>18.oo\n\u2013 1) <\/strong>++ Stanis\u0142awa i\nStanis\u0142aw\u0119, Jana i Karolin\u0119 z rodziny Draczy\u0144skich \u2013 modli si\u0119 rodzina <\/p>\n\n\n\n<p><strong>&nbsp;&nbsp;&nbsp;&nbsp;&nbsp;&nbsp;&nbsp;&nbsp;&nbsp;&nbsp;&nbsp; &nbsp;\n2)<\/strong> + Ryszarda Czecha &#8211; 30 dzie\u0144 od pogrzebu &#8211; intencja\nod uczestnik\u00f3w Mszy pogrzebowej <\/p>\n\n\n\n<p><strong><em>13.03. \u2013 NIEDZIELA&nbsp; <\/em><\/strong><\/p>\n\n\n\n<p><strong>&nbsp; 8.oo \u2013 1) <\/strong>+ m\u0119\u017ca Tadeusza Mejera w 26 rocz. \u015bm. \u2013 modli si\u0119 \u017cona z dzie\u0107mi<strong><\/strong><\/p>\n\n\n\n<p><strong>&nbsp;&nbsp;&nbsp;&nbsp;&nbsp;&nbsp;&nbsp;&nbsp;&nbsp;&nbsp;&nbsp; &nbsp;\n2)<\/strong> +\nKazimierza Jamrozika w 2 rocz. \u015bm. \u2013 modli si\u0119 \u017cona<\/p>\n\n\n\n<p><strong>&nbsp; 9.3o \u2013 <\/strong>&nbsp;++ Stefani\u0119 i Wojciecha Chmielowc\u00f3w oraz ++ z\nrodziny \u2013 modli si\u0119 rodzina <\/p>\n\n\n\n<p><strong>11.oo\n\u2013 1) <\/strong>++ J\u00f3zefa i Mari\u0119\nBogacz\u00f3w, Hann\u0119 i Jana Drobnych oraz Katarzyn\u0119 Koszty\u0142\u0119 \u2013 modli si\u0119<\/p>\n\n\n\n<p>&nbsp;&nbsp;&nbsp;&nbsp;&nbsp;&nbsp;&nbsp;&nbsp;&nbsp;&nbsp;&nbsp;&nbsp;&nbsp;&nbsp;&nbsp;&nbsp; &nbsp;Stanis\u0142aw<\/p>\n\n\n\n<p><strong>&nbsp;&nbsp;&nbsp;&nbsp;&nbsp;&nbsp;&nbsp;&nbsp;&nbsp;&nbsp;&nbsp; &nbsp;\n2) <\/strong>++ Franciszka i Franciszk\u0119 \u2013 modli si\u0119 rodzina<\/p>\n\n\n\n<p><strong>12.3o\n\u2013 1) <\/strong>zaj. P. Radzik<\/p>\n\n\n\n<p><strong>&nbsp;&nbsp;&nbsp;&nbsp;&nbsp;&nbsp;&nbsp;&nbsp;&nbsp;&nbsp;&nbsp; &nbsp;\n2)<\/strong> ++ rodzic\u00f3w: Mari\u0119 i J\u00f3zefa Mizier\u00f3w, dziadk\u00f3w: Paraskiewi\u0119\ni Jana, Ann\u0119, Krzysztofa <\/p>\n\n\n\n<p>&nbsp;&nbsp;&nbsp;&nbsp;&nbsp;&nbsp;&nbsp;&nbsp;&nbsp;&nbsp;&nbsp;&nbsp;&nbsp;&nbsp;&nbsp;&nbsp;&nbsp;\ni Stanis\u0142awa Bednarz\u00f3w &#8211; modli si\u0119 c\u00f3rka z rodzin\u0105<\/p>\n\n\n\n<p><strong>18.oo\n\u2013 &nbsp;1) <\/strong>+ Wand\u0119\nKiernick\u0105 \u2013 gregorianka 4<\/p>\n\n\n\n<p>&nbsp;&nbsp;&nbsp;&nbsp;&nbsp;&nbsp;&nbsp;&nbsp;&nbsp;&nbsp;&nbsp; &nbsp;&nbsp;&nbsp; <strong>2)<\/strong> ++ Stanis\u0142awa w 3 rocz. \u015bm. i\nLeszka \u2013 modli si\u0119 rodzina <\/p>\n","protected":false},"excerpt":{"rendered":"<p>Sk\u0142adaj\u0105c Ofiar\u0119, kt\u00f3ra nam przypomina niezmierzon\u0105 mi\u0142o\u015b\u0107 Twojego Syna, pokornie prosimy Ci\u0119, Bo\u017ce, przyjmij intencje Twoich wiernych i spraw przez dzia\u0142anie Eucharystii, aby w naszych rodzinach wzrasta\u0142a prawdziwa wiara, \u015bwi\u0119to\u015b\u0107 \u017cycia, braterska mi\u0142o\u015b\u0107 i duch modlitwy. Niech Matka Naj\u015bwi\u0119tsza wyprosi \u0142aski, o kt\u00f3re modlili\u015bmy si\u0119 w tej Mszy \u015bw. dla&#8230; <a class=\"continue-reading-link\" href=\"http:\/\/parafia.scinawa.info\/index.php\/2022\/03\/05\/intencje-mszalne-06-03-13-03-2022\/\">Czytaj dalej <span class=\"meta-nav\">&rarr; <\/span><\/a><\/p>\n","protected":false},"author":2,"featured_media":0,"comment_status":"closed","ping_status":"closed","sticky":false,"template":"","format":"standard","meta":{"footnotes":""},"categories":[39],"tags":[],"class_list":["post-1963","post","type-post","status-publish","format-standard","hentry","category-intencje"],"_links":{"self":[{"href":"http:\/\/parafia.scinawa.info\/index.php\/wp-json\/wp\/v2\/posts\/1963","targetHints":{"allow":["GET"]}}],"collection":[{"href":"http:\/\/parafia.scinawa.info\/index.php\/wp-json\/wp\/v2\/posts"}],"about":[{"href":"http:\/\/parafia.scinawa.info\/index.php\/wp-json\/wp\/v2\/types\/post"}],"author":[{"embeddable":true,"href":"http:\/\/parafia.scinawa.info\/index.php\/wp-json\/wp\/v2\/users\/2"}],"replies":[{"embeddable":true,"href":"http:\/\/parafia.scinawa.info\/index.php\/wp-json\/wp\/v2\/comments?post=1963"}],"version-history":[{"count":1,"href":"http:\/\/parafia.scinawa.info\/index.php\/wp-json\/wp\/v2\/posts\/1963\/revisions"}],"predecessor-version":[{"id":1964,"href":"http:\/\/parafia.scinawa.info\/index.php\/wp-json\/wp\/v2\/posts\/1963\/revisions\/1964"}],"wp:attachment":[{"href":"http:\/\/parafia.scinawa.info\/index.php\/wp-json\/wp\/v2\/media?parent=1963"}],"wp:term":[{"taxonomy":"category","embeddable":true,"href":"http:\/\/parafia.scinawa.info\/index.php\/wp-json\/wp\/v2\/categories?post=1963"},{"taxonomy":"post_tag","embeddable":true,"href":"http:\/\/parafia.scinawa.info\/index.php\/wp-json\/wp\/v2\/tags?post=1963"}],"curies":[{"name":"wp","href":"https:\/\/api.w.org\/{rel}","templated":true}]}}