{"id":1972,"date":"2022-03-12T12:34:15","date_gmt":"2022-03-12T11:34:15","guid":{"rendered":"http:\/\/parafia.scinawa.info\/?p=1972"},"modified":"2022-03-12T12:34:15","modified_gmt":"2022-03-12T11:34:15","slug":"intencje-mszalne-13-03-20-03-2022","status":"publish","type":"post","link":"http:\/\/parafia.scinawa.info\/index.php\/2022\/03\/12\/intencje-mszalne-13-03-20-03-2022\/","title":{"rendered":"INTENCJE MSZALNE 13.03 \u2013 20.03. 2022"},"content":{"rendered":"\n<p><strong><em>Sk\u0142adaj\u0105c\nOfiar\u0119, kt\u00f3ra nam przypomina niezmierzon\u0105 mi\u0142o\u015b\u0107 Twojego Syna, pokornie prosimy\nCi\u0119, Bo\u017ce, przyjmij intencje Twoich wiernych i spraw przez dzia\u0142anie\nEucharystii, aby w naszych rodzinach wzrasta\u0142a prawdziwa wiara, \u015bwi\u0119to\u015b\u0107 \u017cycia,\nbraterska mi\u0142o\u015b\u0107 i duch modlitwy. <\/em><\/strong><strong>Niech\nMatka Naj\u015bwi\u0119tsza wyprosi \u0142aski, o kt\u00f3re modlili\u015bmy si\u0119 w tej Mszy \u015bw. dla \u2026\nZa\u015b zmar\u0142ym \u2026 za kt\u00f3rych odprawiali\u015bmy Msz\u0119 \u015bw.: wieczny odpoczynek racz im\nda\u0107 Panie (\u2026); niech odpoczywaj\u0105 w pokoju wiecznym. Amen<\/strong><\/p>\n\n\n\n<p><strong>13.03<em>. &#8211; NIEDZIELA&nbsp; <\/em><\/strong><em><\/em><\/p>\n\n\n\n<p><strong>&nbsp; 8.oo \u2013 1) <\/strong>+ m\u0119\u017ca Tadeusza Mejera w 26 rocz. \u015bm. \u2013 modli si\u0119 \u017cona z dzie\u0107mi<strong><\/strong><\/p>\n\n\n\n<p><strong>&nbsp;&nbsp;&nbsp;&nbsp;&nbsp;&nbsp;&nbsp;&nbsp;&nbsp;&nbsp;&nbsp; &nbsp;\n2)<\/strong> +\nKazimierza Jamrozika w 2 rocz. \u015bm. \u2013 modli si\u0119 \u017cona<\/p>\n\n\n\n<p><strong>&nbsp; 9.3o \u2013 <\/strong>&nbsp;++ Stefani\u0119 i Wojciecha Chmielowc\u00f3w oraz ++ z\nrodziny \u2013 modli si\u0119 rodzina <\/p>\n\n\n\n<p><strong>11.oo\n\u2013 1) <\/strong>++ J\u00f3zefa i Mari\u0119\nBogacz\u00f3w, Hann\u0119 i Jana Drobnych oraz Katarzyn\u0119 Koszty\u0142\u0119 \u2013 modli si\u0119<\/p>\n\n\n\n<p>&nbsp;&nbsp;&nbsp;&nbsp;&nbsp;&nbsp;&nbsp;&nbsp;&nbsp;&nbsp;&nbsp;&nbsp;&nbsp;&nbsp;&nbsp;&nbsp; &nbsp;Stanis\u0142aw<\/p>\n\n\n\n<p><strong>&nbsp;&nbsp;&nbsp;&nbsp;&nbsp;&nbsp;&nbsp;&nbsp;&nbsp;&nbsp;&nbsp; &nbsp;\n2) <\/strong>++ Franciszka i Franciszk\u0119 \u2013 modli si\u0119 rodzina<\/p>\n\n\n\n<p><strong>12.3o\n\u2013 1) <\/strong>+ Mari\u0119 Radzik w 100\nrocznic\u0119 jej ziemskich urodzin oraz ++ z rodziny Radzik\u00f3w, Pekar\u00f3w <\/p>\n\n\n\n<p>&nbsp;&nbsp;&nbsp;&nbsp;&nbsp;&nbsp;&nbsp;&nbsp;&nbsp;&nbsp;&nbsp;&nbsp;&nbsp;&nbsp;&nbsp;&nbsp;&nbsp; i Kasjan\u00f3w \u2013 modl\u0105 si\u0119 dzieci\nz rodzinami<\/p>\n\n\n\n<p><strong>&nbsp;&nbsp;&nbsp;&nbsp;&nbsp;&nbsp;&nbsp;&nbsp;&nbsp;&nbsp;&nbsp; &nbsp;\n2)<\/strong> ++ rodzic\u00f3w: Mari\u0119 i J\u00f3zefa Mizier\u00f3w, dziadk\u00f3w: Paraskiewi\u0119\ni Jana, Ann\u0119, Krzysztofa <\/p>\n\n\n\n<p>&nbsp;&nbsp;&nbsp;&nbsp;&nbsp;&nbsp;&nbsp;&nbsp;&nbsp;&nbsp;&nbsp;&nbsp;&nbsp;&nbsp;&nbsp;&nbsp;&nbsp;\ni Stanis\u0142awa Bednarz\u00f3w &#8211; modli si\u0119 c\u00f3rka z rodzin\u0105<\/p>\n\n\n\n<p><strong>18.oo\n\u2013 &nbsp;1) <\/strong>+ Wand\u0119\nKiernick\u0105 \u2013 gregorianka 4<\/p>\n\n\n\n<p>&nbsp;&nbsp;&nbsp;&nbsp;&nbsp;&nbsp;&nbsp;&nbsp;&nbsp;&nbsp;&nbsp; &nbsp;&nbsp;&nbsp; <strong>2)<\/strong> ++\nStanis\u0142awa w 3 rocz. \u015bm. i Leszka \u2013 modli si\u0119 rodzina<strong>&nbsp; &nbsp;<\/strong>&nbsp;<\/p>\n\n\n\n<p><strong>14.03<em>. \u2013 PONIEDZIA\u0141EK<\/em><\/strong><\/p>\n\n\n\n<p><strong>&nbsp; 7.oo \u2013 <\/strong>&nbsp;w 17 rocz. urodzin Maksymiliana i w 52 rocz.\nurodzin Jana dzi\u0119kczynna z pro\u015bb\u0105 o\nzdrowie,<\/p>\n\n\n\n<p>&nbsp;&nbsp;&nbsp;&nbsp;&nbsp;&nbsp;&nbsp;&nbsp;&nbsp;&nbsp;&nbsp;&nbsp;&nbsp;&nbsp;&nbsp; &nbsp;dary Ducha \u015awi\u0119tego, Bo\u017ce b\u0142ogos\u0142awie\u0144stwo i\nopiek\u0119 NMP<\/p>\n\n\n\n<p><strong>18.oo\n\u2013 1) <\/strong>+ Wand\u0119 Kiernick\u0105 \u2013 gregorianka 5 <\/p>\n\n\n\n<p><strong>&nbsp;&nbsp;&nbsp;&nbsp;&nbsp;&nbsp;&nbsp;&nbsp;&nbsp;&nbsp;&nbsp; &nbsp;\n2)<\/strong> ++ ojca Stefana i m\u0119\u017ca Zygmunta \u2013 modli si\u0119 c\u00f3rka i\n\u017cona<\/p>\n\n\n\n<p><strong>15.03<em>. &#8211; WTOREK<\/em><\/strong><em><\/em><\/p>\n\n\n\n<p><strong>&nbsp; 7.oo \u2013 <\/strong>+ Wand\u0119\nKiernick\u0105 \u2013 gregorianka 6<\/p>\n\n\n\n<p><strong>18.oo\n\u2013 <\/strong>+ Ludwik\u0119 Szmigielsk\u0105 z racji ziemskich imienin \u2013\nmodli si\u0119 rodzina<\/p>\n\n\n\n<p><strong>16.03<em>. \u2013 \u015aRODA <\/em><\/strong><\/p>\n\n\n\n<p><strong>&nbsp; 7.oo \u2013 <\/strong>+ Wand\u0119\nKiernick\u0105 \u2013 gregorianka 7<\/p>\n\n\n\n<p><strong>18.oo\n\u2013&nbsp; intencja zbiorowa nowennowa:<\/strong><\/p>\n\n\n\n<p><strong>&nbsp;1)<\/strong> ++ Franciszk\u0119,\nMicha\u0142a, Stanis\u0142awa, Jana i J\u00f3zefa z rodziny Bilewicz\u00f3w \u2013 modli si\u0119 rodzina<\/p>\n\n\n\n<p><strong>&nbsp;2)<\/strong> ++ Teres\u0119 w 5 rocz.\n\u015bm. i Antoniego Srebniak\u00f3w<\/p>\n\n\n\n<p><strong>&nbsp;3)<\/strong><\/p>\n\n\n\n<p><strong>17.03<em>. \u2013 CZWARTEK <\/em><\/strong><em>&nbsp;<\/em><\/p>\n\n\n\n<p><strong>&nbsp; 7.oo \u2013<\/strong> &nbsp;<\/p>\n\n\n\n<p><strong>18.oo\n\u2013 1) <\/strong>&nbsp;+ Wand\u0119\nKiernick\u0105 \u2013 gregorianka 8<\/p>\n\n\n\n<p><strong>&nbsp;&nbsp;&nbsp;&nbsp;&nbsp;&nbsp;&nbsp;&nbsp;&nbsp;&nbsp;&nbsp; &nbsp;\n2)<\/strong> + J\u00f3zefa Trybusiewicza \u2013 modli si\u0119 \u017cona z rodzin\u0105<\/p>\n\n\n\n<p><strong>18.03<em>. \u2013 PI\u0104TEK<\/em><\/strong><\/p>\n\n\n\n<p><strong>&nbsp; 7.oo \u2013<\/strong> &nbsp;+ Wand\u0119 Kiernick\u0105 \u2013 gregorianka 9<\/p>\n\n\n\n<p><strong>&nbsp; 9.oo \u2013<\/strong><\/p>\n\n\n\n<p><strong>18.oo\n\u2013 1) <\/strong>+ Bogus\u0142awa Staszewskiego\nw 9 rocz. \u015bm.<strong>\n&nbsp;<\/strong><\/p>\n\n\n\n<p><strong>&nbsp;&nbsp;&nbsp;&nbsp;&nbsp;&nbsp;&nbsp;&nbsp;&nbsp;&nbsp;&nbsp; &nbsp;\n2)<\/strong> + Zenona Obieg\u0142\u0119 w 5\nrocz. \u015bm. &nbsp;<\/p>\n\n\n\n<p><strong><em>19.03. \u2013 SOBOTA<\/em><\/strong><\/p>\n\n\n\n<p><strong>&nbsp;7.oo \u2013<\/strong> <strong>1) <\/strong>&nbsp;+ Wand\u0119 Kiernick\u0105 \u2013\ngregorianka 10<\/p>\n\n\n\n<p><strong>&nbsp;&nbsp;&nbsp;&nbsp;&nbsp;&nbsp;&nbsp;&nbsp;&nbsp;&nbsp;&nbsp; &nbsp;\n2)<\/strong> + J\u00f3zef\u0119 Dro\u0144 w dniu\nziemskich imienin \u2013 modli si\u0119 rodzina<\/p>\n\n\n\n<p><strong>18.oo\n\u2013 1) <\/strong>zaj. P. Mielcarek\n<\/p>\n\n\n\n<p><strong>&nbsp;&nbsp;&nbsp;&nbsp;&nbsp;&nbsp;&nbsp;&nbsp;&nbsp;&nbsp;&nbsp; &nbsp;\n2)<\/strong> +J\u00f3zefa Filarowskiego w dniu ziemskich imienin oraz\n++ Rozali\u0119 i Micha\u0142a Filarowskich, <\/p>\n\n\n\n<p>&nbsp;&nbsp;&nbsp;&nbsp;&nbsp;&nbsp;&nbsp;&nbsp;&nbsp;&nbsp;&nbsp;&nbsp;&nbsp;&nbsp;&nbsp;&nbsp;\nAdama Wojdzika, Genowef\u0119 i Romana Adamczyk\u00f3w \u2013 modli si\u0119 rodzina <\/p>\n\n\n\n<p><strong><em>20.03. \u2013 NIEDZIELA&nbsp; <\/em><\/strong><\/p>\n\n\n\n<p><strong>&nbsp; 8.oo \u2013 1) <\/strong>++ J\u00f3zefa z racji imienin i Kazimier\u0119 Szymczak\u00f3w, Maryl\u0119 Sta\u0144czyk z domu\nSzymczak oraz<\/p>\n\n\n\n<p>&nbsp;&nbsp;&nbsp;&nbsp;&nbsp;&nbsp;&nbsp;&nbsp;&nbsp;&nbsp;&nbsp;&nbsp; &nbsp;&nbsp;&nbsp;&nbsp;&nbsp;Weronik\u0119 i Stanis\u0142awa Jakubowicz\u00f3w \u2013 modl\u0105 si\u0119\nsynowie z rodzin\u0105 <\/p>\n\n\n\n<p><strong>&nbsp;&nbsp;&nbsp;&nbsp;&nbsp;&nbsp;&nbsp;&nbsp;&nbsp;&nbsp;&nbsp; &nbsp;\n2)<\/strong> + J\u00f3zefa z racji ziemskich imienin oraz ++ z\nrodziny Liszewskich i Rudyk\u00f3w \u2013 modli si\u0119 rodzina<\/p>\n\n\n\n<p><strong>&nbsp; 9.3o \u2013 <\/strong>&nbsp;++ Eugeni\u0119 i Franciszka Woch\u00f3w oraz J\u00f3zefa\nLisa \u2013 modli si\u0119 rodzina <\/p>\n\n\n\n<p><strong>11.oo\n\u2013 1)<\/strong> ++ rodzic\u00f3w: Helen\u0119 w 4 rocz. \u015bm. i Jana St\u0119pieni\u00f3w\noraz brata Zygmunta \u2013 modl\u0105 si\u0119 c\u00f3rki <\/p>\n\n\n\n<p>&nbsp;&nbsp;&nbsp;&nbsp;&nbsp;&nbsp;&nbsp;&nbsp;&nbsp;&nbsp;&nbsp;&nbsp;&nbsp;&nbsp;&nbsp;&nbsp;&nbsp; i siostry z rodzinami<strong> <\/strong><\/p>\n\n\n\n<p><strong>&nbsp;&nbsp;&nbsp;&nbsp;&nbsp;&nbsp;&nbsp;&nbsp;&nbsp;&nbsp;&nbsp; &nbsp;\n2) <\/strong>++ Baltazara i Zofi\u0119\nKoz\u0142owskich, El\u017cbiet\u0119 Demczak oraz ++ z rodziny Raks\u00f3w, Koz\u0142owskich,<\/p>\n\n\n\n<p>&nbsp;&nbsp;&nbsp;&nbsp;&nbsp;&nbsp;&nbsp;&nbsp;&nbsp;&nbsp;&nbsp;&nbsp;&nbsp;&nbsp;&nbsp;&nbsp; &nbsp;Trubickich i \u017bybort\u00f3w\n<\/p>\n\n\n\n<p><strong>12.3o\n\u2013 1) <\/strong>w 15 rocz. urodzin Kacpra dzi\u0119kczynna\nz pro\u015bb\u0105 o zdrowie, dary Ducha \u015awi\u0119tego, Bo\u017ce<\/p>\n\n\n\n<p>&nbsp;&nbsp;&nbsp; &nbsp;&nbsp;&nbsp;&nbsp;&nbsp;&nbsp;&nbsp;&nbsp;&nbsp;&nbsp;&nbsp;&nbsp;&nbsp;&nbsp;&nbsp;b\u0142ogos\u0142awie\u0144stwo i opiek\u0119 NMP \u2013 modli si\u0119 rodzina<\/p>\n\n\n\n<p><strong>&nbsp;&nbsp;&nbsp;&nbsp;&nbsp;&nbsp;&nbsp;&nbsp;&nbsp;&nbsp;&nbsp; &nbsp;\n2)<\/strong> w 21 rocz.\nurodzin Zachariasza dzi\u0119kczynna z pro\u015bb\u0105 o zdrowie, dary Ducha \u015awi\u0119tego, Bo\u017ce<\/p>\n\n\n\n<p>&nbsp;&nbsp;&nbsp; &nbsp;&nbsp;&nbsp;&nbsp;&nbsp;&nbsp;&nbsp;&nbsp;&nbsp;&nbsp;&nbsp;&nbsp;&nbsp;&nbsp;&nbsp;b\u0142ogos\u0142awie\u0144stwo i opiek\u0119 NMP \u2013 modli si\u0119 mama\nz rodzin\u0105<\/p>\n\n\n\n<p><strong>18.oo\n\u2013 1) <\/strong>&nbsp;+ Wand\u0119\nKiernick\u0105 \u2013 gregorianka 11<\/p>\n\n\n\n<p><strong>&nbsp;&nbsp;&nbsp;&nbsp;&nbsp;&nbsp;&nbsp;&nbsp;&nbsp;&nbsp;&nbsp; &nbsp;\n2)<\/strong> ++ Stanis\u0142aw\u0119 i Franciszka Jakubowicz\u00f3w \u2013 modl\u0105 si\u0119\nc\u00f3rki, zi\u0119ciowie, wnuki i prawnuki<\/p>\n","protected":false},"excerpt":{"rendered":"<p>Sk\u0142adaj\u0105c Ofiar\u0119, kt\u00f3ra nam przypomina niezmierzon\u0105 mi\u0142o\u015b\u0107 Twojego Syna, pokornie prosimy Ci\u0119, Bo\u017ce, przyjmij intencje Twoich wiernych i spraw przez dzia\u0142anie Eucharystii, aby w naszych rodzinach wzrasta\u0142a prawdziwa wiara, \u015bwi\u0119to\u015b\u0107 \u017cycia, braterska mi\u0142o\u015b\u0107 i duch modlitwy. Niech Matka Naj\u015bwi\u0119tsza wyprosi \u0142aski, o kt\u00f3re modlili\u015bmy si\u0119 w tej Mszy \u015bw. dla&#8230; <a class=\"continue-reading-link\" href=\"http:\/\/parafia.scinawa.info\/index.php\/2022\/03\/12\/intencje-mszalne-13-03-20-03-2022\/\">Czytaj dalej <span class=\"meta-nav\">&rarr; <\/span><\/a><\/p>\n","protected":false},"author":2,"featured_media":0,"comment_status":"closed","ping_status":"closed","sticky":false,"template":"","format":"standard","meta":{"footnotes":""},"categories":[39],"tags":[],"class_list":["post-1972","post","type-post","status-publish","format-standard","hentry","category-intencje"],"_links":{"self":[{"href":"http:\/\/parafia.scinawa.info\/index.php\/wp-json\/wp\/v2\/posts\/1972","targetHints":{"allow":["GET"]}}],"collection":[{"href":"http:\/\/parafia.scinawa.info\/index.php\/wp-json\/wp\/v2\/posts"}],"about":[{"href":"http:\/\/parafia.scinawa.info\/index.php\/wp-json\/wp\/v2\/types\/post"}],"author":[{"embeddable":true,"href":"http:\/\/parafia.scinawa.info\/index.php\/wp-json\/wp\/v2\/users\/2"}],"replies":[{"embeddable":true,"href":"http:\/\/parafia.scinawa.info\/index.php\/wp-json\/wp\/v2\/comments?post=1972"}],"version-history":[{"count":1,"href":"http:\/\/parafia.scinawa.info\/index.php\/wp-json\/wp\/v2\/posts\/1972\/revisions"}],"predecessor-version":[{"id":1973,"href":"http:\/\/parafia.scinawa.info\/index.php\/wp-json\/wp\/v2\/posts\/1972\/revisions\/1973"}],"wp:attachment":[{"href":"http:\/\/parafia.scinawa.info\/index.php\/wp-json\/wp\/v2\/media?parent=1972"}],"wp:term":[{"taxonomy":"category","embeddable":true,"href":"http:\/\/parafia.scinawa.info\/index.php\/wp-json\/wp\/v2\/categories?post=1972"},{"taxonomy":"post_tag","embeddable":true,"href":"http:\/\/parafia.scinawa.info\/index.php\/wp-json\/wp\/v2\/tags?post=1972"}],"curies":[{"name":"wp","href":"https:\/\/api.w.org\/{rel}","templated":true}]}}