{"id":1979,"date":"2022-03-26T10:10:16","date_gmt":"2022-03-26T09:10:16","guid":{"rendered":"http:\/\/parafia.scinawa.info\/?p=1979"},"modified":"2022-03-26T10:10:16","modified_gmt":"2022-03-26T09:10:16","slug":"intencje-mszalne-27-03-03-04-2022","status":"publish","type":"post","link":"http:\/\/parafia.scinawa.info\/index.php\/2022\/03\/26\/intencje-mszalne-27-03-03-04-2022\/","title":{"rendered":"INTENCJE MSZALNE 27.03 \u2013 03.04. 2022"},"content":{"rendered":"\n<p><strong><em>Sk\u0142adaj\u0105c\nOfiar\u0119, kt\u00f3ra nam przypomina niezmierzon\u0105 mi\u0142o\u015b\u0107 Twojego Syna, pokornie prosimy\nCi\u0119, Bo\u017ce, przyjmij intencje Twoich wiernych i spraw przez dzia\u0142anie\nEucharystii, aby w naszych rodzinach wzrasta\u0142a prawdziwa wiara, \u015bwi\u0119to\u015b\u0107 \u017cycia,\nbraterska mi\u0142o\u015b\u0107 i duch modlitwy. <\/em><\/strong><strong>Niech\nMatka Naj\u015bwi\u0119tsza wyprosi \u0142aski, o kt\u00f3re modlili\u015bmy si\u0119 w tej Mszy \u015bw. dla \u2026\nZa\u015b zmar\u0142ym \u2026 za kt\u00f3rych odprawiali\u015bmy Msz\u0119 \u015bw.: wieczny odpoczynek racz im\nda\u0107 Panie (\u2026); niech odpoczywaj\u0105 w pokoju wiecznym. Amen<\/strong><\/p>\n\n\n\n<p><strong>27.03<em>. &#8211; NIEDZIELA&nbsp; <\/em><\/strong><em><\/em><\/p>\n\n\n\n<p><strong>&nbsp;8.oo \u2013 1) <\/strong>&nbsp;+ Wand\u0119 Kiernick\u0105 \u2013 gregorianka 18<\/p>\n\n\n\n<p><strong>&nbsp;&nbsp;&nbsp;&nbsp;&nbsp;&nbsp;&nbsp;&nbsp;&nbsp;&nbsp;&nbsp; &nbsp;\n2)<\/strong> + Jerzego Eichstaedta w 2 rocz. \u015bm. \u2013 modli si\u0119\nsiostra z rodzin\u0105<\/p>\n\n\n\n<p><strong>&nbsp; 9.3o \u2013 <\/strong>&nbsp;++ rodzic\u00f3w: Rozali\u0119 i Wac\u0142awa Cie\u015blak\u00f3w \u2013\nmodli si\u0119 c\u00f3rka z rodzin\u0105 <\/p>\n\n\n\n<p><strong>11.oo\n\u2013 1) <\/strong>+ J\u00f3zefa D\u0105browskiego w 12\nrocz. \u015bm. oraz ++ z rodziny Forenc\u00f3w i D\u0105browskich \u2013 modli si\u0119<\/p>\n\n\n\n<p>&nbsp;&nbsp;&nbsp;&nbsp;&nbsp;&nbsp;&nbsp;&nbsp;&nbsp;&nbsp;&nbsp;&nbsp;&nbsp;&nbsp;&nbsp;&nbsp; &nbsp;rodzina<\/p>\n\n\n\n<p><strong>&nbsp;&nbsp;&nbsp;&nbsp;&nbsp;&nbsp;&nbsp;&nbsp;&nbsp;&nbsp;&nbsp; &nbsp;\n2) <\/strong>w intencji siostry Ancilli\nz racji imienin dzi\u0119kczynna z pro\u015bb\u0105 o zdrowie, dary Ducha \u015awi\u0119tego, <\/p>\n\n\n\n<p>&nbsp;&nbsp;&nbsp;&nbsp;&nbsp;&nbsp;&nbsp;&nbsp;&nbsp;&nbsp;&nbsp;&nbsp;&nbsp;&nbsp;&nbsp;&nbsp;&nbsp; Bo\u017ce b\u0142ogos\u0142awie\u0144stwo\ni opiek\u0119 NMP &nbsp;<\/p>\n\n\n\n<p><strong>12.3o\n\u2013 1) <\/strong>w 91 rocz. urodzin mamy\nBronis\u0142awy<strong> <\/strong>dzi\u0119kczynna z pro\u015bb\u0105 o zdrowie, dary Ducha \u015awi\u0119tego,<\/p>\n\n\n\n<p>&nbsp;&nbsp;&nbsp;&nbsp;&nbsp;&nbsp;&nbsp;&nbsp;&nbsp;&nbsp;&nbsp;&nbsp;&nbsp;&nbsp;&nbsp; &nbsp;Bo\u017ce b\u0142ogos\u0142awie\u0144stwo i opiek\u0119 NMP na dalsze\nlata \u017cycia \u2013 modl\u0105 si\u0119 dzieci z rodzinami<\/p>\n\n\n\n<p><strong>&nbsp;&nbsp;&nbsp;&nbsp;&nbsp;&nbsp;&nbsp;&nbsp;&nbsp;&nbsp;&nbsp; &nbsp;\n2)<\/strong> w 50 rocz. \u015blubu Ireny i\nW\u0142adys\u0142awa \u0141obod\u017ac\u00f3w dzi\u0119kczynna z pro\u015bb\u0105 o zdrowie, dary Ducha<\/p>\n\n\n\n<p>&nbsp;&nbsp;&nbsp;&nbsp;&nbsp;&nbsp;&nbsp;&nbsp;&nbsp;&nbsp;&nbsp;&nbsp;&nbsp;&nbsp;&nbsp;&nbsp; &nbsp;\u015awi\u0119tego, Bo\u017ce b\u0142ogos\u0142awie\u0144stwo i opiek\u0119 NMP\n\u2013 modl\u0105 si\u0119 dzieci, wnuki i prawnuczka<\/p>\n\n\n\n<p><strong>18.oo\n\u2013 &nbsp;<\/strong>+ m\u0119\u017ca W\u0142odzimierza Karabanika w 1 rocz. \u015bm. oraz ++ te\u015bci\u00f3w i rodzic\u00f3w<strong>&nbsp;\n&nbsp;<\/strong>&nbsp;<\/p>\n\n\n\n<p><strong>28.03<em>. \u2013 PONIEDZIA\u0141EK<\/em><\/strong><\/p>\n\n\n\n<p><strong>&nbsp; 7.oo \u2013 <\/strong>o Bo\u017ce\nb\u0142ogos\u0142awie\u0144stwo, potrzebne \u0142aski i opiek\u0119 NMP dla Aliny Obsza\u0144skiej oraz jej\nrodziny<\/p>\n\n\n\n<p><strong>18.oo\n\u2013 1) <\/strong>+ Wand\u0119 Kiernick\u0105 \u2013 gregorianka 19 <\/p>\n\n\n\n<p><strong>&nbsp;&nbsp;&nbsp;&nbsp;&nbsp;&nbsp;&nbsp;&nbsp;&nbsp;&nbsp;&nbsp; &nbsp;\n2)<\/strong> + Czes\u0142awa Moli\u0144skiego w\n1 rocz. \u015bm. \u2013 modli si\u0119 rodzina <\/p>\n\n\n\n<p><strong>29.03<em>. &#8211; WTOREK<\/em><\/strong><em><\/em><\/p>\n\n\n\n<p><strong>&nbsp; 7.oo \u2013<\/strong> + Stanis\u0142awa Kubal\u0119 \u2013 modli si\u0119 rodzina<\/p>\n\n\n\n<p><strong>18.oo\n\u2013 <\/strong>+\nWand\u0119 Kiernick\u0105 \u2013 gregorianka 20 <\/p>\n\n\n\n<p><strong>30.03<em>. \u2013 \u015aRODA <\/em><\/strong><\/p>\n\n\n\n<p><strong>&nbsp;&nbsp;7.oo \u2013 <\/strong>+\nWand\u0119 Kiernick\u0105 \u2013 gregorianka 21<\/p>\n\n\n\n<p><strong>18.oo\n\u2013&nbsp; intencja zbiorowa nowennowa:<\/strong><\/p>\n\n\n\n<p><strong>&nbsp;1)<\/strong> o zdrowie dla Wladika\nTurowskiego, Bo\u017ce b\u0142ogos\u0142awie\u0144stwo i opiek\u0119 NMP<\/p>\n\n\n\n<p><strong>&nbsp;2)<\/strong> o zdrowie, dobre\nwyniki lekarskie, opiek\u0119 NMP i \u015bw. Patron\u00f3w<\/p>\n\n\n\n<p><strong>&nbsp;3)<\/strong> + Zdzis\u0142awa Bienia \u2013 modli si\u0119 kuzyn Andrzej Ro\u017cek z \u017con\u0105 W\u0142adys\u0142aw\u0105<\/p>\n\n\n\n<p><strong>&nbsp;4)<\/strong><\/p>\n\n\n\n<p><strong>31.03<em>. \u2013 CZWARTEK <\/em><\/strong><em>&nbsp;<\/em><\/p>\n\n\n\n<p><strong>&nbsp; 7.oo \u2013<\/strong> &nbsp;+ m\u0119\u017ca Edwarda Marcinowa w 19 rocz. \u015bm. oraz\n++ rodzic\u00f3w z obu stron<\/p>\n\n\n\n<p><strong>18.oo\n\u2013 1) <\/strong>&nbsp;+ Wand\u0119\nKiernick\u0105 \u2013 gregorianka 22<\/p>\n\n\n\n<p><strong>&nbsp;&nbsp;&nbsp;&nbsp;&nbsp;&nbsp;&nbsp;&nbsp;&nbsp;&nbsp;&nbsp; &nbsp;\n2)<\/strong> ++ Henryk\u0119 i Mariana oraz ++ z rodziny Cielas\u00f3w,\nKlepackich i Rosik\u00f3w \u2013 modli si\u0119 rodzina<\/p>\n\n\n\n<p><strong>01.04<em>. \u2013 PI\u0104TEK<\/em><\/strong><\/p>\n\n\n\n<p><strong>&nbsp;7.oo \u2013<\/strong> &nbsp;<strong>1) <\/strong>&nbsp;+ Wand\u0119 Kiernick\u0105 \u2013 gregorianka 23<\/p>\n\n\n\n<p><strong>&nbsp;&nbsp;&nbsp;&nbsp;&nbsp;&nbsp;&nbsp;&nbsp;&nbsp;&nbsp;&nbsp; &nbsp;\n2)<\/strong> + Grzegorza i dusze w\nczy\u015b\u0107cu cierpi\u0105ce<\/p>\n\n\n\n<p><strong>18.oo\n\u2013 1) <\/strong>+ brata W\u0142adys\u0142awa Kubika\nw 9 rocz. \u015bm. \u2013 modli si\u0119 siostra z rodzin\u0105 &nbsp;<\/p>\n\n\n\n<p><strong>&nbsp;&nbsp;&nbsp;&nbsp;&nbsp;&nbsp;&nbsp;&nbsp;&nbsp;&nbsp;&nbsp; &nbsp;\n2)<\/strong> + Mariana Szymczyka w 8 rocz. \u015bm. i w 80 rocz. jego\nziemskich urodzin \u2013 modli si\u0119 c\u00f3rka <\/p>\n\n\n\n<p>&nbsp;&nbsp;&nbsp;&nbsp;&nbsp;&nbsp;&nbsp;&nbsp;&nbsp;&nbsp;&nbsp;&nbsp;&nbsp;&nbsp;&nbsp;&nbsp;\nz rodzin\u0105 <\/p>\n\n\n\n<p>&nbsp;&nbsp;&nbsp;&nbsp;&nbsp;&nbsp;&nbsp;&nbsp;&nbsp;&nbsp;&nbsp; &nbsp; <strong>3)<\/strong> w 90\nrocz. urodzin Emila dzi\u0119kczynna z pro\u015bb\u0105\no zdrowie, dary Ducha \u015awi\u0119tego, <\/p>\n\n\n\n<p>&nbsp;&nbsp;&nbsp;&nbsp;&nbsp;&nbsp;&nbsp;&nbsp;&nbsp;&nbsp;&nbsp;&nbsp;&nbsp;&nbsp;&nbsp;&nbsp;&nbsp; Bo\u017ce b\u0142ogos\u0142awie\u0144stwo i\nopiek\u0119 NMP \u2013 modli si\u0119 rodzina<\/p>\n\n\n\n<p><strong><em>02.04. \u2013 SOBOTA<\/em><\/strong><\/p>\n\n\n\n<p><strong>&nbsp; &nbsp;&nbsp;7.oo\n\u2013<\/strong>\n<\/p>\n\n\n\n<p><strong>18.oo\n\u2013 1) <\/strong>&nbsp;+ Wand\u0119\nKiernick\u0105 \u2013 gregorianka 24<\/p>\n\n\n\n<p><strong>&nbsp;&nbsp;&nbsp;&nbsp;&nbsp;&nbsp;&nbsp;&nbsp;&nbsp;&nbsp;&nbsp; &nbsp;\n2)<\/strong> + Halin\u0119 Petru\u015b \u2013 modli si\u0119\nEl\u017cbieta \u017bygad\u0142o i W\u0142adys\u0142aw Procyszyn &nbsp;<\/p>\n\n\n\n<p><strong><em>03.04. \u2013 NIEDZIELA&nbsp; <\/em><\/strong><\/p>\n\n\n\n<p><strong>&nbsp; 8.oo \u2013 1) <\/strong>+ m\u0119\u017ca Ryszarda z racji ziemskich urodzin i imienin oraz ++ rodzic\u00f3w,\nrodze\u0144stwo, te\u015bci\u00f3w<\/p>\n\n\n\n<p>&nbsp;&nbsp;&nbsp;&nbsp;&nbsp;&nbsp;&nbsp;&nbsp;&nbsp;&nbsp;&nbsp;&nbsp;&nbsp;&nbsp;&nbsp;&nbsp; &nbsp;i zi\u0119cia Ryszarda \u2013 modli si\u0119 rodzina\n<\/p>\n\n\n\n<p><strong>&nbsp;&nbsp;&nbsp;&nbsp;&nbsp;&nbsp;&nbsp;&nbsp;&nbsp;&nbsp;&nbsp; &nbsp;\n2)<\/strong> + Wand\u0119 Kiernick\u0105 \u2013 gregorianka 25<\/p>\n\n\n\n<p><strong>&nbsp; 9.3o \u2013 <\/strong>+ Mariann\u0119 Kresk\u0119 w 1 rocz. \u015bm. \u2013 modli si\u0119 chrze\u015bnica z rodzin\u0105\n&nbsp;<\/p>\n\n\n\n<p><strong>11.oo\n\u20131) <\/strong>++ rodzic\u00f3w: Katarzyn\u0119 i J\u00f3zefa oraz brata J\u00f3zafa z\nrodziny Demczyszak\u00f3w \u2013 modli si\u0119 rodzina<\/p>\n\n\n\n<p><strong>&nbsp;&nbsp;&nbsp;&nbsp;&nbsp;&nbsp;&nbsp;&nbsp;&nbsp;&nbsp;&nbsp; &nbsp;\n2)<\/strong> + Janin\u0119 Wo\u017aniak w 2\nrocz. \u015bm. \u2013 modl\u0105 si\u0119 synowie: Grzegorz, Gabriel i Krzysztof<strong> <\/strong>&nbsp;<\/p>\n\n\n\n<p><strong>12.3o\n\u2013 1) <\/strong>+ Jadwig\u0119 Szpularz w 1\nrocz. \u015bm. \u2013 modl\u0105 si\u0119 c\u00f3rki z rodzinami <\/p>\n\n\n\n<p><strong>&nbsp;&nbsp; &nbsp;&nbsp;&nbsp;&nbsp;&nbsp;&nbsp;&nbsp;&nbsp;&nbsp;2)<\/strong> ++ J\u00f3zefa\nKucego w 2 rocz. \u015bm., Soni\u0119 Orze\u0142 w 11 rocz. \u015bm., Franciszka Kie\u0142bowicza w 30<\/p>\n\n\n\n<p>&nbsp;&nbsp;&nbsp;&nbsp;&nbsp;&nbsp;&nbsp;&nbsp;&nbsp;&nbsp;&nbsp;&nbsp;&nbsp;&nbsp;&nbsp; &nbsp;rocz. \u015bm., Antoniego Kulika w 46 rocz. \u015bm.\noraz dusze w czy\u015b\u0107cu cierpi\u0105ce \u2013 modli si\u0119 rodzina<\/p>\n\n\n\n<p><strong><em>Chrzest\npo Mszy: Jan Micha\u0142 Kazimierczak<\/em><\/strong><\/p>\n\n\n\n<p><strong>18.oo\n\u2013 1) <\/strong>+ Larys\u0119 w 2 rocz. \u015bm. \u2013\nmodli si\u0119 c\u00f3rka z dzie\u0107mi <\/p>\n\n\n\n<p><strong>&nbsp;&nbsp;&nbsp;&nbsp;&nbsp;&nbsp;&nbsp;&nbsp;&nbsp;&nbsp;&nbsp; &nbsp;\n2)<\/strong> w 30 rocz. urodzin m\u0119\u017ca Damiana dzi\u0119kczynna z pro\u015bb\u0105 o zdrowie, dary Ducha<\/p>\n\n\n\n<p>&nbsp;&nbsp;&nbsp;&nbsp;&nbsp;&nbsp;&nbsp;&nbsp;&nbsp;&nbsp;&nbsp;&nbsp;&nbsp;&nbsp;&nbsp;&nbsp; &nbsp;\u015awi\u0119tego, Bo\u017ce b\u0142ogos\u0142awie\u0144stwo i opiek\u0119 NMP\n\u2013 modli si\u0119 \u017cona z rodzin\u0105<\/p>\n","protected":false},"excerpt":{"rendered":"<p>Sk\u0142adaj\u0105c Ofiar\u0119, kt\u00f3ra nam przypomina niezmierzon\u0105 mi\u0142o\u015b\u0107 Twojego Syna, pokornie prosimy Ci\u0119, Bo\u017ce, przyjmij intencje Twoich wiernych i spraw przez dzia\u0142anie Eucharystii, aby w naszych rodzinach wzrasta\u0142a prawdziwa wiara, \u015bwi\u0119to\u015b\u0107 \u017cycia, braterska mi\u0142o\u015b\u0107 i duch modlitwy. Niech Matka Naj\u015bwi\u0119tsza wyprosi \u0142aski, o kt\u00f3re modlili\u015bmy si\u0119 w tej Mszy \u015bw. dla&#8230; <a class=\"continue-reading-link\" href=\"http:\/\/parafia.scinawa.info\/index.php\/2022\/03\/26\/intencje-mszalne-27-03-03-04-2022\/\">Czytaj dalej <span class=\"meta-nav\">&rarr; <\/span><\/a><\/p>\n","protected":false},"author":2,"featured_media":0,"comment_status":"closed","ping_status":"closed","sticky":false,"template":"","format":"standard","meta":{"footnotes":""},"categories":[39],"tags":[],"class_list":["post-1979","post","type-post","status-publish","format-standard","hentry","category-intencje"],"_links":{"self":[{"href":"http:\/\/parafia.scinawa.info\/index.php\/wp-json\/wp\/v2\/posts\/1979","targetHints":{"allow":["GET"]}}],"collection":[{"href":"http:\/\/parafia.scinawa.info\/index.php\/wp-json\/wp\/v2\/posts"}],"about":[{"href":"http:\/\/parafia.scinawa.info\/index.php\/wp-json\/wp\/v2\/types\/post"}],"author":[{"embeddable":true,"href":"http:\/\/parafia.scinawa.info\/index.php\/wp-json\/wp\/v2\/users\/2"}],"replies":[{"embeddable":true,"href":"http:\/\/parafia.scinawa.info\/index.php\/wp-json\/wp\/v2\/comments?post=1979"}],"version-history":[{"count":1,"href":"http:\/\/parafia.scinawa.info\/index.php\/wp-json\/wp\/v2\/posts\/1979\/revisions"}],"predecessor-version":[{"id":1980,"href":"http:\/\/parafia.scinawa.info\/index.php\/wp-json\/wp\/v2\/posts\/1979\/revisions\/1980"}],"wp:attachment":[{"href":"http:\/\/parafia.scinawa.info\/index.php\/wp-json\/wp\/v2\/media?parent=1979"}],"wp:term":[{"taxonomy":"category","embeddable":true,"href":"http:\/\/parafia.scinawa.info\/index.php\/wp-json\/wp\/v2\/categories?post=1979"},{"taxonomy":"post_tag","embeddable":true,"href":"http:\/\/parafia.scinawa.info\/index.php\/wp-json\/wp\/v2\/tags?post=1979"}],"curies":[{"name":"wp","href":"https:\/\/api.w.org\/{rel}","templated":true}]}}