{"id":1983,"date":"2022-04-02T12:24:37","date_gmt":"2022-04-02T10:24:37","guid":{"rendered":"http:\/\/parafia.scinawa.info\/?p=1983"},"modified":"2022-04-02T12:24:37","modified_gmt":"2022-04-02T10:24:37","slug":"intencje-mszalne-03-04-10-04-2022","status":"publish","type":"post","link":"http:\/\/parafia.scinawa.info\/index.php\/2022\/04\/02\/intencje-mszalne-03-04-10-04-2022\/","title":{"rendered":"INTENCJE MSZALNE 03.04 \u2013 10.04. 2022"},"content":{"rendered":"\n<p><strong><em>Sk\u0142adaj\u0105c\nOfiar\u0119, kt\u00f3ra nam przypomina niezmierzon\u0105 mi\u0142o\u015b\u0107 Twojego Syna, pokornie prosimy\nCi\u0119, Bo\u017ce, przyjmij intencje Twoich wiernych i spraw przez dzia\u0142anie\nEucharystii, aby w naszych rodzinach wzrasta\u0142a prawdziwa wiara, \u015bwi\u0119to\u015b\u0107 \u017cycia,\nbraterska mi\u0142o\u015b\u0107 i duch modlitwy. <\/em><\/strong><strong>Niech\nMatka Naj\u015bwi\u0119tsza wyprosi \u0142aski, o kt\u00f3re modlili\u015bmy si\u0119 w tej Mszy \u015bw. dla \u2026\nZa\u015b zmar\u0142ym \u2026 za kt\u00f3rych odprawiali\u015bmy Msz\u0119 \u015bw.: wieczny odpoczynek racz im\nda\u0107 Panie (\u2026); niech odpoczywaj\u0105 w pokoju wiecznym. Amen<\/strong><\/p>\n\n\n\n<p><strong>03.04<em>. &#8211; NIEDZIELA&nbsp; <\/em><\/strong><em><\/em><\/p>\n\n\n\n<p><strong>&nbsp; 8.oo \u2013 1) <\/strong>+ m\u0119\u017ca Ryszarda z racji ziemskich urodzin i imienin oraz ++ rodzic\u00f3w,\nrodze\u0144stwo, te\u015bci\u00f3w<\/p>\n\n\n\n<p>&nbsp;&nbsp;&nbsp;&nbsp;&nbsp;&nbsp;&nbsp;&nbsp;&nbsp;&nbsp;&nbsp;&nbsp;&nbsp;&nbsp;&nbsp;&nbsp; &nbsp;i zi\u0119cia Ryszarda \u2013 modli si\u0119 rodzina\n<\/p>\n\n\n\n<p><strong>&nbsp;&nbsp;&nbsp;&nbsp;&nbsp;&nbsp;&nbsp;&nbsp;&nbsp;&nbsp;&nbsp; &nbsp;\n2)<\/strong> + Wand\u0119 Kiernick\u0105 \u2013 gregorianka 25<\/p>\n\n\n\n<p><strong>&nbsp; 9.3o \u2013 <\/strong>+ Mariann\u0119 Kresk\u0119 w 1 rocz. \u015bm. \u2013 modli si\u0119 chrze\u015bnica z rodzin\u0105\n&nbsp;<\/p>\n\n\n\n<p><strong>11.oo\n\u20131) <\/strong>++ rodzic\u00f3w: Katarzyn\u0119 i J\u00f3zefa oraz brata J\u00f3zafa z\nrodziny Demczyszak\u00f3w \u2013 modli si\u0119 rodzina<\/p>\n\n\n\n<p><strong>&nbsp;&nbsp;&nbsp;&nbsp;&nbsp;&nbsp;&nbsp;&nbsp;&nbsp;&nbsp;&nbsp; &nbsp;\n2)<\/strong> + Janin\u0119 Wo\u017aniak w 2\nrocz. \u015bm. \u2013 modl\u0105 si\u0119 synowie: Grzegorz, Gabriel i Krzysztof<strong> <\/strong>&nbsp;<\/p>\n\n\n\n<p><strong>12.3o\n\u2013 1) <\/strong>+ Jadwig\u0119 Szpularz w 1\nrocz. \u015bm. \u2013 modl\u0105 si\u0119 c\u00f3rki z rodzinami <\/p>\n\n\n\n<p><strong>&nbsp;&nbsp; &nbsp;&nbsp;&nbsp;&nbsp;&nbsp;&nbsp;&nbsp;&nbsp;&nbsp;2)<\/strong> ++ J\u00f3zefa\nKucego w 2 rocz. \u015bm., Soni\u0119 Orze\u0142 w 11 rocz. \u015bm., Franciszka Kie\u0142bowicza w 30<\/p>\n\n\n\n<p>&nbsp;&nbsp;&nbsp;&nbsp;&nbsp;&nbsp;&nbsp;&nbsp;&nbsp;&nbsp;&nbsp;&nbsp;&nbsp;&nbsp;&nbsp; &nbsp;rocz. \u015bm., Antoniego Kulika w 46 rocz. \u015bm.\noraz dusze w czy\u015b\u0107cu cierpi\u0105ce \u2013 modli si\u0119 rodzina<\/p>\n\n\n\n<p><strong><em>Chrzest\npo Mszy: Jan Micha\u0142 Kazimierczak<\/em><\/strong><\/p>\n\n\n\n<p><strong>18.oo\n\u2013 1) <\/strong>+ Larys\u0119 w 2 rocz. \u015bm. \u2013\nmodli si\u0119 c\u00f3rka z dzie\u0107mi <\/p>\n\n\n\n<p><strong>&nbsp;&nbsp;&nbsp;&nbsp;&nbsp;&nbsp;&nbsp;&nbsp;&nbsp;&nbsp;&nbsp; &nbsp;\n2)<\/strong> w 30 rocz. urodzin m\u0119\u017ca Damiana dzi\u0119kczynna z pro\u015bb\u0105 o zdrowie, dary Ducha<\/p>\n\n\n\n<p>&nbsp;&nbsp;&nbsp;&nbsp;&nbsp;&nbsp;&nbsp;&nbsp;&nbsp;&nbsp;&nbsp;&nbsp;&nbsp;&nbsp;&nbsp;&nbsp; &nbsp;\u015awi\u0119tego, Bo\u017ce b\u0142ogos\u0142awie\u0144stwo i opiek\u0119 NMP\n\u2013 modli si\u0119 \u017cona z rodzin\u0105<strong>&nbsp; &nbsp;<\/strong>&nbsp;<\/p>\n\n\n\n<p><strong>04.04<em>. \u2013 PONIEDZIA\u0141EK<\/em><\/strong><\/p>\n\n\n\n<p><strong>&nbsp; &nbsp;&nbsp;7.oo\n\u2013 <\/strong>&nbsp;+ Wand\u0119 Kiernick\u0105 \u2013 gregorianka 26<\/p>\n\n\n\n<p><strong>18.oo\n\u2013 1) <\/strong>+ Jadwig\u0119 Szpularz w 1\nrocz. \u015bm. \u2013 modli si\u0119 Franciszek z rodzin\u0105<strong>\n&nbsp;<\/strong><\/p>\n\n\n\n<p><strong>&nbsp;&nbsp;&nbsp;&nbsp;&nbsp;&nbsp;&nbsp;&nbsp;&nbsp;&nbsp;&nbsp; &nbsp;\n2)<\/strong> w intencji Pauliny i Paw\u0142a z racji urodzin dzi\u0119kczynna z pro\u015bb\u0105 o potrzebne \u0142aski, zdrowie,\ndary <\/p>\n\n\n\n<p>&nbsp;&nbsp;&nbsp;&nbsp;&nbsp;&nbsp;&nbsp;&nbsp;&nbsp;&nbsp;&nbsp;&nbsp;&nbsp;&nbsp;&nbsp;&nbsp; Ducha \u015awi\u0119tego, Bo\u017ce\nb\u0142ogos\u0142awie\u0144stwo i opiek\u0119 NMP<\/p>\n\n\n\n<p><strong>05.04<em>. &#8211; WTOREK<\/em><\/strong><em><\/em><\/p>\n\n\n\n<p><strong>&nbsp; 7.oo \u2013<\/strong> ++ rodzic\u00f3w i rodze\u0144stwo z rodziny Paw\u0142owskich i Plicht\u00f3w \u2013 modli si\u0119 rodzina<\/p>\n\n\n\n<p><strong>18.oo\n\u2013 <\/strong>+\nWand\u0119 Kiernick\u0105 \u2013 gregorianka 27<\/p>\n\n\n\n<p><strong>06.04<em>. \u2013 \u015aRODA <\/em><\/strong><\/p>\n\n\n\n<p><strong>&nbsp; 7.oo \u2013 <\/strong>+ Wand\u0119\nKiernick\u0105 \u2013 gregorianka 28<\/p>\n\n\n\n<p><strong>18.oo\n\u2013&nbsp; intencja zbiorowa nowennowa:<\/strong><\/p>\n\n\n\n<p><strong>&nbsp;1)<\/strong> o zdrowie, dobre\nwyniki lekarskie, opiek\u0119 NMP i \u015bw. Patron\u00f3w<\/p>\n\n\n\n<p><strong>&nbsp;2)<\/strong> <\/p>\n\n\n\n<p><strong>&nbsp;3)<\/strong><\/p>\n\n\n\n<p><strong>&nbsp;4)<\/strong><\/p>\n\n\n\n<p><strong>07.04<em>. \u2013 CZWARTEK <\/em><\/strong><em>&nbsp;<\/em><\/p>\n\n\n\n<p><strong>&nbsp; 8.oo \u2013<\/strong> + syna Miros\u0142awa \u2013\nmodli si\u0119 mama <\/p>\n\n\n\n<p><strong>11.oo\n\u2013<\/strong> w 50 rocz. urodzin syna dzi\u0119kczynna z pro\u015bb\u0105 o\npotrzebne \u0142aski, zdrowie, dary <\/p>\n\n\n\n<p>&nbsp;&nbsp;&nbsp;&nbsp;&nbsp;&nbsp;&nbsp;&nbsp;&nbsp;&nbsp;&nbsp;&nbsp;&nbsp;&nbsp;&nbsp;&nbsp; Ducha \u015awi\u0119tego, Bo\u017ce\nb\u0142ogos\u0142awie\u0144stwo i opiek\u0119 NMP \u2013 modli si\u0119 mama<\/p>\n\n\n\n<p><strong>16.oo\n\u2013<\/strong> + Gabriela Szadkowskiego &#8211;\n30 dzie\u0144 od pogrzebu &#8211; intencja od uczestnik\u00f3w Mszy pogrzebowej<\/p>\n\n\n\n<p><strong>18.oo\n\u2013 1) <\/strong>&nbsp;+ Wand\u0119\nKiernick\u0105 \u2013 gregorianka 29<\/p>\n\n\n\n<p><strong>&nbsp;&nbsp;&nbsp;&nbsp;&nbsp;&nbsp;&nbsp;&nbsp;&nbsp;&nbsp;&nbsp; &nbsp;\n2)<\/strong> o powo\u0142ania kap\u0142a\u0144skie, za kleryk\u00f3w i nasze\nSeminarium \u2013 modli si\u0119 Towarzystwo Przyjaci\u00f3\u0142<\/p>\n\n\n\n<p>&nbsp;&nbsp;&nbsp;&nbsp;&nbsp;&nbsp;&nbsp;&nbsp;&nbsp;&nbsp;&nbsp;&nbsp;&nbsp;&nbsp;&nbsp;&nbsp; &nbsp;Seminarium<\/p>\n\n\n\n<p><strong>08.04<em>. \u2013 PI\u0104TEK<\/em><\/strong><\/p>\n\n\n\n<p><strong>&nbsp; 8.oo \u2013<\/strong> + Wand\u0119 Kiernick\u0105 \u2013\ngregorianka 30 <\/p>\n\n\n\n<p><strong>11.oo\n\u2013<\/strong><\/p>\n\n\n\n<p><strong>16.oo\n\u2013<\/strong> w 10 rocz. urodzin Ignasia dzi\u0119kczynna z pro\u015bb\u0105 o\npotrzebne \u0142aski, zdrowie, dary <\/p>\n\n\n\n<p>&nbsp;&nbsp;&nbsp;&nbsp;&nbsp;&nbsp;&nbsp;&nbsp;&nbsp;&nbsp;&nbsp;&nbsp;&nbsp;&nbsp;&nbsp;&nbsp; Ducha \u015awi\u0119tego, Bo\u017ce\nb\u0142ogos\u0142awie\u0144stwo i opiek\u0119 NMP dla niego i rodziny <\/p>\n\n\n\n<p><strong>18.oo\n\u2013 1) <\/strong>++ W\u0142adys\u0142aw\u0119 i Stanis\u0142awa Zag\u00f3rskich \u2013 modli si\u0119 c\u00f3rka\nCzes\u0142awa z rodzin\u0105<\/p>\n\n\n\n<p><strong>&nbsp;&nbsp;&nbsp;&nbsp;&nbsp;&nbsp;&nbsp;&nbsp;&nbsp;&nbsp;&nbsp; &nbsp;\n2)<\/strong> + Barbar\u0119 Kulak w 1 rocz. \u015bm. \u2013 modl\u0105 si\u0119 dzieci <\/p>\n\n\n\n<p><strong><em>09.04.\n\u2013 SOBOTA<\/em><\/strong><\/p>\n\n\n\n<p><strong>&nbsp; 9.oo \u2013<\/strong> ++ Jadwig\u0119 w 32 rocz.\n\u015bm., jej m\u0119\u017ca Bogus\u0142awa Sakowskich,\nCzes\u0142awa, Jana i Stanis\u0142awa<\/p>\n\n\n\n<p>&nbsp;&nbsp;&nbsp;&nbsp;&nbsp;&nbsp;&nbsp;&nbsp;&nbsp;&nbsp;&nbsp;&nbsp;&nbsp; &nbsp;Mariasik\u00f3w, oraz ++ z rodziny Wo\u0142owc\u00f3w, Pi\u0105tk\u00f3w,\nWolniak\u00f3w, Czuchr\u00f3w, Bel\u00f3w, Skrabk\u00f3w, <\/p>\n\n\n\n<p>&nbsp;&nbsp;&nbsp;&nbsp;&nbsp;&nbsp;&nbsp;&nbsp;&nbsp;&nbsp;&nbsp; &nbsp;&nbsp;&nbsp;&nbsp;Gnasi\u00f3w i ksi\u0119\u017cy, kt\u00f3rzy pracowali w naszej\nparafii \u2013 modli si\u0119 rodzina<strong><\/strong><\/p>\n\n\n\n<p><strong>11.oo\n\u2013<\/strong> <\/p>\n\n\n\n<p><strong>16.oo\n\u2013<\/strong> + Barbar\u0119 Chajnowsk\u0105 w 4 rocz. \u015bm. oraz Mari\u0119 i\nCzes\u0142awa Kwiatkowskich, Stanis\u0142aw\u0119<\/p>\n\n\n\n<p>&nbsp;&nbsp;&nbsp;&nbsp;&nbsp;&nbsp;&nbsp;&nbsp;&nbsp;&nbsp;&nbsp;&nbsp;&nbsp;&nbsp; &nbsp;i Stanis\u0142awa Chajnowskich \u2013 modli si\u0119 rodzina<\/p>\n\n\n\n<p><strong>18.oo\n\u2013 1) <\/strong>+ Sylwestra Chudzichowskiego\nw 9 rocz. \u015bm. \u2013 modli si\u0119 \u017cona z dzie\u0107mi i wnukami\n<\/p>\n\n\n\n<p><strong>&nbsp;&nbsp;&nbsp;&nbsp;&nbsp;&nbsp;&nbsp;&nbsp;&nbsp;&nbsp;&nbsp; &nbsp;\n2)<\/strong> ++ rodzic\u00f3w: Kazimierza w 4 rocz. \u015bm. i Czes\u0142aw\u0119 \u2013\nmodl\u0105 si\u0119 dzieci<\/p>\n\n\n\n<p><strong><em>10.04.\n\u2013 NIEDZIELA&nbsp; <\/em><\/strong><\/p>\n\n\n\n<p><strong>&nbsp; 8.oo \u2013 1) <\/strong>++ Kazimier\u0119 w 5\nrocz. \u015bm., J\u00f3zefa, W\u0142adys\u0142aw\u0119 i Stanis\u0142awa Szymczak\u00f3w oraz Maryl\u0119<\/p>\n\n\n\n<p>&nbsp;&nbsp;&nbsp; &nbsp;&nbsp;&nbsp;&nbsp;&nbsp;&nbsp;&nbsp;&nbsp;&nbsp;&nbsp;&nbsp;&nbsp;&nbsp;&nbsp;Sta\u0144czyk z domu Szymczak \u2013 modli si\u0119 rodzina\n<\/p>\n\n\n\n<p><strong>&nbsp;&nbsp;&nbsp;&nbsp;&nbsp;&nbsp;&nbsp;&nbsp;&nbsp;&nbsp;&nbsp; &nbsp;\n2)<\/strong> ++ Juli\u0119 i Karola oraz Jadwig\u0119 i Edwarda z rodziny\nKoszty\u0142\u00f3w<\/p>\n\n\n\n<p><strong>&nbsp; 9.3o \u2013 <\/strong>&nbsp;&nbsp;w 40\nrocz. \u015blubu Anny i Mieczys\u0142awa P\u0119pkowskich dzi\u0119kczynna z pro\u015bb\u0105 o zdrowie, dary Ducha<\/p>\n\n\n\n<p>&nbsp;&nbsp;&nbsp;&nbsp;&nbsp;&nbsp;&nbsp;&nbsp;&nbsp;&nbsp;&nbsp;&nbsp;&nbsp;&nbsp; &nbsp;\u015awi\u0119tego, Bo\u017ce b\u0142ogos\u0142awie\u0144stwo i opiek\u0119 NMP \u2013\nmodli si\u0119 mama z rodzin\u0105<\/p>\n\n\n\n<p><strong>11.oo\n\u2013 1<\/strong>) ++ W\u0142adys\u0142aw\u0119 w 4 rocz. \u015bm. i Jana Skuriat\u00f3w \u2013\nmodl\u0105 si\u0119 synowie z rodzinami<\/p>\n\n\n\n<p><strong>&nbsp;&nbsp;&nbsp;&nbsp;&nbsp;&nbsp;&nbsp;&nbsp;&nbsp;&nbsp;&nbsp; 2) <\/strong>+ Halin\u0119 Bilewicz w 12 rocz. \u015bm. oraz ++ z rodziny Bilewicz\u00f3w\ni Miniewskich \u2013 modli si\u0119 rodzina <\/p>\n\n\n\n<p><strong>12.3o\n\u2013 1) <\/strong>+ Stefani\u0119 Paliszkiewicz w\n3 rocz. \u015bm. \u2013 modli si\u0119 rodzina<\/p>\n\n\n\n<p><strong>&nbsp;&nbsp;&nbsp;&nbsp;&nbsp;&nbsp;&nbsp;&nbsp;&nbsp;&nbsp;&nbsp; &nbsp;\n2)<\/strong> w 70 rocz. urodzin\nUrszuli Be\u0144 dzi\u0119kczynna\nz pro\u015bb\u0105 o zdrowie, dary Ducha \u015awi\u0119tego, Bo\u017ce <\/p>\n\n\n\n<p>&nbsp;&nbsp;&nbsp;&nbsp;&nbsp;&nbsp;&nbsp;&nbsp;&nbsp;&nbsp;&nbsp;&nbsp;&nbsp; b\u0142ogos\u0142awie\u0144stwo i\nopiek\u0119 NMP \u2013 modli si\u0119 Mariusz, Renata i Dominika<\/p>\n\n\n\n<p><strong>18.oo\n\u2013 &nbsp;<\/strong>+ Mariol\u0119 Ry\u015bkiewicz w 12 rocz. \u015bm., rodzic\u00f3w z obu stron: Henryka i\nRozali\u0119 Karpierz\u00f3w, <\/p>\n\n\n\n<p>&nbsp;&nbsp;&nbsp;&nbsp;&nbsp;&nbsp;&nbsp;&nbsp;&nbsp;&nbsp;&nbsp;&nbsp;&nbsp;&nbsp; Stanis\u0142awa i Ann\u0119\nRy\u015bkiewicz\u00f3w oraz ++ z rodziny Skowron\u00f3w, J\u0119drzejczyk\u00f3w, Karpierz\u00f3w, <\/p>\n\n\n\n<p>&nbsp;&nbsp;&nbsp;&nbsp;&nbsp;&nbsp;&nbsp;&nbsp;&nbsp;&nbsp;&nbsp;&nbsp;&nbsp;&nbsp; Rosi\u0144skich i wszystkich\n++ z tych rodzin \u2013 modli si\u0119 rodzina<\/p>\n","protected":false},"excerpt":{"rendered":"<p>Sk\u0142adaj\u0105c Ofiar\u0119, kt\u00f3ra nam przypomina niezmierzon\u0105 mi\u0142o\u015b\u0107 Twojego Syna, pokornie prosimy Ci\u0119, Bo\u017ce, przyjmij intencje Twoich wiernych i spraw przez dzia\u0142anie Eucharystii, aby w naszych rodzinach wzrasta\u0142a prawdziwa wiara, \u015bwi\u0119to\u015b\u0107 \u017cycia, braterska mi\u0142o\u015b\u0107 i duch modlitwy. Niech Matka Naj\u015bwi\u0119tsza wyprosi \u0142aski, o kt\u00f3re modlili\u015bmy si\u0119 w tej Mszy \u015bw. dla&#8230; <a class=\"continue-reading-link\" href=\"http:\/\/parafia.scinawa.info\/index.php\/2022\/04\/02\/intencje-mszalne-03-04-10-04-2022\/\">Czytaj dalej <span class=\"meta-nav\">&rarr; <\/span><\/a><\/p>\n","protected":false},"author":2,"featured_media":0,"comment_status":"closed","ping_status":"closed","sticky":false,"template":"","format":"standard","meta":{"footnotes":""},"categories":[39],"tags":[],"class_list":["post-1983","post","type-post","status-publish","format-standard","hentry","category-intencje"],"_links":{"self":[{"href":"http:\/\/parafia.scinawa.info\/index.php\/wp-json\/wp\/v2\/posts\/1983","targetHints":{"allow":["GET"]}}],"collection":[{"href":"http:\/\/parafia.scinawa.info\/index.php\/wp-json\/wp\/v2\/posts"}],"about":[{"href":"http:\/\/parafia.scinawa.info\/index.php\/wp-json\/wp\/v2\/types\/post"}],"author":[{"embeddable":true,"href":"http:\/\/parafia.scinawa.info\/index.php\/wp-json\/wp\/v2\/users\/2"}],"replies":[{"embeddable":true,"href":"http:\/\/parafia.scinawa.info\/index.php\/wp-json\/wp\/v2\/comments?post=1983"}],"version-history":[{"count":1,"href":"http:\/\/parafia.scinawa.info\/index.php\/wp-json\/wp\/v2\/posts\/1983\/revisions"}],"predecessor-version":[{"id":1984,"href":"http:\/\/parafia.scinawa.info\/index.php\/wp-json\/wp\/v2\/posts\/1983\/revisions\/1984"}],"wp:attachment":[{"href":"http:\/\/parafia.scinawa.info\/index.php\/wp-json\/wp\/v2\/media?parent=1983"}],"wp:term":[{"taxonomy":"category","embeddable":true,"href":"http:\/\/parafia.scinawa.info\/index.php\/wp-json\/wp\/v2\/categories?post=1983"},{"taxonomy":"post_tag","embeddable":true,"href":"http:\/\/parafia.scinawa.info\/index.php\/wp-json\/wp\/v2\/tags?post=1983"}],"curies":[{"name":"wp","href":"https:\/\/api.w.org\/{rel}","templated":true}]}}