{"id":1985,"date":"2022-04-02T12:32:12","date_gmt":"2022-04-02T10:32:12","guid":{"rendered":"http:\/\/parafia.scinawa.info\/?p=1985"},"modified":"2022-04-02T12:32:12","modified_gmt":"2022-04-02T10:32:12","slug":"ogloszenia-duszpasterskie-5-niedziela-wielkiego-postu-03-04-2022","status":"publish","type":"post","link":"http:\/\/parafia.scinawa.info\/index.php\/2022\/04\/02\/ogloszenia-duszpasterskie-5-niedziela-wielkiego-postu-03-04-2022\/","title":{"rendered":"Og\u0142oszenia duszpasterskie    5 Niedziela Wielkiego Postu \u2013 03.04. 2022"},"content":{"rendered":"\n<p><strong>1<\/strong><strong>.<\/strong> Dzi\u015b prze\u017cywamy\n<strong>5 Niedziel\u0119 Wielkiego Postu<\/strong><strong>.<\/strong> Msze \u015bw. wed\u0142ug porz\u0105dku\nniedzielnego. Zmiana tajemnic \u017bywego R\u00f3\u017ca\u0144ca o <strong>10<sup>30<\/sup>.<\/strong> <\/p>\n\n\n\n<p><strong>2<\/strong><strong>.<\/strong> Msze \u015bw. w tygodniu&nbsp; o <strong>7<sup>00<\/sup><\/strong> i <strong>18<sup>00<\/sup><\/strong>.&nbsp; <\/p>\n\n\n\n<p><strong>2<\/strong><strong>.<\/strong> Msze \u015bw. do\n\u015brody w\u0142\u0105cznie o <strong>7<sup>00<\/sup><\/strong> i <strong>18<sup>00<\/sup><\/strong>, <strong><em>a\nod czwartku rekolekcje wielkopostne i nabo\u017ce\u0144stwa drogi Krzy\u017cowej wg planu!!!<\/em><\/strong><\/p>\n\n\n\n<p><strong>4. <\/strong><strong>W tym tygodniu nabo\u017ce\u0144stwa: <\/strong><\/p>\n\n\n\n<p><strong>&#8211; w poniedzia\u0142ek &nbsp;&nbsp; &#8211; <\/strong>nabo\u017ce\u0144stwo<strong>\n<em>do Bo\u017cego Mi\u0142osierdzia<\/em> <\/strong>o godz. <strong>17<sup>30<\/sup><\/strong><\/p>\n\n\n\n<p><strong>&#8211;<\/strong> <strong>w \u015brod\u0119<\/strong>\n&nbsp;&nbsp;&nbsp;&nbsp; &nbsp;&nbsp;&nbsp;&nbsp;&nbsp;&nbsp;&nbsp;&nbsp;&nbsp; <strong>&#8211; <\/strong>Nowenna do <strong><em>NMP Nieustaj\u0105cej Pomocy<\/em><\/strong>\no godz. <strong>17<sup>30<\/sup><\/strong><\/p>\n\n\n\n<p><strong>5<\/strong><strong>.<\/strong> Gorzkie \u017bale w niedziel\u0119\no godz. <strong>17<sup>15<\/sup>.<\/strong>Za udzia\u0142 w nabo\u017ce\u0144stwie Gorzkich\n\u017bali w Wielkim Po\u015bcie oraz za odprawienie Drogi Krzy\u017cowej mo\u017cna uzyska\u0107 odpust\nzupe\u0142ny pod zwyk\u0142ymi warunkami.<\/p>\n\n\n\n<p><strong>6<\/strong><strong>.\n<\/strong>W przysz\u0142\u0105\nniedziel\u0119 b\u0119dziemy prze\u017cywa\u0107 <strong>6 Niedziel\u0119\nWielkiego Postu<\/strong> czyli Niedziel\u0119\nPalmow\u0105. Msze \u015bw. wed\u0142ug porz\u0105dku niedzielnego. &nbsp;W czasie ka\u017cdej Mszy \u015bw. po\u015bwi\u0119cenie palm. <\/p>\n\n\n\n<p><strong>7<\/strong><strong>.<\/strong> Kancelaria\nczynna codziennie po Mszy \u015bw. wieczornej z wyj\u0105tkiem niedziel, uroczysto\u015bci i\n\u015bwi\u0105t.<\/p>\n\n\n\n<p><strong>8<\/strong><strong>.<\/strong> Do nabycia jest\nprasa katolicka: Niedziela, Go\u015b\u0107 Niedzielny i R\u00f3\u017caniec. <\/p>\n\n\n\n<p><strong>9<\/strong><strong>.<\/strong> Dzi\u0119kuj\u0119\nwszystkim, kt\u00f3rzy w tym tygodniu sprz\u0105tali \u015bwi\u0105tyni\u0119 i przygotowali j\u0105 na nasze\nspotkanie eucharystyczne.<\/p>\n\n\n\n<p><strong>10<\/strong><strong>.<\/strong> Serdeczne B\u00f3g\nzap\u0142a\u0107 za ofiary sk\u0142adane na remonty w naszej parafii. <\/p>\n\n\n\n<p><strong>11<\/strong><strong>.<\/strong> Intencje mszalne,\nkartki \u015bwi\u0105teczne, obrazki \u2013 pami\u0105tki odprawionej Mszy \u015bw., program rekolekcji\ni na \u015bwi\u0119ta, paschaliki<\/p>\n\n\n\n<p><strong>12<\/strong><strong>. <\/strong>Tradycj\u0105\nlat minionych od I Niedzieli Wielkiego Postu sk\u0142adamy ofiary na kwiaty do Bo\u017cego\nGrobu do skarbony pod ambon\u0105.<\/p>\n\n\n\n<p><strong>13.<\/strong>\nBierzmowanie w naszej parafii odb\u0119dzie si\u0119 16 maja o godzinie 18.00. <\/p>\n\n\n\n<p>Sakramentu\nbierzmowania udzieli Ks. Bp Andrzej Siemieniewski.<\/p>\n\n\n\n<p><strong>14.<\/strong>\nDzisiaj na Mszy \u015awi\u0119tej o godzinie 12.30 do grona lektor\u00f3w w\u0142\u0105czymy: Micha\u0142a\nKsi\u0105\u017cka, Tomasza Urbasia, Igora Wojciechowskiego i Wiktora \u017bebrowskiego. Za\u015b do\ngrona ministrant\u00f3w: Szymona Dawiskib\u0119, Alana Franasa, \u0141ukasza Kuszyka i Ignacego\nStoja\u0144skiego.<\/p>\n\n\n\n<p><strong>15.<\/strong>\nWiemy, \u017ce na terenie naszej Diecezji przybywa coraz wi\u0119cej uciekaj\u0105cych przed\nwojn\u0105. <strong><em>Dlatego bardzo prosimy i zach\u0119camy do w\u0142\u0105czenia si\u0119 w zbi\u00f3rk\u0119 do\npuszek na rzecz poszkodowanych przez wojn\u0119, kt\u00f3ra odb\u0119dzie si\u0119 w Niedziel\u0119\nPalmow\u0105.<\/em><\/strong>&nbsp;&nbsp;&nbsp;&nbsp;&nbsp;&nbsp;&nbsp;&nbsp;&nbsp;&nbsp;&nbsp;&nbsp;&nbsp;&nbsp;&nbsp;&nbsp;&nbsp; &nbsp;&nbsp;&nbsp;&nbsp;&nbsp;&nbsp; <em>\u017byczymy mi\u0142ego tygodnia i obfitych \u0142ask Bo\u017cych.<\/em><\/p>\n","protected":false},"excerpt":{"rendered":"<p>1. Dzi\u015b prze\u017cywamy 5 Niedziel\u0119 Wielkiego Postu. Msze \u015bw. wed\u0142ug porz\u0105dku niedzielnego. Zmiana tajemnic \u017bywego R\u00f3\u017ca\u0144ca o 1030. 2. Msze \u015bw. w tygodniu&nbsp; o 700 i 1800.&nbsp; 2. Msze \u015bw. do \u015brody w\u0142\u0105cznie o 700 i 1800, a od czwartku rekolekcje wielkopostne i nabo\u017ce\u0144stwa drogi Krzy\u017cowej wg planu!!! 4. W&#8230; <a class=\"continue-reading-link\" href=\"http:\/\/parafia.scinawa.info\/index.php\/2022\/04\/02\/ogloszenia-duszpasterskie-5-niedziela-wielkiego-postu-03-04-2022\/\">Czytaj dalej <span class=\"meta-nav\">&rarr; <\/span><\/a><\/p>\n","protected":false},"author":2,"featured_media":0,"comment_status":"closed","ping_status":"closed","sticky":false,"template":"","format":"standard","meta":{"footnotes":""},"categories":[40],"tags":[],"class_list":["post-1985","post","type-post","status-publish","format-standard","hentry","category-ogloszenia-duszpasterskie"],"_links":{"self":[{"href":"http:\/\/parafia.scinawa.info\/index.php\/wp-json\/wp\/v2\/posts\/1985","targetHints":{"allow":["GET"]}}],"collection":[{"href":"http:\/\/parafia.scinawa.info\/index.php\/wp-json\/wp\/v2\/posts"}],"about":[{"href":"http:\/\/parafia.scinawa.info\/index.php\/wp-json\/wp\/v2\/types\/post"}],"author":[{"embeddable":true,"href":"http:\/\/parafia.scinawa.info\/index.php\/wp-json\/wp\/v2\/users\/2"}],"replies":[{"embeddable":true,"href":"http:\/\/parafia.scinawa.info\/index.php\/wp-json\/wp\/v2\/comments?post=1985"}],"version-history":[{"count":1,"href":"http:\/\/parafia.scinawa.info\/index.php\/wp-json\/wp\/v2\/posts\/1985\/revisions"}],"predecessor-version":[{"id":1986,"href":"http:\/\/parafia.scinawa.info\/index.php\/wp-json\/wp\/v2\/posts\/1985\/revisions\/1986"}],"wp:attachment":[{"href":"http:\/\/parafia.scinawa.info\/index.php\/wp-json\/wp\/v2\/media?parent=1985"}],"wp:term":[{"taxonomy":"category","embeddable":true,"href":"http:\/\/parafia.scinawa.info\/index.php\/wp-json\/wp\/v2\/categories?post=1985"},{"taxonomy":"post_tag","embeddable":true,"href":"http:\/\/parafia.scinawa.info\/index.php\/wp-json\/wp\/v2\/tags?post=1985"}],"curies":[{"name":"wp","href":"https:\/\/api.w.org\/{rel}","templated":true}]}}