{"id":1994,"date":"2022-04-09T14:36:53","date_gmt":"2022-04-09T12:36:53","guid":{"rendered":"http:\/\/parafia.scinawa.info\/?p=1994"},"modified":"2022-04-09T14:36:53","modified_gmt":"2022-04-09T12:36:53","slug":"intencje-mszalne-10-04-18-04-2022","status":"publish","type":"post","link":"http:\/\/parafia.scinawa.info\/index.php\/2022\/04\/09\/intencje-mszalne-10-04-18-04-2022\/","title":{"rendered":"INTENCJE MSZALNE 10.04 \u2013 18.04. 2022"},"content":{"rendered":"\n<p><strong><em>Sk\u0142adaj\u0105c\nOfiar\u0119, kt\u00f3ra nam przypomina niezmierzon\u0105 mi\u0142o\u015b\u0107 Twojego Syna, pokornie prosimy\nCi\u0119, Bo\u017ce, przyjmij intencje Twoich wiernych i spraw przez dzia\u0142anie\nEucharystii, aby w naszych rodzinach wzrasta\u0142a prawdziwa wiara, \u015bwi\u0119to\u015b\u0107 \u017cycia,\nbraterska mi\u0142o\u015b\u0107 i duch modlitwy. <\/em><\/strong><strong>Niech\nMatka Naj\u015bwi\u0119tsza wyprosi \u0142aski, o kt\u00f3re modlili\u015bmy si\u0119 w tej Mszy \u015bw. dla \u2026\nZa\u015b zmar\u0142ym \u2026 za kt\u00f3rych odprawiali\u015bmy Msz\u0119 \u015bw.: wieczny odpoczynek racz im\nda\u0107 Panie (\u2026); niech odpoczywaj\u0105 w pokoju wiecznym. Amen<\/strong><\/p>\n\n\n\n<p><strong>10.04<em>. &#8211; NIEDZIELA&nbsp; <\/em><\/strong><em><\/em><\/p>\n\n\n\n<p><strong>8.oo\n\u2013 1) <\/strong>++ Kazimier\u0119 w 5 rocz. \u015bm., J\u00f3zefa, W\u0142adys\u0142aw\u0119 i Stanis\u0142awa\nSzymczak\u00f3w oraz Maryl\u0119<\/p>\n\n\n\n<p>&nbsp;&nbsp;&nbsp; &nbsp;&nbsp;&nbsp;&nbsp;&nbsp;&nbsp;&nbsp;&nbsp;&nbsp;&nbsp;&nbsp;&nbsp;&nbsp;&nbsp;Sta\u0144czyk z domu Szymczak \u2013 modli si\u0119 rodzina\n<\/p>\n\n\n\n<p><strong>&nbsp;&nbsp;&nbsp;&nbsp;&nbsp;&nbsp;&nbsp;&nbsp;&nbsp;&nbsp;&nbsp; &nbsp;\n2)<\/strong> ++ Juli\u0119 i Karola oraz Jadwig\u0119 i Edwarda z rodziny\nKoszty\u0142\u00f3w<\/p>\n\n\n\n<p><strong>&nbsp; 9.3o \u2013 <\/strong>&nbsp;&nbsp;w 40\nrocz. \u015blubu Anny i Mieczys\u0142awa P\u0119pkowskich dzi\u0119kczynna z pro\u015bb\u0105 o zdrowie, dary Ducha<\/p>\n\n\n\n<p>&nbsp;&nbsp;&nbsp;&nbsp;&nbsp;&nbsp;&nbsp;&nbsp;&nbsp;&nbsp;&nbsp;&nbsp;&nbsp;&nbsp; &nbsp;\u015awi\u0119tego, Bo\u017ce b\u0142ogos\u0142awie\u0144stwo i opiek\u0119 NMP \u2013\nmodli si\u0119 mama z rodzin\u0105<\/p>\n\n\n\n<p><strong>11.oo\n\u2013 1<\/strong>) ++ W\u0142adys\u0142aw\u0119 w 4 rocz. \u015bm. i Jana Skuriat\u00f3w \u2013\nmodl\u0105 si\u0119 synowie z rodzinami<\/p>\n\n\n\n<p><strong>&nbsp;&nbsp;&nbsp;&nbsp;&nbsp;&nbsp;&nbsp;&nbsp;&nbsp;&nbsp;&nbsp; 2) <\/strong>+ Halin\u0119 Bilewicz w 12 rocz. \u015bm. oraz ++ z rodziny Bilewicz\u00f3w\ni Miniewskich \u2013 modli si\u0119 rodzina <\/p>\n\n\n\n<p><strong>12.3o\n\u2013 1) <\/strong>+ Stefani\u0119 Paliszkiewicz w\n3 rocz. \u015bm. \u2013 modli si\u0119 rodzina<\/p>\n\n\n\n<p><strong>&nbsp;&nbsp;&nbsp;&nbsp;&nbsp;&nbsp;&nbsp;&nbsp;&nbsp;&nbsp;&nbsp; &nbsp;\n2)<\/strong> w 70 rocz. urodzin\nUrszuli Be\u0144 dzi\u0119kczynna\nz pro\u015bb\u0105 o zdrowie, dary Ducha \u015awi\u0119tego, Bo\u017ce <\/p>\n\n\n\n<p>&nbsp;&nbsp;&nbsp;&nbsp;&nbsp;&nbsp;&nbsp;&nbsp;&nbsp;&nbsp;&nbsp;&nbsp;&nbsp; b\u0142ogos\u0142awie\u0144stwo i\nopiek\u0119 NMP \u2013 modli si\u0119 Mariusz, Renata i Dominika<\/p>\n\n\n\n<p><strong>18.oo\n\u2013 &nbsp;<\/strong>+ Mariol\u0119 Ry\u015bkiewicz w 12 rocz. \u015bm., rodzic\u00f3w z obu stron: Henryka i\nRozali\u0119 Karpierz\u00f3w, <\/p>\n\n\n\n<p>&nbsp;&nbsp;&nbsp;&nbsp;&nbsp;&nbsp;&nbsp;&nbsp;&nbsp;&nbsp;&nbsp;&nbsp;&nbsp;&nbsp; Stanis\u0142awa i Ann\u0119\nRy\u015bkiewicz\u00f3w oraz ++ z rodziny Skowron\u00f3w, J\u0119drzejczyk\u00f3w, Karpierz\u00f3w, <\/p>\n\n\n\n<p>&nbsp;&nbsp;&nbsp;&nbsp;&nbsp;&nbsp;&nbsp;&nbsp;&nbsp;&nbsp;&nbsp;&nbsp;&nbsp;&nbsp; Rosi\u0144skich i wszystkich\n++ z tych rodzin \u2013 modli si\u0119 rodzina<strong>&nbsp; &nbsp;<\/strong>&nbsp;<\/p>\n\n\n\n<p><strong>11.04<em>. \u2013 PONIEDZIA\u0141EK<\/em><\/strong><\/p>\n\n\n\n<p><strong>&nbsp; &nbsp;&nbsp;7.oo\n\u2013 <\/strong>w intencji Walentyny i jej rodziny dzi\u0119kczynna z pro\u015bb\u0105\no zdrowie, dary Ducha \u015awi\u0119tego, Bo\u017ce <\/p>\n\n\n\n<p>&nbsp;&nbsp;&nbsp;&nbsp;&nbsp;&nbsp;&nbsp;&nbsp;&nbsp;&nbsp;&nbsp;&nbsp;&nbsp; b\u0142ogos\u0142awie\u0144stwo i\nopiek\u0119 NMP &nbsp;<\/p>\n\n\n\n<p><strong>18.oo\n\u2013 1)<\/strong> + Aleksandr\u0119 Gawor &#8211; 30 dzie\u0144 od pogrzebu\n&#8211; intencja od uczestnik\u00f3w Mszy pogrzebowej&nbsp;<\/p>\n\n\n\n<p><strong>&nbsp;&nbsp;&nbsp;&nbsp;&nbsp;&nbsp;&nbsp;&nbsp;&nbsp;&nbsp;&nbsp; &nbsp;\n2)<\/strong> o zdrowie, dobre wyniki lekarskie, opiek\u0119 NMP i \u015bw.\nPatron\u00f3w<\/p>\n\n\n\n<p><strong>12.04<em>. &#8211; WTOREK<\/em><\/strong><em><\/em><\/p>\n\n\n\n<p><strong>&nbsp; 7.oo \u2013 <\/strong>o zdrowie, dobre\nwyniki lekarskie, opiek\u0119 NMP i \u015bw. Patron\u00f3w<\/p>\n\n\n\n<p><strong>18.oo\n\u2013 <\/strong><\/p>\n\n\n\n<p><strong>13.04<em>. \u2013 \u015aRODA <\/em><\/strong><\/p>\n\n\n\n<p><strong>&nbsp; 7.oo \u2013 <\/strong><\/p>\n\n\n\n<p><strong>18.oo\n\u2013&nbsp; intencja zbiorowa nowennowa:<\/strong><\/p>\n\n\n\n<p><strong>&nbsp;1)<\/strong> o zdrowie, dobre\nwyniki lekarskie, opiek\u0119 NMP i \u015bw. Patron\u00f3w<\/p>\n\n\n\n<p><strong>&nbsp;2)<\/strong> <\/p>\n\n\n\n<p><strong>&nbsp;3)<\/strong><\/p>\n\n\n\n<p><strong>&nbsp;4)<\/strong><\/p>\n\n\n\n<p><strong>14.04<em>. \u2013 WIELKI CZWARTEK <\/em><\/strong><em>&nbsp;<\/em><\/p>\n\n\n\n<p><strong>18.oo\n\u2013 1) <\/strong>o zdrowie i Bo\u017ce b\u0142ogos\u0142awie\u0144stwo dla kap\u0142an\u00f3w,\nkt\u00f3rzy pracuj\u0105 w naszej parafii<\/p>\n\n\n\n<p>&nbsp;&nbsp;&nbsp;&nbsp;&nbsp;&nbsp;&nbsp; &nbsp;&nbsp;&nbsp;&nbsp;&nbsp;&nbsp;&nbsp;&nbsp;&nbsp;&nbsp;&nbsp;z racji Dnia kap\u0142a\u0144skiego <\/p>\n\n\n\n<p><strong>&nbsp;&nbsp;&nbsp;&nbsp;&nbsp;&nbsp;&nbsp;&nbsp;&nbsp;&nbsp;&nbsp; &nbsp;\n2)<\/strong> <\/p>\n\n\n\n<p><strong>15.04<em>. \u2013 WIELKI PI\u0104TEK<\/em><\/strong><\/p>\n\n\n\n<p><strong>18.oo\n\u2013 <\/strong>Liturgia\nM\u0119ki Pa\u0144skiej<\/p>\n\n\n\n<p><strong><em>16.04.\n\u2013 WIELKA SOBOTA _ WIGILIA PASCHALNA<\/em><\/strong><\/p>\n\n\n\n<p><strong>20.oo\n\u2013 1) <\/strong>w intencji Barbary z racji\nurodzin dzi\u0119kczynna z pro\u015bb\u0105 o zdrowie, dary Ducha \u015awi\u0119tego, Bo\u017ce <\/p>\n\n\n\n<p>&nbsp;&nbsp;&nbsp;&nbsp;&nbsp;&nbsp;&nbsp;&nbsp;&nbsp;&nbsp;&nbsp;&nbsp;&nbsp; &nbsp;&nbsp;&nbsp;&nbsp;b\u0142ogos\u0142awie\u0144stwo i opiek\u0119 NMP i sw.\nPatron\u00f3w \u2013 modli si\u0119 m\u0105\u017c z rodzin\u0105 &nbsp;<\/p>\n\n\n\n<p><strong>&nbsp;&nbsp;&nbsp;&nbsp;&nbsp;&nbsp;&nbsp;&nbsp;&nbsp;&nbsp;&nbsp; &nbsp;\n2)<\/strong> + Jana Kiernickiego \u2013 gregorianka 1 ( w 1 rocz. \u015bm.\n\u2013 modli si\u0119 rodzina) <\/p>\n\n\n\n<p><strong><em>17.04.\n\u2013 NIEDZIELA WIELKANOCNA&nbsp; <\/em><\/strong><\/p>\n\n\n\n<p><strong>&nbsp; 7.oo \u2013 1) <\/strong>+ Jana\nKiernickiego \u2013 gregorianka 2 <\/p>\n\n\n\n<p><strong>&nbsp;&nbsp;&nbsp;&nbsp;&nbsp;&nbsp;&nbsp;&nbsp;&nbsp;&nbsp;&nbsp; &nbsp;\n2)<\/strong> ++ rodzic\u00f3w: Stefani\u0119 w 26 rocz. \u015bm. i Miko\u0142aja\nSzeptyckich oraz ++ ich rodzic\u00f3w <\/p>\n\n\n\n<p><strong>&nbsp; 9.3o \u2013 <\/strong>&nbsp;&nbsp;w 8\nrocz. \u015bm. c\u00f3rki Zofii Jagie\u0142\u0142o i jej tat\u0119 Stanis\u0142awa \u2013 modli si\u0119 mama i syn\noraz rodzina<\/p>\n\n\n\n<p><strong>11.oo\n\u2013 1) <\/strong>++ Filomen\u0119 i Franciszka\nTrubickich, El\u017cbiet\u0119 Demczak oraz ++ z rodziny Trubickich, <\/p>\n\n\n\n<p>&nbsp;&nbsp;&nbsp;&nbsp;&nbsp;&nbsp;&nbsp;&nbsp;&nbsp;&nbsp;&nbsp;&nbsp;&nbsp;&nbsp;&nbsp;&nbsp;&nbsp; Koz\u0142owskich,\nKulczyckich i Serafin\u00f3w <\/p>\n\n\n\n<p><strong>&nbsp;&nbsp;&nbsp;&nbsp;&nbsp;&nbsp;&nbsp;&nbsp;&nbsp;&nbsp;&nbsp; &nbsp;\n2) <\/strong>&nbsp;w 42 rocz. \u015blubu\nIreny i Wies\u0142awa Ko\u0142acz\u00f3w dzi\u0119kczynna z\npro\u015bb\u0105 o zdrowie, dary Ducha<\/p>\n\n\n\n<p>&nbsp;&nbsp;&nbsp;&nbsp;&nbsp;&nbsp;&nbsp;&nbsp;&nbsp;&nbsp;&nbsp;&nbsp;&nbsp;&nbsp; &nbsp;\u015awi\u0119tego, Bo\u017ce b\u0142ogos\u0142awie\u0144stwo i opiek\u0119 NMP \u2013\nmodli si\u0119 rodzina<strong><\/strong><\/p>\n\n\n\n<p><strong>12.3o\n\u2013 1) <\/strong>w 25 rocz. \u015blubu Doroty i Stanis\u0142awa Kr\u0119\u017cel\u00f3w dzi\u0119kczynna z pro\u015bb\u0105 o zdrowie, dary Ducha<\/p>\n\n\n\n<p>&nbsp;&nbsp;&nbsp;&nbsp;&nbsp;&nbsp;&nbsp;&nbsp;&nbsp;&nbsp;&nbsp;&nbsp;&nbsp;&nbsp; &nbsp;\u015awi\u0119tego, Bo\u017ce b\u0142ogos\u0142awie\u0144stwo i opiek\u0119 NMP na\ndalsze lata wsp\u00f3lnego \u017cycia<\/p>\n\n\n\n<p><strong>&nbsp;&nbsp;&nbsp;&nbsp;&nbsp;&nbsp;&nbsp;&nbsp;&nbsp;&nbsp;&nbsp; &nbsp;\n2) <\/strong>za Parafian <\/p>\n\n\n\n<p><strong><em>chrzest w czasie Mszy:\nTomasz Andrzej Marynowicz<\/em><\/strong><\/p>\n\n\n\n<p><strong>18.oo\n\u2013 <\/strong>zaj. P. Stembalska<strong>\n<\/strong>&nbsp;<\/p>\n\n\n\n<p><strong><em>18.04.\n\u2013 PONIEDZIA\u0141EK WIELKANOCNY&nbsp; <\/em><\/strong><\/p>\n\n\n\n<p><strong>&nbsp; 8.oo \u2013 1) <\/strong>++ Stanis\u0142awa w 15 rocz. \u015bm. oraz Mari\u0119 i Wiktora z rodziny Smola\u0144skich \u2013\nmodli si\u0119 rodzina <\/p>\n\n\n\n<p><strong>&nbsp;&nbsp;&nbsp;&nbsp;&nbsp;&nbsp;&nbsp;&nbsp;&nbsp;&nbsp;&nbsp; &nbsp;\n2)<\/strong> + J\u00f3zefa Ciroga w 21 rocz. \u015bm. \u2013 modli si\u0119 \u017cona z\nrodzin\u0105<\/p>\n\n\n\n<p><strong>&nbsp; 9.3o \u2013 <\/strong>&nbsp;+ m\u0119\u017ca Henryka Pleskacza \u2013 modli si\u0119 \u017cona z dzie\u0107mi\n<\/p>\n\n\n\n<p><strong>11.oo\n\u2013 1) <\/strong>++ rodzic\u00f3w: Henryk\u0119 i\nMieczys\u0142awa oraz siostr\u0119 Danut\u0119 Tober\u0119 \u2013 modli si\u0119 rodzina<\/p>\n\n\n\n<p><strong>&nbsp;&nbsp;&nbsp;&nbsp;&nbsp;&nbsp;&nbsp;&nbsp;&nbsp;&nbsp;&nbsp; &nbsp;\n2) <\/strong>+ Jana Kiernickiego \u2013 gregorianka 3 <\/p>\n\n\n\n<p><strong>12.3o\n\u2013 1) <\/strong>+ m\u0119\u017ca Tadeusza Nowickiego\nw 1 rocz. \u015bm. &#8211; modli si\u0119 \u017cona z rodzin\u0105<\/p>\n\n\n\n<p><strong>&nbsp; 2)<\/strong> ++ Stanis\u0142awa Rybk\u0119,\nKatarzyn\u0119 Pisulak i Jakuba Smoli\u0144skiego \u2013 modli si\u0119 c\u00f3rka z dzie\u0107mi i wnukami<\/p>\n\n\n\n<p><strong>18.oo\n\u2013 1) <\/strong>++ rodzic\u00f3w: Mart\u0119 i\nAntoniego Zagrodnych oraz brata Stefana<\/p>\n\n\n\n<p><strong>&nbsp;&nbsp;&nbsp;&nbsp;&nbsp;&nbsp;&nbsp;&nbsp;&nbsp;&nbsp;&nbsp; &nbsp;\n2)<\/strong> w\n10 rocz. \u015blubu Karoliny i Huberta oraz za dzieci: Zuzann\u0119 i Zofi\u0119 dzi\u0119kczynna z pro\u015bb\u0105 <\/p>\n\n\n\n<p>&nbsp;&nbsp;&nbsp;&nbsp;&nbsp;&nbsp; o zdrowie, dary Ducha \u015awi\u0119tego,\nBo\u017ce b\u0142ogos\u0142awie\u0144stwo i opiek\u0119 NMP \u2013 modl\u0105 si\u0119 rodzice z rodzin\u0105<\/p>\n","protected":false},"excerpt":{"rendered":"<p>Sk\u0142adaj\u0105c Ofiar\u0119, kt\u00f3ra nam przypomina niezmierzon\u0105 mi\u0142o\u015b\u0107 Twojego Syna, pokornie prosimy Ci\u0119, Bo\u017ce, przyjmij intencje Twoich wiernych i spraw przez dzia\u0142anie Eucharystii, aby w naszych rodzinach wzrasta\u0142a prawdziwa wiara, \u015bwi\u0119to\u015b\u0107 \u017cycia, braterska mi\u0142o\u015b\u0107 i duch modlitwy. Niech Matka Naj\u015bwi\u0119tsza wyprosi \u0142aski, o kt\u00f3re modlili\u015bmy si\u0119 w tej Mszy \u015bw. dla&#8230; <a class=\"continue-reading-link\" href=\"http:\/\/parafia.scinawa.info\/index.php\/2022\/04\/09\/intencje-mszalne-10-04-18-04-2022\/\">Czytaj dalej <span class=\"meta-nav\">&rarr; <\/span><\/a><\/p>\n","protected":false},"author":2,"featured_media":0,"comment_status":"closed","ping_status":"closed","sticky":false,"template":"","format":"standard","meta":{"footnotes":""},"categories":[39],"tags":[],"class_list":["post-1994","post","type-post","status-publish","format-standard","hentry","category-intencje"],"_links":{"self":[{"href":"http:\/\/parafia.scinawa.info\/index.php\/wp-json\/wp\/v2\/posts\/1994","targetHints":{"allow":["GET"]}}],"collection":[{"href":"http:\/\/parafia.scinawa.info\/index.php\/wp-json\/wp\/v2\/posts"}],"about":[{"href":"http:\/\/parafia.scinawa.info\/index.php\/wp-json\/wp\/v2\/types\/post"}],"author":[{"embeddable":true,"href":"http:\/\/parafia.scinawa.info\/index.php\/wp-json\/wp\/v2\/users\/2"}],"replies":[{"embeddable":true,"href":"http:\/\/parafia.scinawa.info\/index.php\/wp-json\/wp\/v2\/comments?post=1994"}],"version-history":[{"count":1,"href":"http:\/\/parafia.scinawa.info\/index.php\/wp-json\/wp\/v2\/posts\/1994\/revisions"}],"predecessor-version":[{"id":1995,"href":"http:\/\/parafia.scinawa.info\/index.php\/wp-json\/wp\/v2\/posts\/1994\/revisions\/1995"}],"wp:attachment":[{"href":"http:\/\/parafia.scinawa.info\/index.php\/wp-json\/wp\/v2\/media?parent=1994"}],"wp:term":[{"taxonomy":"category","embeddable":true,"href":"http:\/\/parafia.scinawa.info\/index.php\/wp-json\/wp\/v2\/categories?post=1994"},{"taxonomy":"post_tag","embeddable":true,"href":"http:\/\/parafia.scinawa.info\/index.php\/wp-json\/wp\/v2\/tags?post=1994"}],"curies":[{"name":"wp","href":"https:\/\/api.w.org\/{rel}","templated":true}]}}