{"id":1998,"date":"2022-04-16T17:39:08","date_gmt":"2022-04-16T15:39:08","guid":{"rendered":"http:\/\/parafia.scinawa.info\/?p=1998"},"modified":"2022-04-16T17:39:08","modified_gmt":"2022-04-16T15:39:08","slug":"intencje-mszalne-17-04-24-04-2022","status":"publish","type":"post","link":"http:\/\/parafia.scinawa.info\/index.php\/2022\/04\/16\/intencje-mszalne-17-04-24-04-2022\/","title":{"rendered":"INTENCJE MSZALNE 17.04 \u2013 24.04. 2022"},"content":{"rendered":"\n<p><strong><em>Sk\u0142adaj\u0105c\nOfiar\u0119, kt\u00f3ra nam przypomina niezmierzon\u0105 mi\u0142o\u015b\u0107 Twojego Syna, pokornie prosimy\nCi\u0119, Bo\u017ce, przyjmij intencje Twoich wiernych i spraw przez dzia\u0142anie\nEucharystii, aby w naszych rodzinach wzrasta\u0142a prawdziwa wiara, \u015bwi\u0119to\u015b\u0107 \u017cycia,\nbraterska mi\u0142o\u015b\u0107 i duch modlitwy. <\/em><\/strong><strong>Niech\nMatka Naj\u015bwi\u0119tsza wyprosi \u0142aski, o kt\u00f3re modlili\u015bmy si\u0119 w tej Mszy \u015bw. dla \u2026\nZa\u015b zmar\u0142ym \u2026 za kt\u00f3rych odprawiali\u015bmy Msz\u0119 \u015bw.: wieczny odpoczynek racz im\nda\u0107 Panie (\u2026); niech odpoczywaj\u0105 w pokoju wiecznym. Amen<\/strong><\/p>\n\n\n\n<p><strong><em>17.04.\n\u2013 NIEDZIELA WIELKANOCNA&nbsp; <\/em><\/strong><\/p>\n\n\n\n<p><strong>&nbsp; 7.oo \u2013 1) <\/strong>+ Jana\nKiernickiego \u2013 gregorianka 2 <\/p>\n\n\n\n<p><strong>&nbsp;&nbsp;&nbsp;&nbsp;&nbsp;&nbsp;&nbsp;&nbsp;&nbsp;&nbsp;&nbsp; &nbsp;\n2)<\/strong> ++ rodzic\u00f3w: Stefani\u0119 w 26 rocz. \u015bm. i Miko\u0142aja\nSzeptyckich oraz ++ ich rodzic\u00f3w <\/p>\n\n\n\n<p><strong>&nbsp; 9.3o \u2013 <\/strong>&nbsp;&nbsp;w 8\nrocz. \u015bm. c\u00f3rki Zofii Jagie\u0142\u0142o i jej tat\u0119 Stanis\u0142awa \u2013 modli si\u0119 mama i syn oraz\nrodzina<\/p>\n\n\n\n<p><strong>11.oo\n\u2013 1) <\/strong>++ Filomen\u0119 i Franciszka\nTrubickich, El\u017cbiet\u0119 Demczak oraz ++ z rodziny Trubickich, <\/p>\n\n\n\n<p>&nbsp;&nbsp;&nbsp;&nbsp;&nbsp;&nbsp;&nbsp;&nbsp;&nbsp;&nbsp;&nbsp;&nbsp;&nbsp;&nbsp;&nbsp;&nbsp;&nbsp; Koz\u0142owskich,\nKulczyckich i Serafin\u00f3w <\/p>\n\n\n\n<p><strong>&nbsp;&nbsp;&nbsp;&nbsp;&nbsp;&nbsp;&nbsp;&nbsp;&nbsp;&nbsp;&nbsp; &nbsp;\n2) <\/strong>&nbsp;w 42 rocz. \u015blubu\nIreny i Wies\u0142awa Ko\u0142acz\u00f3w dzi\u0119kczynna z\npro\u015bb\u0105 o zdrowie, dary Ducha<\/p>\n\n\n\n<p>&nbsp;&nbsp;&nbsp;&nbsp;&nbsp;&nbsp;&nbsp;&nbsp;&nbsp;&nbsp;&nbsp;&nbsp;&nbsp;&nbsp; &nbsp;\u015awi\u0119tego, Bo\u017ce b\u0142ogos\u0142awie\u0144stwo i opiek\u0119 NMP \u2013\nmodli si\u0119 rodzina<strong><\/strong><\/p>\n\n\n\n<p><strong>12.3o\n\u2013 1) <\/strong>w 25 rocz. \u015blubu Doroty i Stanis\u0142awa Kr\u0119\u017cel\u00f3w dzi\u0119kczynna z pro\u015bb\u0105 o zdrowie, dary Ducha<\/p>\n\n\n\n<p>&nbsp;&nbsp;&nbsp;&nbsp;&nbsp;&nbsp;&nbsp;&nbsp;&nbsp;&nbsp;&nbsp;&nbsp;&nbsp;&nbsp; &nbsp;\u015awi\u0119tego, Bo\u017ce b\u0142ogos\u0142awie\u0144stwo i opiek\u0119 NMP na\ndalsze lata wsp\u00f3lnego \u017cycia<\/p>\n\n\n\n<p><strong>&nbsp;&nbsp;&nbsp;&nbsp;&nbsp;&nbsp;&nbsp;&nbsp;&nbsp;&nbsp;&nbsp; &nbsp;\n2) <\/strong>w 40 rocz. \u015blubu Janiny i Stanis\u0142awa Rorzkowskich i\nw 5 rocz. \u015blubu Ilony i Jakuba Witowskich <\/p>\n\n\n\n<p>&nbsp;&nbsp;&nbsp;&nbsp;&nbsp;&nbsp;&nbsp;&nbsp;&nbsp;&nbsp;&nbsp;&nbsp;&nbsp;&nbsp;&nbsp;&nbsp; dzi\u0119kczynna z pro\u015bb\u0105 o zdrowie, dary Ducha \u015awi\u0119tego, Bo\u017ce b\u0142ogos\u0142awie\u0144stwo\ni opiek\u0119 NMP <\/p>\n\n\n\n<p><strong><em>chrzest w czasie Mszy:\nTomasz Andrzej Marynowicz<\/em><\/strong><\/p>\n\n\n\n<p><strong>18.oo\n\u2013 <\/strong>zaj. P. Stembalska<strong>\n<\/strong>&nbsp;<\/p>\n\n\n\n<p><strong><em>18.04.\n\u2013 PONIEDZIA\u0141EK WIELKANOCNY&nbsp; <\/em><\/strong><\/p>\n\n\n\n<p><strong>&nbsp; 8.oo \u2013 1) <\/strong>++ Stanis\u0142awa w 15 rocz. \u015bm. oraz Mari\u0119 i Wiktora z rodziny Smola\u0144skich \u2013\nmodli si\u0119 rodzina <\/p>\n\n\n\n<p><strong>&nbsp;&nbsp;&nbsp;&nbsp;&nbsp;&nbsp;&nbsp;&nbsp;&nbsp;&nbsp;&nbsp; &nbsp;\n2)<\/strong> + J\u00f3zefa Ciroga w 21 rocz. \u015bm. \u2013 modli si\u0119 \u017cona z\nrodzin\u0105<\/p>\n\n\n\n<p><strong>&nbsp; 9.3o \u2013 <\/strong>&nbsp;+ m\u0119\u017ca Henryka Pleskacza \u2013 modli si\u0119 \u017cona z dzie\u0107mi\n<\/p>\n\n\n\n<p><strong>11.oo\n\u2013 1) <\/strong>++ rodzic\u00f3w: Henryk\u0119 i\nMieczys\u0142awa oraz siostr\u0119 Danut\u0119 Tober\u0119 \u2013 modli si\u0119 rodzina<\/p>\n\n\n\n<p><strong>&nbsp;&nbsp;&nbsp;&nbsp;&nbsp;&nbsp;&nbsp;&nbsp;&nbsp;&nbsp;&nbsp; &nbsp;\n2) <\/strong>+ Jana Kiernickiego \u2013 gregorianka 3 <\/p>\n\n\n\n<p><strong>12.3o\n\u2013 1) <\/strong>+ m\u0119\u017ca Tadeusza Nowickiego\nw 1 rocz. \u015bm. &#8211; modli si\u0119 \u017cona z rodzin\u0105<\/p>\n\n\n\n<p><strong>&nbsp; 2)<\/strong> ++ Stanis\u0142awa Rybk\u0119,\nKatarzyn\u0119 Pisulak i Jakuba Smoli\u0144skiego \u2013 modli si\u0119 c\u00f3rka z dzie\u0107mi i wnukami<\/p>\n\n\n\n<p><strong>18.oo\n\u2013 1) <\/strong>++ rodzic\u00f3w: Mart\u0119 i\nAntoniego Zagrodnych oraz brata Stefana<\/p>\n\n\n\n<p><strong>&nbsp;&nbsp;&nbsp;&nbsp;&nbsp;&nbsp;&nbsp;&nbsp;&nbsp;&nbsp;&nbsp; &nbsp;\n2)<\/strong> w\n10 rocz. \u015blubu Karoliny i Huberta oraz za dzieci: Zuzann\u0119 i Zofi\u0119 dzi\u0119kczynna z pro\u015bb\u0105 <\/p>\n\n\n\n<p>&nbsp;&nbsp;&nbsp;&nbsp;&nbsp;&nbsp; o zdrowie, dary Ducha \u015awi\u0119tego,\nBo\u017ce b\u0142ogos\u0142awie\u0144stwo i opiek\u0119 NMP \u2013 modl\u0105 si\u0119 rodzice z rodzin\u0105\n<\/p>\n\n\n\n<p><strong>19.04<em>. &#8211; WTOREK<\/em><\/strong><em><\/em><\/p>\n\n\n\n<p><strong>&nbsp; 7.oo \u2013<\/strong> ++ Jadwig\u0119 i Jana Machtylskich, Aniel\u0119, Micha\u0142a, Marie, J\u00f3zefa i\nCzes\u0142awa Zdobylak\u00f3w oraz <\/p>\n\n\n\n<p>&nbsp;&nbsp;&nbsp;&nbsp;&nbsp;&nbsp;&nbsp;&nbsp;&nbsp;&nbsp;&nbsp;&nbsp;&nbsp; dusze w czy\u015b\u0107cu\ncierpi\u0105ce<\/p>\n\n\n\n<p><strong>18.oo\n\u2013 <\/strong>+\nJana Kiernickiego \u2013 gregorianka 4<\/p>\n\n\n\n<p><strong>20.04<em>. \u2013 \u015aRODA <\/em><\/strong><\/p>\n\n\n\n<p><strong>&nbsp; 7.oo \u2013 <\/strong>+ Jana\nKiernickiego \u2013 gregorianka 5<\/p>\n\n\n\n<p><strong>18.oo\n\u2013&nbsp; intencja zbiorowa nowennowa:<\/strong><\/p>\n\n\n\n<p><strong>&nbsp;1)<\/strong> w intencji Bogus\u0142awy\nSzeligi z okazji imienin dzi\u0119kczynna z\npro\u015bb\u0105 o zdrowie, dary Ducha \u015awi\u0119tego,<\/p>\n\n\n\n<p>&nbsp;&nbsp;&nbsp;&nbsp; &nbsp;Bo\u017ce b\u0142ogos\u0142awie\u0144stwo i opiek\u0119 NMP \u2013 modl\u0105 si\u0119\nsiostry Jadwi\u017canki<\/p>\n\n\n\n<p><strong>&nbsp;2)<\/strong> + Jana Budzana w 1\nrocz. \u015bm.<\/p>\n\n\n\n<p><strong>&nbsp;3)<\/strong> + Helen\u0119 Wiatrowsk\u0105 w 1 rocz. \u015bm. \u2013 modl\u0105 si\u0119 dzieci i wnuki<\/p>\n\n\n\n<p><strong>&nbsp;4)<\/strong> o zdrowie, dobre\nwyniki lekarskie, opiek\u0119 NMP i \u015bw. Patron\u00f3w<\/p>\n\n\n\n<p><strong>21.04<em>. \u2013 CZWARTEK <\/em><\/strong><em>&nbsp;&nbsp;<\/em><\/p>\n\n\n\n<p><strong>&nbsp; 7.oo \u2013<\/strong> o zdrowie, dobre\nwyniki lekarskie, opiek\u0119 NMP i \u015bw. Patron\u00f3w<\/p>\n\n\n\n<p><strong>18.oo\n\u2013 1) <\/strong>&nbsp;+ Jana\nKiernickiego \u2013 gregorianka 6<\/p>\n\n\n\n<p><strong>&nbsp;&nbsp;&nbsp;&nbsp;&nbsp;&nbsp;&nbsp;&nbsp;&nbsp;&nbsp;&nbsp; &nbsp;\n2)<\/strong> ++ Barbar\u0119, Tadeusza, Wiktori\u0119, Piotra, Ann\u0119 Jana z\nrodziny Mark\u00f3w \u2013 modli si\u0119 rodzina<\/p>\n\n\n\n<p><strong>22.04<em>. \u2013 PI\u0104TEK<\/em><\/strong><\/p>\n\n\n\n<p><strong>&nbsp; &nbsp;&nbsp;7.oo\n\u2013<\/strong>\n&nbsp;w intencji El\u017cbiety o zdrowie, pomy\u015blny przebieg\noperacji, opiek\u0119 NMP i \u015bw. Patron\u00f3w<\/p>\n\n\n\n<p><strong>18.oo\n\u2013 1) <\/strong>+ Jana Kiernickiego \u2013 gregorianka 7 <\/p>\n\n\n\n<p><strong>&nbsp;&nbsp;&nbsp;&nbsp;&nbsp;&nbsp;&nbsp;&nbsp;&nbsp;&nbsp;&nbsp; &nbsp;\n2)<\/strong> + Damiana w dniu\nziemskich urodzin &#8211; modli si\u0119 siostra &nbsp;<\/p>\n\n\n\n<p><strong><em>23.04.\n\u2013 SOBOTA<\/em><\/strong><\/p>\n\n\n\n<p><strong>&nbsp; &nbsp;&nbsp;7.oo\n\u2013<\/strong>\n+ Jana Kiernickiego \u2013 gregorianka 8<\/p>\n\n\n\n<p><strong>18.oo\n\u2013 1) <\/strong>+ Jerzego Grzybowskiego oraz ++ jego rodzic\u00f3w i\nrodze\u0144stwo \u2013 modli si\u0119 rodzina<\/p>\n\n\n\n<p><strong>&nbsp;&nbsp;&nbsp;&nbsp;&nbsp;&nbsp;&nbsp;&nbsp;&nbsp;&nbsp;&nbsp; &nbsp;\n2)<\/strong> + Stanis\u0142awa Ksi\u0105\u017cka w 17 rocz. \u015bm. \u2013 modli si\u0119\nrodzina <\/p>\n\n\n\n<p><strong><em>24.04.\n\u2013 NIEDZIELA&nbsp; <\/em><\/strong><\/p>\n\n\n\n<p><strong>&nbsp; 8.oo \u2013 1) <\/strong>++ rodzic\u00f3w: Zofi\u0119 i Zygmunta oraz ich rodzic\u00f3w i rodze\u0144stwo \u2013 modli si\u0119 c\u00f3rka\n<\/p>\n\n\n\n<p><strong>&nbsp;&nbsp;&nbsp;&nbsp;&nbsp;&nbsp;&nbsp;&nbsp;&nbsp;&nbsp;&nbsp; &nbsp;\n2)<\/strong> w rocz. \u015blubu Dariusza i Ma\u0142gorzaty, Rafa\u0142a i Anety\noraz Adama i Ma\u0142gorzaty dzi\u0119kczynna <\/p>\n\n\n\n<p>&nbsp;&nbsp;&nbsp;&nbsp;&nbsp;&nbsp;&nbsp; z pro\u015bb\u0105 o zdrowie, dary Ducha\n\u015awi\u0119tego, Bo\u017ce b\u0142ogos\u0142awie\u0144stwo i opiek\u0119 NMP \u2013 modl\u0105 si\u0119 rodzice\n<\/p>\n\n\n\n<p><strong>&nbsp; 9.3o \u2013 <\/strong>&nbsp;+ Helen\u0119 Przybylsk\u0105 w 26 rocz. \u015bm. \u2013 modli si\u0119\nEl\u017cbieta z rodzin\u0105 <\/p>\n\n\n\n<p><strong>11.oo\n\u2013 1) <\/strong>++ Romana Rozkowi\u0144skiego,\nAnn\u0119, Franciszka, Zbigniewa So\u015bnickich, Helen\u0119 i Jana<\/p>\n\n\n\n<p>&nbsp;&nbsp;&nbsp;&nbsp;&nbsp;&nbsp;&nbsp;&nbsp;&nbsp;&nbsp;&nbsp;&nbsp;&nbsp;&nbsp;&nbsp;&nbsp; &nbsp;Mazur\u00f3w oraz te\u015bci\u00f3w J\u00f3zef\u0119 i Jana \u2013 modli si\u0119\nrodzina<\/p>\n\n\n\n<p>&nbsp;&nbsp;&nbsp;&nbsp;&nbsp; <strong>2)\n<\/strong>w\n40 rocz. \u015blubu W\u0142adys\u0142awy i Andrzeja Skuriat\u00f3w dzi\u0119kczynna z pro\u015bb\u0105 o zdrowie, dary Ducha <\/p>\n\n\n\n<p>&nbsp;&nbsp;&nbsp;&nbsp;&nbsp;&nbsp; \u015awi\u0119tego, Bo\u017ce b\u0142ogos\u0142awie\u0144stwo\ni opiek\u0119 NMP \u2013 modl\u0105 si\u0119 rodzice, dzieci i rodze\u0144stwo z rodzinami\n<\/p>\n\n\n\n<p><strong>12.3o\n\u2013 1) <\/strong>w intencji Dawida o dary\nDucha \u015awi\u0119tego i zdanie egzaminu maturalnego oraz wyb\u00f3r dobrej<\/p>\n\n\n\n<p>&nbsp;&nbsp;&nbsp;&nbsp;&nbsp;&nbsp;&nbsp;&nbsp;&nbsp;&nbsp;&nbsp;&nbsp;&nbsp;&nbsp;&nbsp;&nbsp; &nbsp;drogi \u017cyciowej \u2013 modl\u0105 si\u0119 rodzice<\/p>\n\n\n\n<p><strong>&nbsp;&nbsp;&nbsp;&nbsp;&nbsp;&nbsp;&nbsp;&nbsp;&nbsp;&nbsp;&nbsp; &nbsp;\n2)<\/strong> ++ Antoniego i Zofi\u0119 oraz ++ z rodziny Kobl\u00f3w i\nChabraszewskich \u2013 modli si\u0119 rodzina<\/p>\n\n\n\n<p><strong><em>Chrzest\npo Mszy: Szymon Piotr Stanis\u0142awski, Jan Skoczylas<\/em><\/strong><\/p>\n\n\n\n<p><strong>15.oo \u2013 NABO\u017bE\u0143STWO DO\nBO\u017bEGO MI\u0141OSIERDZIA<\/strong><\/p>\n\n\n\n<p><strong>18.oo\n\u2013 1) <\/strong>+ Jana Kiernickiego \u2013 gregorianka 8 <\/p>\n\n\n\n<p><strong>&nbsp;&nbsp;&nbsp;&nbsp;&nbsp;&nbsp;&nbsp;&nbsp;&nbsp;&nbsp;&nbsp; &nbsp;\n2) <\/strong>dzi\u0119kczynna z pro\u015bb\u0105 o\nzdrowie, dary Ducha \u015awi\u0119tego, Bo\u017ce b\u0142ogos\u0142awie\u0144stwo i opiek\u0119 NMP <\/p>\n\n\n\n<p>&nbsp;&nbsp;&nbsp;&nbsp; &nbsp;&nbsp;&nbsp;&nbsp;&nbsp;&nbsp;&nbsp;&nbsp;&nbsp;&nbsp;&nbsp;&nbsp;&nbsp;dla rodziny Zielonych\n<\/p>\n","protected":false},"excerpt":{"rendered":"<p>Sk\u0142adaj\u0105c Ofiar\u0119, kt\u00f3ra nam przypomina niezmierzon\u0105 mi\u0142o\u015b\u0107 Twojego Syna, pokornie prosimy Ci\u0119, Bo\u017ce, przyjmij intencje Twoich wiernych i spraw przez dzia\u0142anie Eucharystii, aby w naszych rodzinach wzrasta\u0142a prawdziwa wiara, \u015bwi\u0119to\u015b\u0107 \u017cycia, braterska mi\u0142o\u015b\u0107 i duch modlitwy. Niech Matka Naj\u015bwi\u0119tsza wyprosi \u0142aski, o kt\u00f3re modlili\u015bmy si\u0119 w tej Mszy \u015bw. dla&#8230; <a class=\"continue-reading-link\" href=\"http:\/\/parafia.scinawa.info\/index.php\/2022\/04\/16\/intencje-mszalne-17-04-24-04-2022\/\">Czytaj dalej <span class=\"meta-nav\">&rarr; <\/span><\/a><\/p>\n","protected":false},"author":2,"featured_media":0,"comment_status":"closed","ping_status":"closed","sticky":false,"template":"","format":"standard","meta":{"footnotes":""},"categories":[39],"tags":[],"class_list":["post-1998","post","type-post","status-publish","format-standard","hentry","category-intencje"],"_links":{"self":[{"href":"http:\/\/parafia.scinawa.info\/index.php\/wp-json\/wp\/v2\/posts\/1998","targetHints":{"allow":["GET"]}}],"collection":[{"href":"http:\/\/parafia.scinawa.info\/index.php\/wp-json\/wp\/v2\/posts"}],"about":[{"href":"http:\/\/parafia.scinawa.info\/index.php\/wp-json\/wp\/v2\/types\/post"}],"author":[{"embeddable":true,"href":"http:\/\/parafia.scinawa.info\/index.php\/wp-json\/wp\/v2\/users\/2"}],"replies":[{"embeddable":true,"href":"http:\/\/parafia.scinawa.info\/index.php\/wp-json\/wp\/v2\/comments?post=1998"}],"version-history":[{"count":1,"href":"http:\/\/parafia.scinawa.info\/index.php\/wp-json\/wp\/v2\/posts\/1998\/revisions"}],"predecessor-version":[{"id":1999,"href":"http:\/\/parafia.scinawa.info\/index.php\/wp-json\/wp\/v2\/posts\/1998\/revisions\/1999"}],"wp:attachment":[{"href":"http:\/\/parafia.scinawa.info\/index.php\/wp-json\/wp\/v2\/media?parent=1998"}],"wp:term":[{"taxonomy":"category","embeddable":true,"href":"http:\/\/parafia.scinawa.info\/index.php\/wp-json\/wp\/v2\/categories?post=1998"},{"taxonomy":"post_tag","embeddable":true,"href":"http:\/\/parafia.scinawa.info\/index.php\/wp-json\/wp\/v2\/tags?post=1998"}],"curies":[{"name":"wp","href":"https:\/\/api.w.org\/{rel}","templated":true}]}}