{"id":2011,"date":"2022-04-30T22:57:11","date_gmt":"2022-04-30T20:57:11","guid":{"rendered":"http:\/\/parafia.scinawa.info\/?p=2011"},"modified":"2022-04-30T22:57:11","modified_gmt":"2022-04-30T20:57:11","slug":"ogloszenia-duszpasterskie-3-niedziela-wielkanocna-01-05-2022","status":"publish","type":"post","link":"http:\/\/parafia.scinawa.info\/index.php\/2022\/04\/30\/ogloszenia-duszpasterskie-3-niedziela-wielkanocna-01-05-2022\/","title":{"rendered":"Og\u0142oszenia duszpasterskie    3 Niedziela Wielkanocna \u2013 01.05. 2022"},"content":{"rendered":"\n<p><strong>1.<\/strong>\nDzi\u015b prze\u017cywamy 3 Niedziel\u0119 Wielkanocn\u0105 i zarazem rozpoczniemy Tydzie\u0144 Biblijny<strong>. <\/strong>Msze \u015bw.\nwed\u0142ug porz\u0105dku niedzielnego. Zmiana tajemnic \u017bywego\nR\u00f3\u017ca\u0144ca o <strong>10<sup>30<\/sup>.<\/strong> Po Mszy \u2013 cytaty z Biblii.<\/p>\n\n\n\n<p><strong>2<\/strong><strong>.<\/strong>\nMsze \u015bw. w tygodniu&nbsp; o <strong>7<sup>00<\/sup><\/strong>\ni <strong>18<sup>00<\/sup><\/strong>.<\/p>\n\n\n\n<p><strong>3<\/strong><strong>. <\/strong>Codziennie\nspowied\u017a i adoracja Naj\u015bwi\u0119tszego Sakramentu o godz. <strong>17<sup>00<\/sup>, <\/strong>a nabo\u017ce\u0144stwa\nmajowe o <strong>17<sup>30<\/sup>.<\/strong><\/p>\n\n\n\n<p><strong>4<\/strong><strong>. W poniedzia\u0142ek o&nbsp; 17<sup>30<\/sup> nabo\u017ce\u0144stwo do Bo\u017cego\nMi\u0142osierdzia. <\/strong>(Na stoliku pod ch\u00f3rem znajduj\u0105 si\u0119\nkartki, na kt\u00f3rych mo\u017cna wypisywa\u0107 pro\u015bby i podzi\u0119kowania, kt\u00f3re b\u0119dziemy poleca\u0107\nBo\u017cemu Mi\u0142osierdziu).<strong><\/strong><\/p>\n\n\n\n<p><strong>5.<\/strong><strong> <\/strong>W\n\u015brod\u0119 Nowenna do NMP Nieustaj\u0105cej Pomocy o godz. <strong>17<sup>30<\/sup><\/strong>.<\/p>\n\n\n\n<p><strong>6.<\/strong><strong> <\/strong>W tym tygodniu obchodzimy:<strong><\/strong><\/p>\n\n\n\n<p>&#8211; <strong>w\nponiedzia\u0142ek<\/strong> &#8211; wspomnienie\n\u015bw. Atanazego, biskupa i doktora Koscio\u0142a<\/p>\n\n\n\n<p>&#8211; <strong>we\nwtorek<\/strong> \u2013 <strong><em>uroczysto\u015b\u0107\nNMP Kr\u00f3lowej Polski i 231 Rocznica uchwalenia Konstytucji 3 maja<\/em><\/strong><strong>. Msze \u015bw. w naszej\nparafii \u015acinawa:&nbsp; 8.00, 9.30, 11.00, 18.00,\nR\u0119sz\u00f3w: 9.30. Uroczysta Msza \u015bw. w intencji Ojczyzny o godz. 11<sup>00<\/sup><\/strong>.<\/p>\n\n\n\n<p>&#8211;\n<strong>w \u015brod\u0119<\/strong> \u2013 wspomnienie \u015bw.\nFloriana, m\u0119czennika<\/p>\n\n\n\n<p>&#8211; <strong>w\npi\u0105tek<\/strong> \u2013 \u015bwi\u0119to\n\u015bw. Aposto\u0142\u00f3w Filipa i Jakuba<\/p>\n\n\n\n<p><strong>7.<\/strong>\nW tym tygodniu obchodzimy I czwartek, I pi\u0105tek i I sobot\u0119 miesi\u0105ca.<\/p>\n\n\n\n<p><strong>8<\/strong><strong>.<\/strong>\n<strong><em>Odwiedziny\nchorych w I pi\u0105tek miesi\u0105ca od godz. 8.30.<\/em><\/strong><\/p>\n\n\n\n<p><strong>9<\/strong><strong>.<\/strong>\nW I sobot\u0119 miesi\u0105ca o godz. <strong>17<sup>00<\/sup><\/strong>\n<strong><em>nabo\u017ce\u0144stwo\nfatimskie po\u0142\u0105czone z majowym<\/em><\/strong>.<strong><\/strong><\/p>\n\n\n\n<p><strong>10<\/strong><strong>. <\/strong>W przysz\u0142\u0105 niedziel\u0119 obchodzimy <strong>4 Niedziel\u0119\nWielkanocn\u0105<\/strong> i zarazem rozpoczniemy Tydzie\u0144 modlitw\no powo\u0142ania do s\u0142u\u017cby Bo\u017cej w Ko\u015bciele<strong>.<\/strong><strong><em>\n<\/em><\/strong>Msze \u015bw.\nwed\u0142ug porz\u0105dku niedzielnego. <\/p>\n\n\n\n<p><strong>11<\/strong><strong>.<\/strong>\nKancelaria czynna codziennie po Mszy \u015bw. wieczornej z wyj\u0105tkiem niedziel,\nuroczysto\u015bci i \u015bwi\u0105t.<\/p>\n\n\n\n<p><strong>12<\/strong><strong>.<\/strong>\nDo nabycia jest prasa katolicka: Niedziela, Go\u015b\u0107 Niedzielny i R\u00f3\u017caniec. <\/p>\n\n\n\n<p><strong>13<\/strong><strong>.<\/strong>\nDzi\u0119kuj\u0119 wszystkim, kt\u00f3rzy w tym tygodniu sprz\u0105tali \u015bwi\u0105tyni\u0119 i przygotowali j\u0105\nna nasze spotkanie eucharystyczne.<\/p>\n\n\n\n<p><strong>14<\/strong><strong>.<\/strong>\nSerdeczne B\u00f3g zap\u0142a\u0107 za ofiary sk\u0142adane na remonty w naszej parafii. <\/p>\n\n\n\n<p><strong>15<\/strong><strong>.<\/strong>\nIntencje mszalne, kalendarze parafialne.<\/p>\n\n\n\n<p><strong>16.<\/strong>\n<strong><em>Pr\u00f3by\ndzieci<\/em><\/strong> przygotowuj\u0105cych si\u0119 do Pierwszej Komunii \u015bw.:<\/p>\n\n\n\n<p><strong><em>&#8211;\n<\/em><\/strong>w \u015brod\u0119<strong><em>, <\/em><\/strong>w czwartek i w pi\u0105tek<strong><em>\n<\/em><\/strong>o godz. <strong>15<sup>30<\/sup><\/strong>.<strong><em><\/em><\/strong><\/p>\n\n\n\n<p><strong><em>Natomiast\n7 maja, w sobot\u0119 zapraszamy rodzic\u00f3w dzieci pierwszo-komunijnych i m\u0142odzie\u017cy przygotowuj\u0105cej\nsi\u0119 do bierzmowania z klas \u00f3smych i ch\u0119tnych do sprz\u0105tania ko\u015bcio\u0142a od\ngodz.8.30. <\/em><\/strong>( Zabieramy ze sob\u0105 sprz\u0119t do sprz\u0105tania \u2013 wiadro,\nszczotka, \u015bcierka itd.)<strong><em><\/em><\/strong><\/p>\n\n\n\n<p><em>\u017byczymy mi\u0142ego\ntygodnia i obfitych \u0142ask Bo\u017cych.<\/em><\/p>\n","protected":false},"excerpt":{"rendered":"<p>1. Dzi\u015b prze\u017cywamy 3 Niedziel\u0119 Wielkanocn\u0105 i zarazem rozpoczniemy Tydzie\u0144 Biblijny. Msze \u015bw. wed\u0142ug porz\u0105dku niedzielnego. Zmiana tajemnic \u017bywego R\u00f3\u017ca\u0144ca o 1030. Po Mszy \u2013 cytaty z Biblii. 2. Msze \u015bw. w tygodniu&nbsp; o 700 i 1800. 3. Codziennie spowied\u017a i adoracja Naj\u015bwi\u0119tszego Sakramentu o godz. 1700, a nabo\u017ce\u0144stwa majowe&#8230; <a class=\"continue-reading-link\" href=\"http:\/\/parafia.scinawa.info\/index.php\/2022\/04\/30\/ogloszenia-duszpasterskie-3-niedziela-wielkanocna-01-05-2022\/\">Czytaj dalej <span class=\"meta-nav\">&rarr; <\/span><\/a><\/p>\n","protected":false},"author":2,"featured_media":0,"comment_status":"closed","ping_status":"closed","sticky":false,"template":"","format":"standard","meta":{"footnotes":""},"categories":[40],"tags":[],"class_list":["post-2011","post","type-post","status-publish","format-standard","hentry","category-ogloszenia-duszpasterskie"],"_links":{"self":[{"href":"http:\/\/parafia.scinawa.info\/index.php\/wp-json\/wp\/v2\/posts\/2011","targetHints":{"allow":["GET"]}}],"collection":[{"href":"http:\/\/parafia.scinawa.info\/index.php\/wp-json\/wp\/v2\/posts"}],"about":[{"href":"http:\/\/parafia.scinawa.info\/index.php\/wp-json\/wp\/v2\/types\/post"}],"author":[{"embeddable":true,"href":"http:\/\/parafia.scinawa.info\/index.php\/wp-json\/wp\/v2\/users\/2"}],"replies":[{"embeddable":true,"href":"http:\/\/parafia.scinawa.info\/index.php\/wp-json\/wp\/v2\/comments?post=2011"}],"version-history":[{"count":1,"href":"http:\/\/parafia.scinawa.info\/index.php\/wp-json\/wp\/v2\/posts\/2011\/revisions"}],"predecessor-version":[{"id":2012,"href":"http:\/\/parafia.scinawa.info\/index.php\/wp-json\/wp\/v2\/posts\/2011\/revisions\/2012"}],"wp:attachment":[{"href":"http:\/\/parafia.scinawa.info\/index.php\/wp-json\/wp\/v2\/media?parent=2011"}],"wp:term":[{"taxonomy":"category","embeddable":true,"href":"http:\/\/parafia.scinawa.info\/index.php\/wp-json\/wp\/v2\/categories?post=2011"},{"taxonomy":"post_tag","embeddable":true,"href":"http:\/\/parafia.scinawa.info\/index.php\/wp-json\/wp\/v2\/tags?post=2011"}],"curies":[{"name":"wp","href":"https:\/\/api.w.org\/{rel}","templated":true}]}}