{"id":2014,"date":"2022-05-07T12:28:42","date_gmt":"2022-05-07T10:28:42","guid":{"rendered":"http:\/\/parafia.scinawa.info\/?p=2014"},"modified":"2022-05-07T12:29:16","modified_gmt":"2022-05-07T10:29:16","slug":"ogloszenia-duszpasterskie-4-niedziela-wielkanocna-08-05-2022","status":"publish","type":"post","link":"http:\/\/parafia.scinawa.info\/index.php\/2022\/05\/07\/ogloszenia-duszpasterskie-4-niedziela-wielkanocna-08-05-2022\/","title":{"rendered":"Og\u0142oszenia duszpasterskie    4 Niedziela Wielkanocna \u2013 08.05. 2022"},"content":{"rendered":"\n<p><strong>1.<\/strong>\nDzi\u015b prze\u017cywamy 4 Niedziel\u0119 Wielkanocn\u0105 i zarazem Tydzie\u0144 modlitw o powo\u0142ania do\ns\u0142u\u017cby Bo\u017cej w Ko\u015bciele<strong>.<\/strong><strong><em> <\/em><\/strong>Msze \u015bw. wed\u0142ug porz\u0105dku niedzielnego.<\/p>\n\n\n\n<p><strong>2<\/strong><strong>.<\/strong> Msze \u015bw. w\ntygodniu&nbsp; o <strong>7<sup>00<\/sup><\/strong> i <strong>18<sup>00<\/sup><\/strong>.<\/p>\n\n\n\n<p><strong>3<\/strong><strong>. <\/strong>Codziennie\nspowied\u017a i adoracja Naj\u015bwi\u0119tszego Sakramentu o godz. <strong>17<sup>00<\/sup>, <\/strong>a nabo\u017ce\u0144stwa\nmajowe o <strong>17<sup>30<\/sup>.<\/strong><\/p>\n\n\n\n<p><strong>4<\/strong><strong>. W poniedzia\u0142ek o&nbsp; 17<sup>30<\/sup> nabo\u017ce\u0144stwo do Bo\u017cego\nMi\u0142osierdzia. <\/strong>(Na stoliku pod ch\u00f3rem znajduj\u0105 si\u0119\nkartki, na kt\u00f3rych mo\u017cna wypisywa\u0107 pro\u015bby i podzi\u0119kowania, kt\u00f3re b\u0119dziemy poleca\u0107\nBo\u017cemu Mi\u0142osierdziu).<\/p>\n\n\n\n<p><strong>5.<\/strong><strong> <\/strong>W \u015brod\u0119 Nowenna\ndo NMP Nieustaj\u0105cej Pomocy o godz. <strong>17<sup>30<\/sup><\/strong>.<\/p>\n\n\n\n<p><strong>6.<\/strong><strong> <\/strong>W tym tygodniu obchodzimy:<strong><\/strong><\/p>\n\n\n\n<p>&#8211; <strong>w\nponiedzia\u0142ek<\/strong> \u2013 uroczysto\u015b\u0107\n\u015bw. Stanis\u0142awa, biskupa i m\u0119czennika \u2013 g\u0142\u00f3wnego Patrona Polski<\/p>\n\n\n\n<p>&#8211;\n<strong>w pi\u0105tek<\/strong> \u2013 wspomnienie dowolne NMP Fatimskiej. Tradycyjnie\n13 maja<strong> po Mszy wieczornej <\/strong><\/p>\n\n\n\n<p><strong>&nbsp;&nbsp; nabo\u017ce\u0144stwo\nfatimskie.<\/strong><\/p>\n\n\n\n<p>&#8211; <strong>w\nsobot\u0119<\/strong> \u2013 \u015bwi\u0119to\n\u015bw. Macieja Aposto\u0142a<\/p>\n\n\n\n<p><strong>7<\/strong><strong>. <\/strong>W przysz\u0142\u0105 niedziel\u0119 obchodzimy <strong>5 Niedziel\u0119 Wielkanocn\u0105<\/strong>.\nMsze \u015bw. wed\u0142ug porz\u0105dku niedzielnego.\n<em>Porz\u0105dek\n<\/em>Mszy \u015bw. &nbsp;z racji I Komunii \u015bw. jest nast\u0119puj\u0105cy: <\/p>\n\n\n\n<p><strong>&#8211; dla wszystkich &#8211; 8<sup>00<\/sup><\/strong>,\n<strong>9<sup>30<\/sup><\/strong> i <strong>18<sup>00<\/sup>, R\u0119sz\u00f3w &#8211; 9<sup>30<\/sup><\/strong><\/p>\n\n\n\n<p><strong>&#8211; dla rodzin i dzieci I komunijnych: 11<sup>00<\/sup><\/strong><strong><\/strong><\/p>\n\n\n\n<p><strong>8.<\/strong>\n<strong><em>Pr\u00f3by\ndzieci<\/em><\/strong> przygotowuj\u0105cych si\u0119 do Pierwszej Komunii \u015bw.:<\/p>\n\n\n\n<p><strong><em>&#8211;\n<\/em><\/strong>w \u015brod\u0119<strong><em>,\n<\/em><\/strong>w czwartek i w pi\u0105tek<strong><em>\n<\/em><\/strong>o godz. <strong>15<sup>30<\/sup><\/strong>.<strong><em><\/em><\/strong><\/p>\n\n\n\n<p><strong>9.<\/strong><strong><em> Spowied\u017a dzieci do I Komunii,\nm\u0142odzie\u017cy do bierzmowania, ich rodzin w sobot\u0119 <\/em><\/strong><strong>&#8211;\n9<sup>00<\/sup><\/strong><strong><em><\/em><\/strong><\/p>\n\n\n\n<p><strong>10<\/strong><strong>.<\/strong> Kancelaria\nczynna codziennie po Mszy \u015bw. wieczornej z wyj\u0105tkiem niedziel, uroczysto\u015bci i\n\u015bwi\u0105t.<\/p>\n\n\n\n<p><strong>11<\/strong><strong>.<\/strong> Do nabycia jest\nprasa katolicka: Niedziela, Go\u015b\u0107 Niedzielny i R\u00f3\u017caniec. <\/p>\n\n\n\n<p><strong>12<\/strong><strong>.<\/strong> Dzi\u0119kuj\u0119 wszystkim,\nkt\u00f3rzy w tym tygodniu sprz\u0105tali \u015bwi\u0105tyni\u0119 i przygotowali j\u0105 na nasze spotkanie\neucharystyczne.<\/p>\n\n\n\n<p><strong>13<\/strong><strong>.<\/strong> Serdeczne B\u00f3g\nzap\u0142a\u0107 za ofiary sk\u0142adane na remonty w naszej parafii. <\/p>\n\n\n\n<p><strong>14<\/strong><strong>.<\/strong> Intencje\nmszalne, kalendarze parafialne.<\/p>\n\n\n\n<p><strong>15.<\/strong>\n<strong><em>Pr\u00f3by\nm\u0142odzie\u017cy do bierzmowania<\/em><\/strong>:<\/p>\n\n\n\n<p><strong><em>&#8211;\n<\/em><\/strong>w poniedzia\u0142ek i<strong><em>\n<\/em><\/strong>w czwartek<strong><em>\n<\/em><\/strong>o godz. <strong>19<sup>00<\/sup><\/strong>.<\/p>\n\n\n\n<p><strong>16.<\/strong> Bierzmowanie w naszej parafii odb\u0119dzie si\u0119 16 maja o godzinie <strong>18<sup>00<\/sup><\/strong>.<\/p>\n\n\n\n<p><em>\u017byczymy mi\u0142ego tygodnia i obfitych \u0142ask Bo\u017cych.<\/em><\/p>\n","protected":false},"excerpt":{"rendered":"<p>1. Dzi\u015b prze\u017cywamy 4 Niedziel\u0119 Wielkanocn\u0105 i zarazem Tydzie\u0144 modlitw o powo\u0142ania do s\u0142u\u017cby Bo\u017cej w Ko\u015bciele. Msze \u015bw. wed\u0142ug porz\u0105dku niedzielnego. 2. Msze \u015bw. w tygodniu&nbsp; o 700 i 1800. 3. Codziennie spowied\u017a i adoracja Naj\u015bwi\u0119tszego Sakramentu o godz. 1700, a nabo\u017ce\u0144stwa majowe o 1730. 4. W poniedzia\u0142ek o&nbsp;&#8230; <a class=\"continue-reading-link\" href=\"http:\/\/parafia.scinawa.info\/index.php\/2022\/05\/07\/ogloszenia-duszpasterskie-4-niedziela-wielkanocna-08-05-2022\/\">Czytaj dalej <span class=\"meta-nav\">&rarr; <\/span><\/a><\/p>\n","protected":false},"author":2,"featured_media":0,"comment_status":"closed","ping_status":"closed","sticky":false,"template":"","format":"standard","meta":{"footnotes":""},"categories":[40],"tags":[],"class_list":["post-2014","post","type-post","status-publish","format-standard","hentry","category-ogloszenia-duszpasterskie"],"_links":{"self":[{"href":"http:\/\/parafia.scinawa.info\/index.php\/wp-json\/wp\/v2\/posts\/2014","targetHints":{"allow":["GET"]}}],"collection":[{"href":"http:\/\/parafia.scinawa.info\/index.php\/wp-json\/wp\/v2\/posts"}],"about":[{"href":"http:\/\/parafia.scinawa.info\/index.php\/wp-json\/wp\/v2\/types\/post"}],"author":[{"embeddable":true,"href":"http:\/\/parafia.scinawa.info\/index.php\/wp-json\/wp\/v2\/users\/2"}],"replies":[{"embeddable":true,"href":"http:\/\/parafia.scinawa.info\/index.php\/wp-json\/wp\/v2\/comments?post=2014"}],"version-history":[{"count":2,"href":"http:\/\/parafia.scinawa.info\/index.php\/wp-json\/wp\/v2\/posts\/2014\/revisions"}],"predecessor-version":[{"id":2016,"href":"http:\/\/parafia.scinawa.info\/index.php\/wp-json\/wp\/v2\/posts\/2014\/revisions\/2016"}],"wp:attachment":[{"href":"http:\/\/parafia.scinawa.info\/index.php\/wp-json\/wp\/v2\/media?parent=2014"}],"wp:term":[{"taxonomy":"category","embeddable":true,"href":"http:\/\/parafia.scinawa.info\/index.php\/wp-json\/wp\/v2\/categories?post=2014"},{"taxonomy":"post_tag","embeddable":true,"href":"http:\/\/parafia.scinawa.info\/index.php\/wp-json\/wp\/v2\/tags?post=2014"}],"curies":[{"name":"wp","href":"https:\/\/api.w.org\/{rel}","templated":true}]}}