{"id":2017,"date":"2022-05-07T12:30:55","date_gmt":"2022-05-07T10:30:55","guid":{"rendered":"http:\/\/parafia.scinawa.info\/?p=2017"},"modified":"2022-05-07T12:33:14","modified_gmt":"2022-05-07T10:33:14","slug":"intencje-mszalne-08-05-15-05-2022","status":"publish","type":"post","link":"http:\/\/parafia.scinawa.info\/index.php\/2022\/05\/07\/intencje-mszalne-08-05-15-05-2022\/","title":{"rendered":"INTENCJE MSZALNE 08.05 \u2013 15.05. 2022"},"content":{"rendered":"\n<p><strong><em>Sk\u0142adaj\u0105c\nOfiar\u0119, kt\u00f3ra nam przypomina niezmierzon\u0105 mi\u0142o\u015b\u0107 Twojego Syna, pokornie prosimy\nCi\u0119, Bo\u017ce, przyjmij intencje Twoich wiernych i spraw przez dzia\u0142anie\nEucharystii, aby w naszych rodzinach wzrasta\u0142a prawdziwa wiara, \u015bwi\u0119to\u015b\u0107 \u017cycia,\nbraterska mi\u0142o\u015b\u0107 i duch modlitwy. <\/em><\/strong><strong>Niech\nMatka Naj\u015bwi\u0119tsza wyprosi \u0142aski, o kt\u00f3re modlili\u015bmy si\u0119 w tej Mszy \u015bw. dla \u2026\nZa\u015b zmar\u0142ym \u2026 za kt\u00f3rych odprawiali\u015bmy Msz\u0119 \u015bw.: wieczny odpoczynek racz im\nda\u0107 Panie (\u2026); niech odpoczywaj\u0105 w pokoju wiecznym. Amen<\/strong><\/p>\n\n\n\n<p><strong>08.05<em>. &#8211; NIEDZIELA&nbsp; <\/em><\/strong><em><\/em><\/p>\n\n\n\n<p><strong>&nbsp; 8.oo \u2013 1) <\/strong>w intencji Stanis\u0142awa w rocz. urodzin i w dniu imienin dzi\u0119kczynna z\npro\u015bb\u0105 o zdrowie, dary<\/p>\n\n\n\n<p>&nbsp;&nbsp;&nbsp;&nbsp;&nbsp;&nbsp;&nbsp;&nbsp;&nbsp;&nbsp;&nbsp;&nbsp;&nbsp;&nbsp;&nbsp;&nbsp; &nbsp;Ducha \u015awi\u0119tego, Bo\u017ce b\u0142ogos\u0142awie\u0144stwo i opiek\u0119\nNMP \u2013 modl\u0105 si\u0119 \u017cona i synowie <\/p>\n\n\n\n<p><strong>&nbsp;&nbsp;&nbsp;&nbsp;&nbsp;&nbsp;&nbsp;&nbsp;&nbsp;&nbsp;&nbsp; &nbsp;\n2)<\/strong> ++ El\u017cbiet\u0119, W\u0142adys\u0142awa i Zdzis\u0142awa Zdobylak\u00f3w \u2013 modli\nsi\u0119 rodzina<\/p>\n\n\n\n<p><strong>&nbsp; 9.3o \u2013 <\/strong>&nbsp;++ rodzic\u00f3w: Franciszk\u0119 i W\u0142adys\u0142awa\nTomaszkiewicz\u00f3w, Ann\u0119, Franciszka i Zbigniewa<\/p>\n\n\n\n<p>&nbsp;&nbsp;&nbsp;&nbsp;&nbsp;&nbsp;&nbsp; &nbsp;&nbsp;&nbsp;&nbsp;&nbsp;&nbsp;&nbsp;So\u015bnickich, Helen\u0119 i Jana Mazur\u00f3w, Romana\nRozkowi\u0144skiego \u2013 modli si\u0119 rodzina <\/p>\n\n\n\n<p><strong>11.oo \u2013 1) <\/strong>++ rodzic\u00f3w: Magdalen\u0119 i Stanis\u0142awa Partyk\u00f3w oraz ++ siostry: Stanis\u0142aw\u0119 i Mari\u0119 \u2013 modli si\u0119 rodzina <\/p>\n\n\n\n<p><strong>&nbsp;&nbsp;&nbsp;&nbsp;&nbsp;&nbsp;&nbsp;&nbsp;&nbsp;&nbsp;&nbsp; 2)<\/strong> ++ Mari\u0119 i J\u00f3zefa Kasprzak\u00f3w oraz ich rodzic\u00f3w i m\u0119\u017ca W\u0142adys\u0142awa Sulim\u0119 \u2013\nmodli si\u0119 rodzina<strong>\n<\/strong>&nbsp;<\/p>\n\n\n\n<p><strong>12.3o\n\u2013 1) <\/strong>+ Jana Kiernickiego \u2013 gregorianka 23<\/p>\n\n\n\n<p><strong>&nbsp;&nbsp;&nbsp;&nbsp;&nbsp;&nbsp;&nbsp;&nbsp;&nbsp;&nbsp;&nbsp; &nbsp;\n2)<\/strong> + J\u00f3zefa Witusiaka w 7 rocz.\n\u015bm. \u2013 modli si\u0119 \u017cona z rodzin\u0105<\/p>\n\n\n\n<p>&nbsp;&nbsp;&nbsp;&nbsp;&nbsp;&nbsp;&nbsp;&nbsp;&nbsp;&nbsp;&nbsp;&nbsp;&nbsp;&nbsp;&nbsp;&nbsp;&nbsp;&nbsp;&nbsp;&nbsp;&nbsp;&nbsp;&nbsp; <strong><em>chrzest \u015bwi\u0119ty: Zofia Pier\u00f3g,\nKacper Godzina, Iga Maria Stanis\u0142awska <\/em><\/strong><\/p>\n\n\n\n<p><strong>18.oo\n\u2013 1) <\/strong>+ siostr\u0119 Agnieszk\u0119 Jadwi\u017cank\u0119\n<\/p>\n\n\n\n<p><strong>&nbsp;&nbsp;&nbsp;&nbsp;&nbsp;&nbsp;&nbsp;&nbsp;&nbsp;&nbsp;&nbsp; &nbsp;\n2) <\/strong>+ Stanis\u0142awa Dudziaka, ++\njego rodzic\u00f3w: Jana i Ann\u0119 oraz syna Andrzeja \u2013 modli si\u0119 rodzina<strong>&nbsp;\n&nbsp;<\/strong>&nbsp;<\/p>\n\n\n\n<p><strong>09.05<em>. \u2013 PONIEDZIA\u0141EK<\/em><\/strong><\/p>\n\n\n\n<p><strong>&nbsp; &nbsp;&nbsp;7.oo\n\u2013 <\/strong>&nbsp;w 13 rocz. urodzin Szymona dzi\u0119kczynna z pro\u015bb\u0105 o zdrowie, dary Ducha\n\u015awi\u0119tego, Bo\u017ce  b\u0142ogos\u0142awie\u0144stwo i opiek\u0119 NMP<\/p>\n\n\n\n<p><strong>18.oo\n\u2013 1) <\/strong>zaj. P. Koz\u0142owska<\/p>\n\n\n\n<p><strong>&nbsp;&nbsp;&nbsp;&nbsp;&nbsp;&nbsp;&nbsp;&nbsp;&nbsp;&nbsp;&nbsp; &nbsp;\n2)<\/strong> + Jana Kiernickiego \u2013 gregorianka 24<\/p>\n\n\n\n<p><strong>10.05<em>. &#8211; WTOREK<\/em><\/strong><em><\/em><\/p>\n\n\n\n<p><strong>&nbsp; 7.oo \u2013 <\/strong>+ Jana\nKiernickiego \u2013 gregorianka 25<\/p>\n\n\n\n<p><strong>18.oo \u2013 <\/strong>++ Franciszk\u0119, Wojciecha, brata Edwarda z rodziny Marcin\u00f3w oraz + m\u0119\u017ca Mariana \u2013 modli si\u0119 rodzina<\/p>\n\n\n\n<p><strong>11.05<em>. \u2013 \u015aRODA <\/em><\/strong><\/p>\n\n\n\n<p><strong>&nbsp; 7.oo \u2013 <\/strong>+ Jana\nKiernickiego \u2013 gregorianka 26<\/p>\n\n\n\n<p><strong>18.oo\n\u2013&nbsp; intencja zbiorowa nowennowa:<\/strong><\/p>\n\n\n\n<p><strong>1)<\/strong>\n+ Mari\u0119<\/p>\n\n\n\n<p><strong>2)<\/strong>\n+ Iren\u0119 w 4 rocz. \u015bm. i ++ z rodziny Stochmal\u00f3w, Struskich i Flunt\u00f3w<\/p>\n\n\n\n<p><strong>3)<\/strong>\no zdrowie, dobre wyniki lekarskie, opiek\u0119 NMP i \u015bw. Patron\u00f3w dla Klaudii i\nZbigniewa<\/p>\n\n\n\n<p><strong>4)<\/strong> + syna Miros\u0142awa i dusze w czy\u015b\u0107cu cierpi\u0105ce \u2013\nmodli si\u0119 mama<\/p>\n\n\n\n<p><strong>5)\n<\/strong><\/p>\n\n\n\n<p><strong>12.05<em>. \u2013 CZWARTEK <\/em><\/strong><em>&nbsp;<\/em><\/p>\n\n\n\n<p><strong>&nbsp; 7.oo \u2013<\/strong> &nbsp;o zdrowie, dobre wyniki lekarskie, opiek\u0119 NMP\ni \u015bw. Patron\u00f3w dla Klaudii i Zbigniewa<\/p>\n\n\n\n<p><strong>18.oo\n\u2013 1) <\/strong>&nbsp;+ Jana\nKiernickiego \u2013 gregorianka 27<\/p>\n\n\n\n<p><strong>&nbsp;&nbsp;&nbsp;&nbsp;&nbsp;&nbsp;&nbsp;&nbsp;&nbsp;&nbsp;&nbsp; &nbsp;\n2)<\/strong> o zdrowie, Bo\u017ce b\u0142ogos\u0142awie\u0144stwo i opiek\u0119 NMP dla\nIreny<\/p>\n\n\n\n<p><strong>13.05<em>. \u2013 PI\u0104TEK<\/em><\/strong><\/p>\n\n\n\n<p><strong>&nbsp; &nbsp;&nbsp;7.oo\n\u2013<\/strong>\n&nbsp;o zdrowie, dobre wyniki lekarskie, opiek\u0119\nNMP i \u015bw. Patron\u00f3w dla Klaudii i Zbigniewa<\/p>\n\n\n\n<p><strong>18.oo\n\u2013 1) <\/strong>+ Jana Kiernickiego \u2013 gregorianka 28 <\/p>\n\n\n\n<p><strong>&nbsp;&nbsp;&nbsp;&nbsp;&nbsp;&nbsp;&nbsp;&nbsp;&nbsp;&nbsp;&nbsp; &nbsp;\n2)<\/strong> + Andrzeja Nowickiego &#8211; 30 dzie\u0144 od pogrzebu &#8211; intencja\nod uczestnik\u00f3w Mszy pogrzebowej <\/p>\n\n\n\n<p><strong><em>14.05. \u2013 SOBOTA<\/em><\/strong><\/p>\n\n\n\n<p><strong>&nbsp; &nbsp;&nbsp;7.oo\n\u2013<\/strong>\n+ Jana Kiernickiego \u2013 gregorianka 29<\/p>\n\n\n\n<p><strong>15.oo\n\u2013<\/strong> <strong><em>\u015blub:\nRados\u0142aw Andrzej Sta\u0144czyk \u2013 Natalia Kamila Wado\u0144<\/em><\/strong><\/p>\n\n\n\n<p><strong>18.oo\n\u2013 1)<\/strong> + Alicj\u0119 Chmielowsk\u0105 w 6 miesi\u0119cy od \u015bmierci \u2013\nmodli si\u0119 rodzina<strong>\n<\/strong>&nbsp;<\/p>\n\n\n\n<p><strong>&nbsp;&nbsp;&nbsp;&nbsp;&nbsp;&nbsp; 2) <\/strong>++ rodzic\u00f3w: Zofi\u0119 i Juliana, braci: Leszka i Stanis\u0142awa, Jadwig\u0119 i Alin\u0119\n\u2013 modli si\u0119 Kazia z rodzin\u0105 &nbsp;<\/p>\n\n\n\n<p><strong>&nbsp;&nbsp;&nbsp;&nbsp;&nbsp;&nbsp; 3)<\/strong> ++ rodzic\u00f3w: Helen\u0119 i Jana \u0141ani\u00f3w, dziadk\u00f3w: Ann\u0119 i Wojciecha, Helen\u0119 i\nStanis\u0142awa oraz c\u00f3rk\u0119 \u00a0 Ann\u0119 \u2013 modli si\u0119 rodzina<\/p>\n\n\n\n<p><strong><em>15.05. \u2013 NIEDZIELA&nbsp; <\/em><\/strong><\/p>\n\n\n\n<p><strong>&nbsp; 8.oo \u2013 1) <\/strong>++ rodzic\u00f3w: Zofi\u0119 i Jana Kubik\u00f3w oraz ++ z ich rodzin \u2013 modli si\u0119 c\u00f3rka\nz rodzin\u0105 <\/p>\n\n\n\n<p><strong>&nbsp;&nbsp;&nbsp;&nbsp;&nbsp;&nbsp;&nbsp;&nbsp;&nbsp;&nbsp;&nbsp; &nbsp;\n2)<\/strong> ++ Waldemara St\u0119pienia i Wojciecha \u0141oz\u0119 \u2013 modli si\u0119\nrodzina<\/p>\n\n\n\n<p><strong>&nbsp; 9.3o \u2013 <\/strong>w 90 rocz.\nurodzin Edwarda Tomaszkiewicza dzi\u0119kczynna\nz pro\u015bb\u0105 o zdrowie, dary Ducha\u00a0 \u015awi\u0119tego, Bo\u017ce b\u0142ogos\u0142awie\u0144stwo i opiek\u0119 NMP na dalsze lata \u017cycia \u00a0\u2013 modl\u0105 si\u0119 dzieci, wnuki \u00a0 i prawnuki<\/p>\n\n\n\n<p><strong>11.oo\n\u2013 1) I Komunia \u015bw. &#8211; w intencji dzieci pierwszokomunijnych i ich rodzin<\/strong><\/p>\n\n\n\n<p><strong>&nbsp;&nbsp;&nbsp;&nbsp;&nbsp;&nbsp;&nbsp;&nbsp;&nbsp;&nbsp;&nbsp; &nbsp;\n2) I Komunia \u015bw. &#8211; w intencji dzieci pierwszokomunijnych i ich rodzin <\/strong>&nbsp;<\/p>\n\n\n\n<p><strong>18.oo\n\u2013 1) <\/strong>+ Jana Kiernickiego \u2013 gregorianka 30<\/p>\n\n\n\n<p><strong>&nbsp;&nbsp;&nbsp;&nbsp;&nbsp;&nbsp;&nbsp;&nbsp;&nbsp;&nbsp;&nbsp; &nbsp;\n2)<\/strong> zaj. P. Ca\u0142a<\/p>\n","protected":false},"excerpt":{"rendered":"<p>Sk\u0142adaj\u0105c Ofiar\u0119, kt\u00f3ra nam przypomina niezmierzon\u0105 mi\u0142o\u015b\u0107 Twojego Syna, pokornie prosimy Ci\u0119, Bo\u017ce, przyjmij intencje Twoich wiernych i spraw przez dzia\u0142anie Eucharystii, aby w naszych rodzinach wzrasta\u0142a prawdziwa wiara, \u015bwi\u0119to\u015b\u0107 \u017cycia, braterska mi\u0142o\u015b\u0107 i duch modlitwy. Niech Matka Naj\u015bwi\u0119tsza wyprosi \u0142aski, o kt\u00f3re modlili\u015bmy si\u0119 w tej Mszy \u015bw. dla&#8230; <a class=\"continue-reading-link\" href=\"http:\/\/parafia.scinawa.info\/index.php\/2022\/05\/07\/intencje-mszalne-08-05-15-05-2022\/\">Czytaj dalej <span class=\"meta-nav\">&rarr; <\/span><\/a><\/p>\n","protected":false},"author":2,"featured_media":0,"comment_status":"closed","ping_status":"closed","sticky":false,"template":"","format":"standard","meta":{"footnotes":""},"categories":[39],"tags":[],"class_list":["post-2017","post","type-post","status-publish","format-standard","hentry","category-intencje"],"_links":{"self":[{"href":"http:\/\/parafia.scinawa.info\/index.php\/wp-json\/wp\/v2\/posts\/2017","targetHints":{"allow":["GET"]}}],"collection":[{"href":"http:\/\/parafia.scinawa.info\/index.php\/wp-json\/wp\/v2\/posts"}],"about":[{"href":"http:\/\/parafia.scinawa.info\/index.php\/wp-json\/wp\/v2\/types\/post"}],"author":[{"embeddable":true,"href":"http:\/\/parafia.scinawa.info\/index.php\/wp-json\/wp\/v2\/users\/2"}],"replies":[{"embeddable":true,"href":"http:\/\/parafia.scinawa.info\/index.php\/wp-json\/wp\/v2\/comments?post=2017"}],"version-history":[{"count":2,"href":"http:\/\/parafia.scinawa.info\/index.php\/wp-json\/wp\/v2\/posts\/2017\/revisions"}],"predecessor-version":[{"id":2019,"href":"http:\/\/parafia.scinawa.info\/index.php\/wp-json\/wp\/v2\/posts\/2017\/revisions\/2019"}],"wp:attachment":[{"href":"http:\/\/parafia.scinawa.info\/index.php\/wp-json\/wp\/v2\/media?parent=2017"}],"wp:term":[{"taxonomy":"category","embeddable":true,"href":"http:\/\/parafia.scinawa.info\/index.php\/wp-json\/wp\/v2\/categories?post=2017"},{"taxonomy":"post_tag","embeddable":true,"href":"http:\/\/parafia.scinawa.info\/index.php\/wp-json\/wp\/v2\/tags?post=2017"}],"curies":[{"name":"wp","href":"https:\/\/api.w.org\/{rel}","templated":true}]}}