{"id":2021,"date":"2022-05-14T13:44:31","date_gmt":"2022-05-14T11:44:31","guid":{"rendered":"http:\/\/parafia.scinawa.info\/?p=2021"},"modified":"2022-05-14T13:46:00","modified_gmt":"2022-05-14T11:46:00","slug":"ogloszenia-duszpasterskie-5-niedziela-wielkanocna-15-05-2022","status":"publish","type":"post","link":"http:\/\/parafia.scinawa.info\/index.php\/2022\/05\/14\/ogloszenia-duszpasterskie-5-niedziela-wielkanocna-15-05-2022\/","title":{"rendered":"Og\u0142oszenia duszpasterskie    5 Niedziela Wielkanocna \u2013 15.05. 2022"},"content":{"rendered":"\n<p><strong>1<\/strong><strong>.<\/strong>\nDzi\u015b prze\u017cywamy 5 Niedziel\u0119 Wielkanocn\u0105. Porz\u0105dek Mszy \u015bw. &nbsp;z racji I Komunii \u015bw. jest nast\u0119puj\u0105cy: <\/p>\n\n\n\n<p><strong>&#8211; dla wszystkich &#8211; 8<sup>00<\/sup><\/strong>,\n<strong>9<sup>30<\/sup><\/strong> i <strong>18<sup>00<\/sup>, R\u0119sz\u00f3w &#8211; 9<sup>30<\/sup><\/strong><\/p>\n\n\n\n<p><strong>&#8211; dla rodzin i dzieci I komunijnych: 11<sup>00<\/sup><\/strong><\/p>\n\n\n\n<p><strong><em>Bia\u0142y\nTydzie\u0144<\/em><\/strong> dla dzieci I \u2013 komunijnych o godz.<strong>\n18<sup>00<\/sup><\/strong> <strong><em>od wtorku<\/em><\/strong> (w poniedzia\u0142ek\nbierzmowanie)<strong><\/strong><\/p>\n\n\n\n<p><strong>2<\/strong><strong>.<\/strong>\nMsze \u015bw. w tygodniu&nbsp; o <strong>7<sup>00<\/sup><\/strong>\ni <strong>18<sup>00<\/sup><\/strong>.&nbsp; <\/p>\n\n\n\n<p><strong>3<\/strong><strong>. <\/strong>Codziennie\nspowied\u017a i adoracja Naj\u015bwi\u0119tszego Sakramentu o godz. <strong>17<sup>00<\/sup>.<\/strong><\/p>\n\n\n\n<p><strong>4<\/strong><strong>. W poniedzia\u0142ek o&nbsp; 17<sup>00<\/sup> nabo\u017ce\u0144stwo majowe z racji\nbierzmowania, a o godz. 18.00\nBierzmowanie m\u0142odzie\u017cy z naszego Dekanatu, kt\u00f3rego udzieli Ks. Bp Andrzej\nSiemieniewski<\/strong><strong><\/strong><\/p>\n\n\n\n<p><strong>5. <\/strong><strong>W tym tygodniu nabo\u017ce\u0144stwa: <\/strong><\/p>\n\n\n\n<p><strong>&#8211; w poniedzia\u0142ek &nbsp;&nbsp; &#8211; <\/strong>nabo\u017ce\u0144stwo<strong>\n<em>do Bo\u017cego Mi\u0142osierdzia<\/em> <\/strong>o godz. <strong>17<sup>00<\/sup><\/strong><\/p>\n\n\n\n<p><strong>&#8211;<\/strong> <strong>w \u015brod\u0119<\/strong>\n&nbsp;&nbsp;&nbsp;&nbsp; &nbsp;&nbsp;&nbsp;&nbsp;&nbsp;&nbsp;&nbsp;&nbsp;&nbsp; <strong>&#8211; <\/strong>Nowenna do <strong><em>NMP Nieustaj\u0105cej Pomocy<\/em><\/strong>\no godz. <strong>17<sup>30<\/sup><\/strong><\/p>\n\n\n\n<p><strong>&#8211; w czwartek &nbsp;&nbsp;&nbsp;&nbsp;&nbsp;&nbsp;&nbsp;&nbsp;&nbsp; &#8211;\n<\/strong>nabo\u017ce\u0144stwo<strong>\n<em>do \u015bw. J\u00f3zefa<\/em> <\/strong>o godz. <strong>17<sup>30<\/sup><\/strong><\/p>\n\n\n\n<p><strong>&#8211;<\/strong> <strong>w niedziel\u0119<\/strong>&nbsp;&nbsp;&nbsp;&nbsp;&nbsp;&nbsp;&nbsp;&nbsp;&nbsp; &#8211;&nbsp;\nnabo\u017ce\u0144stwo do <strong>\u015bw. Rity<\/strong> <em>o godz<strong>. <\/strong><\/em><strong>17<sup>30<\/sup><\/strong><\/p>\n\n\n\n<p><strong>6.<\/strong>\nCodziennie nabo\u017ce\u0144stwa majowe o <strong>17<sup>30<\/sup>.<\/strong><\/p>\n\n\n\n<p><strong>7<\/strong><strong>. <\/strong>W przysz\u0142\u0105 niedziel\u0119 obchodzimy 6 Niedziel\u0119\nWielkanocn\u0105. Msze \u015bw.\nwed\u0142ug porz\u0105dku niedzielnego.<strong><\/strong><\/p>\n\n\n\n<p><strong>8<\/strong><strong>.<\/strong>\nKancelaria czynna codziennie po Mszy \u015bw. wieczornej z wyj\u0105tkiem niedziel,\nuroczysto\u015bci i \u015bwi\u0105t.<\/p>\n\n\n\n<p><strong>9<\/strong><strong>.<\/strong>\nDo nabycia jest prasa katolicka: Niedziela, Go\u015b\u0107 Niedzielny i R\u00f3\u017caniec. <\/p>\n\n\n\n<p><strong>10<\/strong><strong>.<\/strong>\nDzi\u0119kuj\u0119 wszystkim, kt\u00f3rzy w tym tygodniu sprz\u0105tali \u015bwi\u0105tyni\u0119 i przygotowali j\u0105\nna nasze spotkanie eucharystyczne.<\/p>\n\n\n\n<p><strong>11<\/strong><strong>.<\/strong>\nSerdeczne B\u00f3g zap\u0142a\u0107 za ofiary sk\u0142adane na remonty w naszej parafii. <\/p>\n\n\n\n<p><strong>12.<\/strong> Intencje mszalne, kalendarze parafialne.<\/p>\n\n\n\n<p><em>\u017byczymy mi\u0142ego tygodnia i obfitych \u0142ask Bo\u017cych.<\/em><\/p>\n","protected":false},"excerpt":{"rendered":"<p>1. Dzi\u015b prze\u017cywamy 5 Niedziel\u0119 Wielkanocn\u0105. Porz\u0105dek Mszy \u015bw. &nbsp;z racji I Komunii \u015bw. jest nast\u0119puj\u0105cy: &#8211; dla wszystkich &#8211; 800, 930 i 1800, R\u0119sz\u00f3w &#8211; 930 &#8211; dla rodzin i dzieci I komunijnych: 1100 Bia\u0142y Tydzie\u0144 dla dzieci I \u2013 komunijnych o godz. 1800 od wtorku (w poniedzia\u0142ek bierzmowanie)&#8230; <a class=\"continue-reading-link\" href=\"http:\/\/parafia.scinawa.info\/index.php\/2022\/05\/14\/ogloszenia-duszpasterskie-5-niedziela-wielkanocna-15-05-2022\/\">Czytaj dalej <span class=\"meta-nav\">&rarr; <\/span><\/a><\/p>\n","protected":false},"author":2,"featured_media":0,"comment_status":"closed","ping_status":"closed","sticky":false,"template":"","format":"standard","meta":{"footnotes":""},"categories":[40],"tags":[],"class_list":["post-2021","post","type-post","status-publish","format-standard","hentry","category-ogloszenia-duszpasterskie"],"_links":{"self":[{"href":"http:\/\/parafia.scinawa.info\/index.php\/wp-json\/wp\/v2\/posts\/2021","targetHints":{"allow":["GET"]}}],"collection":[{"href":"http:\/\/parafia.scinawa.info\/index.php\/wp-json\/wp\/v2\/posts"}],"about":[{"href":"http:\/\/parafia.scinawa.info\/index.php\/wp-json\/wp\/v2\/types\/post"}],"author":[{"embeddable":true,"href":"http:\/\/parafia.scinawa.info\/index.php\/wp-json\/wp\/v2\/users\/2"}],"replies":[{"embeddable":true,"href":"http:\/\/parafia.scinawa.info\/index.php\/wp-json\/wp\/v2\/comments?post=2021"}],"version-history":[{"count":2,"href":"http:\/\/parafia.scinawa.info\/index.php\/wp-json\/wp\/v2\/posts\/2021\/revisions"}],"predecessor-version":[{"id":2023,"href":"http:\/\/parafia.scinawa.info\/index.php\/wp-json\/wp\/v2\/posts\/2021\/revisions\/2023"}],"wp:attachment":[{"href":"http:\/\/parafia.scinawa.info\/index.php\/wp-json\/wp\/v2\/media?parent=2021"}],"wp:term":[{"taxonomy":"category","embeddable":true,"href":"http:\/\/parafia.scinawa.info\/index.php\/wp-json\/wp\/v2\/categories?post=2021"},{"taxonomy":"post_tag","embeddable":true,"href":"http:\/\/parafia.scinawa.info\/index.php\/wp-json\/wp\/v2\/tags?post=2021"}],"curies":[{"name":"wp","href":"https:\/\/api.w.org\/{rel}","templated":true}]}}