{"id":2024,"date":"2022-05-14T14:09:37","date_gmt":"2022-05-14T12:09:37","guid":{"rendered":"http:\/\/parafia.scinawa.info\/?p=2024"},"modified":"2022-05-14T14:14:10","modified_gmt":"2022-05-14T12:14:10","slug":"intencje-mszalne-15-05-22-05-2022","status":"publish","type":"post","link":"http:\/\/parafia.scinawa.info\/index.php\/2022\/05\/14\/intencje-mszalne-15-05-22-05-2022\/","title":{"rendered":"INTENCJE MSZALNE 15.05 \u2013 22.05. 2022"},"content":{"rendered":"\n<p><strong><em>Sk\u0142adaj\u0105c\nOfiar\u0119, kt\u00f3ra nam przypomina niezmierzon\u0105 mi\u0142o\u015b\u0107 Twojego Syna, pokornie prosimy\nCi\u0119, Bo\u017ce, przyjmij intencje Twoich wiernych i spraw przez dzia\u0142anie\nEucharystii, aby w naszych rodzinach wzrasta\u0142a prawdziwa wiara, \u015bwi\u0119to\u015b\u0107 \u017cycia,\nbraterska mi\u0142o\u015b\u0107 i duch modlitwy. <\/em><\/strong><strong>Niech\nMatka Naj\u015bwi\u0119tsza wyprosi \u0142aski, o kt\u00f3re modlili\u015bmy si\u0119 w tej Mszy \u015bw. dla \u2026\nZa\u015b zmar\u0142ym \u2026 za kt\u00f3rych odprawiali\u015bmy Msz\u0119 \u015bw.: wieczny odpoczynek racz im\nda\u0107 Panie (\u2026); niech odpoczywaj\u0105 w pokoju wiecznym. Amen<\/strong><\/p>\n\n\n\n<p><strong>15.05<em>. &#8211; NIEDZIELA&nbsp; <\/em><\/strong><em><\/em><\/p>\n\n\n\n<p><strong>&nbsp; 8.oo \u2013 1) <\/strong>++ rodzic\u00f3w: Zofi\u0119 i Jana Kubik\u00f3w oraz ++ z ich rodzin \u2013 modli si\u0119 c\u00f3rka\nz rodzin\u0105 <\/p>\n\n\n\n<p><strong>&nbsp;&nbsp;&nbsp;&nbsp;&nbsp;&nbsp;&nbsp;&nbsp;&nbsp;&nbsp;&nbsp; &nbsp;\n2)<\/strong> ++ Waldemara St\u0119pienia i Wojciecha \u0141oz\u0119 \u2013 modli si\u0119\nrodzina<\/p>\n\n\n\n<p><strong>&nbsp; 9.3o \u2013 <\/strong>w 90 rocz.\nurodzin Edwarda Tomaszkiewicza dzi\u0119kczynna\nz pro\u015bb\u0105 o zdrowie, dary Ducha<\/p>\n\n\n\n<p>&nbsp;&nbsp;&nbsp;&nbsp;&nbsp;&nbsp;&nbsp;&nbsp;&nbsp;&nbsp;&nbsp;&nbsp;&nbsp;&nbsp; \u015awi\u0119tego, Bo\u017ce b\u0142ogos\u0142awie\u0144stwo\ni opiek\u0119 NMP na dalsze lata \u017cycia &nbsp;\u2013\nmodl\u0105 si\u0119 dzieci, wnuki <\/p>\n\n\n\n<p>&nbsp;&nbsp;&nbsp;&nbsp;&nbsp;&nbsp;&nbsp;&nbsp;&nbsp;&nbsp;&nbsp;&nbsp;&nbsp;&nbsp; i prawnuki<\/p>\n\n\n\n<p><strong>11.oo\n\u2013 1) I Komunia \u015bw. &#8211; w intencji dzieci pierwszokomunijnych i ich rodzin<\/strong><\/p>\n\n\n\n<p><strong>&nbsp;&nbsp;&nbsp;&nbsp;&nbsp;&nbsp;&nbsp;&nbsp;&nbsp;&nbsp;&nbsp; &nbsp;\n2) I Komunia \u015bw. &#8211; w intencji dzieci pierwszokomunijnych i ich rodzin <\/strong>&nbsp;<\/p>\n\n\n\n<p><strong>18.oo\n\u2013 1) <\/strong>+ Jana Kiernickiego \u2013 gregorianka 30<\/p>\n\n\n\n<p><strong>&nbsp;&nbsp;&nbsp;&nbsp;&nbsp;&nbsp;&nbsp;&nbsp;&nbsp;&nbsp;&nbsp; &nbsp;\n2)<\/strong> ++ rodzic\u00f3w: Zofi\u0119 i Jana Ca\u0142ych, dziadk\u00f3w: Rozalie\ni Franciszka Ca\u0142ych, Mari\u0119 i Franciszka Krawczyszyn\u00f3w oraz J\u00f3zefa Grzywniaka \u2013 modli si\u0119 rodzina<strong>\u00a0 \u00a0<\/strong>\u00a0<\/p>\n\n\n\n<p><strong>16.05<em>. \u2013 PONIEDZIA\u0141EK<\/em><\/strong><\/p>\n\n\n\n<p><strong>\u00a0 \u00a0\u00a07.oo \u2013 <\/strong>w intencji wnuk\u00f3w dzi\u0119kczynna z pro\u015bb\u0105 o zdrowie, dary Ducha \u015awi\u0119tego, Bo\u017ce b\u0142ogos\u0142awie\u0144stwo i opiek\u0119 NMP \u2013 modl\u0105 si\u0119 dziadkowie<\/p>\n\n\n\n<p><strong>18.oo\n\u2013 1) Bierzmowanie <\/strong><\/p>\n\n\n\n<p><strong>1)\n&#8211;<\/strong> za m\u0142odzie\u017c przyst\u0119puj\u0105c\u0105 do bierzmowania i ich\nrodziny dzi\u0119kczynna z pro\u015bb\u0105 o zdrowie, dary Ducha \u015awi\u0119tego, Bo\u017ce b\u0142ogos\u0142awie\u0144stwo, opiek\u0119 NMP<\/p>\n\n\n\n<p><strong>2)<\/strong> w 85 rocz. urodzin Eugenii Baran oraz za rodzin\u0119 dzi\u0119kczynna\nz pro\u015bb\u0105 o zdrowie, dary Ducha \u015awi\u0119tego, Bo\u017ce b\u0142ogos\u0142awie\u0144stwo, opiek\u0119 NMP \u2013 modli si\u0119 c\u00f3rka , zi\u0119\u0107 i wnuczki<strong>\u00a0\u00a0\u00a0\u00a0\u00a0\u00a0\u00a0\u00a0\u00a0\u00a0\u00a0 \u00a0 <\/strong><\/p>\n\n\n\n<p><strong>3)<\/strong> ++ Juli\u0119 w 5 rocz. \u015bm. i Juliana w 20 rocz. \u015bm.\noraz dusze w czy\u015b\u0107cu cierpi\u0105ce \u2013 modli si\u0119 rodzina<\/p>\n\n\n\n<p><strong>4)<\/strong> +&nbsp; mam\u0119 Adel\u0119\nOlejarnik \u2013 gregorianka 1 \u2013 modli si\u0119 c\u00f3rka Stanis\u0142awa z rodzin\u0105 <\/p>\n\n\n\n<p><strong>5)<\/strong><\/p>\n\n\n\n<p><strong>17.05<em>. &#8211; WTOREK<\/em><\/strong><em><\/em><\/p>\n\n\n\n<p><strong>&nbsp; 7.oo \u2013<\/strong> dzi\u0119kczynna za dobre\nwyniki lekarskie z pro\u015bb\u0105 o zdrowie, opiek\u0119 NMP dla Klaudii i Zbigniewa<\/p>\n\n\n\n<p><strong>18.oo\n\u2013 1)<\/strong> +&nbsp; mam\u0119 Adel\u0119\nOlejarnik \u2013 gregorianka 2<strong>\n<\/strong>&nbsp;<\/p>\n\n\n\n<p><strong>&nbsp;&nbsp;&nbsp;&nbsp;&nbsp;&nbsp;&nbsp;&nbsp;&nbsp;&nbsp;&nbsp; &nbsp;\n2)<\/strong> <\/p>\n\n\n\n<p><strong>18.05<em>. \u2013 \u015aRODA <\/em><\/strong><\/p>\n\n\n\n<p><strong>&nbsp; 7.oo \u2013 <\/strong>+&nbsp; mam\u0119 Adel\u0119 Olejarnik \u2013\ngregorianka 3<strong><\/strong><\/p>\n\n\n\n<p><strong>18.oo\n\u2013&nbsp; intencja zbiorowa nowennowa:<\/strong><\/p>\n\n\n\n<p><strong>1)<\/strong>\n++ Janin\u0119 z racji ziemskich urodzin i Romana W\u00f3jcik\u00f3w oraz ++ z rodziny\nW\u00f3jcik\u00f3w, B\u0142a\u017cejewskich i Matczak\u00f3w<\/p>\n\n\n\n<p><strong>2)<\/strong>\n+ Mieczys\u0142awa Piroga w 2 rocz. \u015bm., ++ rodzic\u00f3w: Apoloni\u0119 i J\u00f3zefa Pirog\u00f3w,\nMari\u0119 i Stanis\u0142awa\u00a0Kulpi\u0144skich \u2013 modli si\u0119 \u017cona i c\u00f3rka z rodzin\u0105<\/p>\n\n\n\n<p><strong>3)<\/strong> dzi\u0119kczynna za dobre wyniki lekarskie z pro\u015bb\u0105 o zdrowie, opiek\u0119 NMP i \u015bw. Patron\u00f3w dla Klaudii  i Zbigniewa<\/p>\n\n\n\n<p><strong>19.05<em>. \u2013 CZWARTEK <\/em><\/strong><em>&nbsp;<\/em><\/p>\n\n\n\n<p><strong>&nbsp; 7.oo \u2013<\/strong> dzi\u0119kczynna za dobre\nwyniki lekarskie z pro\u015bb\u0105 o zdrowie, opiek\u0119 NMP dla Klaudii i Zbigniewa <\/p>\n\n\n\n<p><strong>18.oo\n\u2013 1)<\/strong> +&nbsp; mam\u0119 Adel\u0119\nOlejarnik \u2013 gregorianka 4<strong>\n<\/strong>&nbsp;<\/p>\n\n\n\n<p><strong>&nbsp;&nbsp;&nbsp;&nbsp;&nbsp;&nbsp;&nbsp;&nbsp;&nbsp;&nbsp;&nbsp; &nbsp;\n2)<\/strong> ++ Krystyn\u0119 i Kazimierza Genderk\u00f3w oraz syna\nMariana<\/p>\n\n\n\n<p><strong>20.05<em>. \u2013 PI\u0104TEK<\/em><\/strong><\/p>\n\n\n\n<p><strong>&nbsp; &nbsp;&nbsp;7.oo\n\u2013<\/strong>\nw 55 rocz. urodzin Romana dzi\u0119kczynna z\npro\u015bb\u0105 o zdrowie, dary Ducha \u015awi\u0119tego, Bo\u017ce b\u0142ogos\u0142awie\u0144stwo i opiek\u0119 NMP<\/p>\n\n\n\n<p><strong>18.oo\n\u2013 1) <\/strong>&nbsp;+&nbsp; mam\u0119\nAdel\u0119 Olejarnik \u2013 gregorianka 5<\/p>\n\n\n\n<p><strong>&nbsp;&nbsp;&nbsp;&nbsp;&nbsp;&nbsp;&nbsp;&nbsp;&nbsp;&nbsp;&nbsp; &nbsp;\n2)<\/strong> w 25 rocz. urodzin wnuka Karola dzi\u0119kczynna z pro\u015bb\u0105 o zdrowie, dary Ducha\n\u015awi\u0119tego, Bo\u017ce  b\u0142ogos\u0142awie\u0144stwo i opiek\u0119 NMP \u2013 modli si\u0119 babcia<\/p>\n\n\n\n<p><strong><em>21.05.\n\u2013 SOBOTA<\/em><\/strong><\/p>\n\n\n\n<p><strong>&nbsp; &nbsp;&nbsp;7.oo\n\u2013<\/strong>\n+&nbsp;\nmam\u0119 Adel\u0119 Olejarnik \u2013 gregorianka 6<\/p>\n\n\n\n<p><strong>18.oo\n\u2013 1) <\/strong>++ rodzic\u00f3w z obu stron:\nStanis\u0142aw\u0119 i Stanis\u0142awa Chudzichowskich, Helen\u0119 i W\u0142adys\u0142awa\u00a0Langner\u00f3w \u2013 modli si\u0119 c\u00f3rka z m\u0119\u017cem i dzie\u0107mi <\/p>\n\n\n\n<p><strong>&nbsp;&nbsp;&nbsp;&nbsp;&nbsp;&nbsp;&nbsp;&nbsp;&nbsp;&nbsp;&nbsp; &nbsp;\n2)<\/strong> &nbsp;<\/p>\n\n\n\n<p><strong><em>22.05.\n\u2013 NIEDZIELA&nbsp; <\/em><\/strong><\/p>\n\n\n\n<p><strong>&nbsp; 8.oo \u2013 1) <\/strong>zaj. P. Go\u0142a\u015b <\/p>\n\n\n\n<p><strong>&nbsp;&nbsp;&nbsp;&nbsp;&nbsp;&nbsp;&nbsp;&nbsp;&nbsp;&nbsp;&nbsp; &nbsp;\n2)<\/strong> + syna Daniela w 13 rocz. \u015bm. i ++ z rodziny\nGancark\u00f3w \u2013 modli si\u0119 rodzina<\/p>\n\n\n\n<p><strong>&nbsp; 9.3o \u2013 <\/strong>&nbsp;&nbsp;<\/p>\n\n\n\n<p><strong>11.oo\n\u2013 1) <\/strong>w 65 rocz. \u015blubu Danuty i Czes\u0142awa oraz w 85 rocz.\nurodzin mamy Danuty dzi\u0119kczynna z pro\u015bb\u0105 o zdrowie, dary Ducha \u015awi\u0119tego, Bo\u017ce b\u0142ogos\u0142awie\u0144stwo i opiek\u0119 NMP na dalsze\u00a0lata \u017cycia \u00a0\u2013 modl\u0105 si\u0119 dzieci, wnuki i prawnuki<\/p>\n\n\n\n<p><strong>\u00a0\u00a0\u00a0\u00a0\u00a0\u00a0\u00a0\u00a0\u00a0\u00a0\u00a0 \u00a0 2) <\/strong>+ Romana Ho\u0142ubeckiego w 13 rocz. \u015bm. oraz ++ z rodziny Ho\u0142ubeckich i Filipiuk\u00f3w \u2013 modli si\u0119 rodzina <\/p>\n\n\n\n<p><strong>12.3o\n\u2013 1) <\/strong>w intencji Jolanty,\nJanusza, Magdaleny, Zachariasza, Amelii, Mateuszka i \u0141ukasza dzi\u0119kczynna z pro\u015bb\u0105 o zdrowie, dary Ducha \u015awi\u0119tego, Bo\u017ce b\u0142ogos\u0142awie\u0144stwo, opiek\u0119 NMP \u2013 modli si\u0119 Janina <\/p>\n\n\n\n<p><strong>&nbsp;&nbsp;&nbsp;&nbsp;&nbsp;&nbsp;&nbsp;&nbsp;&nbsp;&nbsp;&nbsp; &nbsp;\n2)<\/strong> w 2 rocz. \u015bwi\u0119ce\u0144 kap\u0142a\u0144skich ks. Tomasza dzi\u0119kczynna za otrzymane \u0142aski z pro\u015bb\u0105 o zdrowie, dary Ducha \u015awi\u0119tego, Bo\u017ce b\u0142ogos\u0142awie\u0144stwo, opiek\u0119 NMP<\/p>\n\n\n\n<p>\u00a0\u00a0\u00a0\u00a0\u00a0\u00a0\u00a0\u00a0\u00a0\u00a0\u00a0\u00a0\u00a0\u00a0\u00a0\u00a0\u00a0\u00a0\u00a0\u00a0\u00a0\u00a0\u00a0 \u00a0\u00a0<strong><em>Chrzest po Mszy: Oliwier Natan Gajownik<\/em><\/strong><\/p>\n\n\n\n<p><strong>18.oo\n\u2013 1) <\/strong>&nbsp;+&nbsp; mam\u0119\nAdel\u0119 Olejarnik \u2013 gregorianka 7<\/p>\n\n\n\n<p><strong>&nbsp;&nbsp;&nbsp;&nbsp;&nbsp;&nbsp;&nbsp;&nbsp;&nbsp;&nbsp;&nbsp; &nbsp;\n2)<\/strong> w 60 rocz. urodzin \u017cony dzi\u0119kczynna z pro\u015bb\u0105 o zdrowie, dary Ducha \u015awi\u0119tego, Bo\u017ce\u00a0b\u0142ogos\u0142awie\u0144stwo, opiek\u0119 NMP \u2013 modli si\u0119 m\u0105\u017c z c\u00f3rkami<strong> <\/strong>\u00a0<\/p>\n","protected":false},"excerpt":{"rendered":"<p>Sk\u0142adaj\u0105c Ofiar\u0119, kt\u00f3ra nam przypomina niezmierzon\u0105 mi\u0142o\u015b\u0107 Twojego Syna, pokornie prosimy Ci\u0119, Bo\u017ce, przyjmij intencje Twoich wiernych i spraw przez dzia\u0142anie Eucharystii, aby w naszych rodzinach wzrasta\u0142a prawdziwa wiara, \u015bwi\u0119to\u015b\u0107 \u017cycia, braterska mi\u0142o\u015b\u0107 i duch modlitwy. Niech Matka Naj\u015bwi\u0119tsza wyprosi \u0142aski, o kt\u00f3re modlili\u015bmy si\u0119 w tej Mszy \u015bw. dla&#8230; <a class=\"continue-reading-link\" href=\"http:\/\/parafia.scinawa.info\/index.php\/2022\/05\/14\/intencje-mszalne-15-05-22-05-2022\/\">Czytaj dalej <span class=\"meta-nav\">&rarr; <\/span><\/a><\/p>\n","protected":false},"author":2,"featured_media":0,"comment_status":"closed","ping_status":"closed","sticky":false,"template":"","format":"standard","meta":{"footnotes":""},"categories":[39],"tags":[],"class_list":["post-2024","post","type-post","status-publish","format-standard","hentry","category-intencje"],"_links":{"self":[{"href":"http:\/\/parafia.scinawa.info\/index.php\/wp-json\/wp\/v2\/posts\/2024","targetHints":{"allow":["GET"]}}],"collection":[{"href":"http:\/\/parafia.scinawa.info\/index.php\/wp-json\/wp\/v2\/posts"}],"about":[{"href":"http:\/\/parafia.scinawa.info\/index.php\/wp-json\/wp\/v2\/types\/post"}],"author":[{"embeddable":true,"href":"http:\/\/parafia.scinawa.info\/index.php\/wp-json\/wp\/v2\/users\/2"}],"replies":[{"embeddable":true,"href":"http:\/\/parafia.scinawa.info\/index.php\/wp-json\/wp\/v2\/comments?post=2024"}],"version-history":[{"count":2,"href":"http:\/\/parafia.scinawa.info\/index.php\/wp-json\/wp\/v2\/posts\/2024\/revisions"}],"predecessor-version":[{"id":2026,"href":"http:\/\/parafia.scinawa.info\/index.php\/wp-json\/wp\/v2\/posts\/2024\/revisions\/2026"}],"wp:attachment":[{"href":"http:\/\/parafia.scinawa.info\/index.php\/wp-json\/wp\/v2\/media?parent=2024"}],"wp:term":[{"taxonomy":"category","embeddable":true,"href":"http:\/\/parafia.scinawa.info\/index.php\/wp-json\/wp\/v2\/categories?post=2024"},{"taxonomy":"post_tag","embeddable":true,"href":"http:\/\/parafia.scinawa.info\/index.php\/wp-json\/wp\/v2\/tags?post=2024"}],"curies":[{"name":"wp","href":"https:\/\/api.w.org\/{rel}","templated":true}]}}