{"id":2027,"date":"2022-05-21T14:15:18","date_gmt":"2022-05-21T12:15:18","guid":{"rendered":"http:\/\/parafia.scinawa.info\/?p=2027"},"modified":"2022-05-21T14:19:00","modified_gmt":"2022-05-21T12:19:00","slug":"intencje-mszalne-22-05-29-05-2022","status":"publish","type":"post","link":"http:\/\/parafia.scinawa.info\/index.php\/2022\/05\/21\/intencje-mszalne-22-05-29-05-2022\/","title":{"rendered":"INTENCJE MSZALNE 22.05 \u2013 29.05. 2022"},"content":{"rendered":"\n<p><strong><em>Sk\u0142adaj\u0105c\nOfiar\u0119, kt\u00f3ra nam przypomina niezmierzon\u0105 mi\u0142o\u015b\u0107 Twojego Syna, pokornie prosimy\nCi\u0119, Bo\u017ce, przyjmij intencje Twoich wiernych i spraw przez dzia\u0142anie\nEucharystii, aby w naszych rodzinach wzrasta\u0142a prawdziwa wiara, \u015bwi\u0119to\u015b\u0107 \u017cycia,\nbraterska mi\u0142o\u015b\u0107 i duch modlitwy. <\/em><\/strong><strong>Niech\nMatka Naj\u015bwi\u0119tsza wyprosi \u0142aski, o kt\u00f3re modlili\u015bmy si\u0119 w tej Mszy \u015bw. dla \u2026\nZa\u015b zmar\u0142ym \u2026 za kt\u00f3rych odprawiali\u015bmy Msz\u0119 \u015bw.: wieczny odpoczynek racz im\nda\u0107 Panie (\u2026); niech odpoczywaj\u0105 w pokoju wiecznym. Amen<\/strong><\/p>\n\n\n\n<p><strong>22.05<em>. &#8211; NIEDZIELA&nbsp; <\/em><\/strong><em><\/em><\/p>\n\n\n\n<p><strong>&nbsp; &nbsp;&nbsp;8.oo\n\u2013 1) <\/strong>w 7 rocz. \u015blubu Pauliny i Paw\u0142a Czy\u017cowicz\u00f3w dzi\u0119kczynna z pro\u015bb\u0105 o zdrowie, dary Ducha<\/p>\n\n\n\n<p>&nbsp;&nbsp;&nbsp;&nbsp;&nbsp;&nbsp;&nbsp;&nbsp;&nbsp;&nbsp;&nbsp;&nbsp;&nbsp;&nbsp;&nbsp;&nbsp;&nbsp; &nbsp;\u015awi\u0119tego, Bo\u017ce b\u0142ogos\u0142awie\u0144stwo, opiek\u0119 NMP i\n\u015bw. Patron\u00f3w<\/p>\n\n\n\n<p><strong>&nbsp;&nbsp;&nbsp;&nbsp;&nbsp;&nbsp;&nbsp;&nbsp;&nbsp;&nbsp;&nbsp; &nbsp;\n2)<\/strong> + syna Daniela w 13 rocz. \u015bm. i ++ z rodziny\nGancark\u00f3w \u2013 modli si\u0119 rodzina<\/p>\n\n\n\n<p><strong>&nbsp; 9.3o \u2013 <\/strong>&nbsp;&nbsp;<\/p>\n\n\n\n<p><strong>11.oo \u2013 1) <\/strong>w 65 rocz. \u015blubu Danuty i Czes\u0142awa oraz w 85 rocz. urodzin mamy Danuty dzi\u0119kczynna  z pro\u015bb\u0105 o zdrowie, dary Ducha \u015awi\u0119tego, Bo\u017ce b\u0142ogos\u0142awie\u0144stwo i opiek\u0119 NMP na dalsze lata \u017cycia \u00a0\u2013 modl\u0105 si\u0119 dzieci, wnuki i prawnuki<\/p>\n\n\n\n<p><strong>&nbsp;&nbsp;&nbsp;&nbsp;&nbsp;&nbsp;&nbsp;&nbsp;&nbsp;&nbsp;&nbsp; &nbsp;\n2) <\/strong>+ Romana Ho\u0142ubeckiego w 13\nrocz. \u015bm. oraz ++ z rodziny Ho\u0142ubeckich i Filipiuk\u00f3w \u2013 modli si\u0119\u00a0rodzina <\/p>\n\n\n\n<p><strong>12.3o\n\u2013 1) <\/strong>w intencji Jolanty,\nJanusza, Magdaleny, Zachariasza, Amelii, Mateuszka i \u0141ukasza dzi\u0119kczynna z pro\u015bb\u0105 o zdrowie, dary Ducha \u015awi\u0119tego, Bo\u017ce b\u0142ogos\u0142awie\u0144stwo, opiek\u0119 NMP  \u2013 modli si\u0119 Janina <\/p>\n\n\n\n<p><strong>\u00a0\u00a0\u00a0\u00a0\u00a0\u00a0\u00a0\u00a0\u00a0\u00a0\u00a0 \u00a0\u00a02)<\/strong> w 2 rocz. \u015bwi\u0119ce\u0144 kap\u0142a\u0144skich ks. Tomasza dzi\u0119kczynna za otrzymane \u0142aski z pro\u015bb\u0105\u00a0o zdrowie, dary Ducha \u015awi\u0119tego, Bo\u017ce b\u0142ogos\u0142awie\u0144stwo, opiek\u0119 NMP<\/p>\n\n\n\n<p>&nbsp;&nbsp;&nbsp;&nbsp;&nbsp;&nbsp;&nbsp;&nbsp;&nbsp;&nbsp;&nbsp;&nbsp;&nbsp;&nbsp;&nbsp;&nbsp;&nbsp;&nbsp;&nbsp;&nbsp;&nbsp;&nbsp;&nbsp; &nbsp;&nbsp;&nbsp;&nbsp;&nbsp;&nbsp;&nbsp;&nbsp;&nbsp;&nbsp;&nbsp; <strong><em>Chrzest po Mszy: Oliwier\nNatan Gajownik<\/em><\/strong><\/p>\n\n\n\n<p><strong>18.oo\n\u2013 1) <\/strong>&nbsp;+ mam\u0119 Adel\u0119 Olejarnik \u2013 gregorianka 7<\/p>\n\n\n\n<p><strong>\u00a0\u00a0\u00a0\u00a0\u00a0\u00a0\u00a0\u00a0\u00a0\u00a0\u00a0 \u00a0 2)<\/strong> w 60 rocz. urodzin \u017cony dzi\u0119kczynna z pro\u015bb\u0105 o zdrowie, dary Ducha \u015awi\u0119tego, Bo\u017ce\u00a0b\u0142ogos\u0142awie\u0144stwo, opiek\u0119 NMP \u2013 modli si\u0119 m\u0105\u017c z c\u00f3rkami<strong>\u00a0 \u00a0<\/strong><\/p>\n\n\n\n<p><strong>23.05<em>. \u2013 PONIEDZIA\u0141EK<\/em><\/strong><\/p>\n\n\n\n<p><strong>&nbsp; 7.oo \u2013 <\/strong>&nbsp;+ mam\u0119\nAdel\u0119 Olejarnik \u2013 gregorianka 8<\/p>\n\n\n\n<p><strong>18.oo\n\u2013 1) <\/strong>++ Artura w16 rocz. \u015bm.\noraz ++ z rodziny Babij\u00f3w, Baran\u00f3w, Kuciemb\u00f3w, Pawlak\u00f3w \u2013 modli  si\u0119 rodzina <\/p>\n\n\n\n<p><strong>&nbsp;&nbsp;&nbsp;&nbsp; 2)<\/strong> w intencji ks.\nKazimierza Czuczo\u0142y w 35 rocz. \u015bwi\u0119ce\u0144 kap\u0142a\u0144skich dzi\u0119kczynna za otrzymane \u0142aski\u00a0z pro\u015bb\u0105 o zdrowie, dary Ducha \u015awi\u0119tego, Bo\u017ce b\u0142ogos\u0142awie\u0144stwo, opiek\u0119 NMP \u2013 modli si\u0119 rodzina<\/p>\n\n\n\n<p><strong>24.05<em>. &#8211; WTOREK<\/em><\/strong><em><\/em><\/p>\n\n\n\n<p><strong>&nbsp; 7.oo \u2013 1) <\/strong>w intencji uczni\u00f3w klas 8 pisz\u0105cych egzaminy o \u015bwiat\u0142o Ducha \u015awi\u0119tego,\nBo\u017ce  b\u0142ogos\u0142awie\u0144stwo i opiek\u0119 NMP<\/p>\n\n\n\n<p><strong>&nbsp;&nbsp;&nbsp;&nbsp;&nbsp;&nbsp;&nbsp;&nbsp;&nbsp;&nbsp;&nbsp; &nbsp;\n2) <\/strong>+ mam\u0119 Adel\u0119 Olejarnik \u2013\ngregorianka 9<\/p>\n\n\n\n<p><strong>18.oo\n\u2013 <\/strong>++ Iren\u0119 i Franciszka Szczepaniak\u00f3w oraz + Jerzego i\ndusze w czy\u015b\u0107cu cierpi\u0105ce <\/p>\n\n\n\n<p><strong>25.05<em>. \u2013 \u015aRODA <\/em><\/strong><\/p>\n\n\n\n<p><strong>&nbsp; 7.oo \u2013 <\/strong>+ mam\u0119 Adel\u0119 Olejarnik \u2013 gregorianka 10<strong><\/strong><\/p>\n\n\n\n<p><strong>18.oo\n\u2013&nbsp; intencja zbiorowa nowennowa:<\/strong><\/p>\n\n\n\n<p><strong>1)<\/strong>\nw 30 rocz. urodzin wnuczki Laury dzi\u0119kczynna\nz pro\u015bb\u0105 o zdrowie, dary Ducha \u015awi\u0119tego, Bo\u017ce  b\u0142ogos\u0142awie\u0144stwo, opiek\u0119 NMP \u2013 modli si\u0119 babcia<\/p>\n\n\n\n<p><strong>2)<\/strong>\n+ Stanis\u0142awa Sempika &#8211; 30 dzie\u0144 od pogrzebu &#8211; intencja od uczestnik\u00f3w Mszy pogrzebowej<\/p>\n\n\n\n<p><strong>3)<\/strong> o zdrowie, Bo\u017ce b\u0142. i opiek\u0119 NMP dla rodzic\u00f3w:\nMarii i Zbigniewa \u2013 modl\u0105 si\u0119 dzieci, wnuki i prawnuki<\/p>\n\n\n\n<p><strong>4)<\/strong> ++ Marie i Zygmunta Fibik\u00f3w \u2013 modli si\u0119 syn z\nrodzin\u0105<\/p>\n\n\n\n<p><strong>5)<\/strong> ++ Juli\u0119\ni Jana Mi\u0119dzyrzeckich, Eugeni\u0119 i Piotra Bilewicz\u00f3w, Mari\u0119 i Zygmunta Fibik\u00f3w \u2013\nmodli si\u0119 rodzina<\/p>\n\n\n\n<p><strong>6)<\/strong> ++ mamy Mariann\u0119 i Krystyn\u0119 \u2013 modl\u0105 si\u0119 dzieci<\/p>\n\n\n\n<p><strong>7)<\/strong> zaj. P. Ca\u0142a<\/p>\n\n\n\n<p><strong>26.05<em>. \u2013 CZWARTEK <\/em><\/strong><em>&nbsp;<\/em><\/p>\n\n\n\n<p><strong>&nbsp; 7.oo \u2013<\/strong> &nbsp;+ mam\u0119\nAdel\u0119 Olejarnik \u2013 gregorianka 11<\/p>\n\n\n\n<p><strong>18.oo\n\u2013 1)<\/strong> ++ rodzic\u00f3w: Czes\u0142aw\u0119 i Kazimierza \u2013 modl\u0105 si\u0119 dzieci<strong> <\/strong>&nbsp;<\/p>\n\n\n\n<p><strong>&nbsp;&nbsp;&nbsp;&nbsp;&nbsp;&nbsp;&nbsp;&nbsp;&nbsp;&nbsp;&nbsp; &nbsp;\n2)<\/strong> + m\u0119\u017ca Jacka w 10 rocz.\n\u015bm. \u2013 modli si\u0119 \u017cona z rodzin\u0105 <\/p>\n\n\n\n<p><strong>27.05<em>. \u2013 PI\u0104TEK<\/em><\/strong><\/p>\n\n\n\n<p><strong>&nbsp; 7.oo \u2013<\/strong> + Wiktori\u0119 z racji Dnia\nMatki<\/p>\n\n\n\n<p><strong>18.oo\n\u2013 1) <\/strong>+ mam\u0119 Adel\u0119 Olejarnik \u2013\ngregorianka 12 <\/p>\n\n\n\n<p><strong>&nbsp;&nbsp;&nbsp;&nbsp;&nbsp;&nbsp;&nbsp;&nbsp;&nbsp;&nbsp;&nbsp; &nbsp;\n2)<\/strong> + Stanis\u0142aw\u0119 Balcer &#8211; 30 dzie\u0144 od pogrzebu &#8211; intencja\nod uczestnik\u00f3w Mszy pogrzebowej <\/p>\n\n\n\n<p><strong><em>28.05.\n\u2013 SOBOTA<\/em><\/strong><\/p>\n\n\n\n<p><strong>&nbsp; 7.oo \u2013<\/strong> <\/p>\n\n\n\n<p><strong>18.oo\n\u2013 1) <\/strong>&nbsp;+ mam\u0119 Adel\u0119 Olejarnik \u2013 gregorianka 13<\/p>\n\n\n\n<p><strong>&nbsp;&nbsp;&nbsp;&nbsp;&nbsp;&nbsp;&nbsp;&nbsp;&nbsp;&nbsp;&nbsp; &nbsp;\n2)<\/strong> w intencji Wies\u0142awa z\nracji urodzin dzi\u0119kczynna z pro\u015bb\u0105 o zdrowie, dary Ducha \u015awi\u0119tego,\u00a0Bo\u017ce b\u0142ogos\u0142awie\u0144stwo, opiek\u0119 NMP<\/p>\n\n\n\n<p>&nbsp;&nbsp;&nbsp;&nbsp;&nbsp;&nbsp;&nbsp;&nbsp;&nbsp;&nbsp;&nbsp; &nbsp; <strong>3)<\/strong> zaj. P. Bilewicz &nbsp;&nbsp;<\/p>\n\n\n\n<p><strong><em>29.05.\n\u2013 NIEDZIELA&nbsp; <\/em><\/strong><\/p>\n\n\n\n<p><strong>&nbsp; 8.oo \u2013 1) <\/strong>+ J\u00f3zefa Lewosi\u0144skiego w 4 rocz. \u015bm., ++ rodzic\u00f3w: Bronis\u0142aw\u0119 i\nStanis\u0142awa oraz Weronik\u0119\u00a0i Franciszka \u2013 modli si\u0119 c\u00f3rka Krystyna <\/p>\n\n\n\n<p><strong>&nbsp;&nbsp;&nbsp;&nbsp;&nbsp;&nbsp;&nbsp;&nbsp;&nbsp;&nbsp;&nbsp; &nbsp;\n2)<\/strong> + Genowef\u0119 Kozak w rocz.\n\u015bm. oraz ++ z rodziny <\/p>\n\n\n\n<p><strong>\u00a0 9.3o \u2013 <\/strong>\u00a0o zdrowie, dary Ducha \u015awi\u0119tego, Bo\u017ce b\u0142ogos\u0142awie\u0144stwo, opiek\u0119 NMP dla Zuzi, Zosi i Poli oraz ich rodzic\u00f3w \u2013 modli si\u0119 babcia i mama <\/p>\n\n\n\n<p><strong>11.oo\n\u2013 1)<\/strong> + Franciszka Kr\u0119\u017cela w 1 rocz. \u015bm. \u2013 modli si\u0119 syn\nz rodzin\u0105<strong> <\/strong><\/p>\n\n\n\n<p><strong>2)\n<\/strong>w\n30 rocz. \u015blubu Agnieszki i Dariusza Bilskich dzi\u0119kczynna z pro\u015bb\u0105 o zdrowie, dary Ducha \u015awi\u0119tego, Bo\u017ce b\u0142ogos\u0142awie\u0144stwo\ni opiek\u0119 NMP na dalsze lata \u017cycia dla nich i ich c\u00f3rki Kamili &nbsp;\u2013 modli si\u0119 rodzina <\/p>\n\n\n\n<p><strong>12.3o\n\u2013 1) <\/strong>w 75 rocz. urodzin Zofii\nRybki dzi\u0119kczynna z pro\u015bb\u0105 o zdrowie, dary Ducha \u015awi\u0119tego, Bo\u017ce \u00a0b\u0142ogos\u0142awie\u0144stwo i opiek\u0119 NMP \u2013 modl\u0105 si\u0119 c\u00f3rka i syn z rodzinami<\/p>\n\n\n\n<p><strong>&nbsp;&nbsp;&nbsp;&nbsp;&nbsp;&nbsp;&nbsp;&nbsp;&nbsp;&nbsp;&nbsp; &nbsp;\n2)<\/strong> <strong><em>Rocznica I Komunii \u015awi\u0119tej <\/em><\/strong>\u2013\nw intencji dzieci przyst\u0119puj\u0105cych do Rocznicy<\/p>\n\n\n\n<p><strong>18.oo\n&nbsp;\u2013 1) <\/strong>&nbsp;+ mam\u0119\nAdel\u0119 Olejarnik \u2013 gregorianka 14<\/p>\n\n\n\n<p><strong>2)<\/strong>\nw intencji Magdaleny i jej rodziny dzi\u0119kczynna\nz pro\u015bb\u0105 o potrzebne \u0142aski Bo\u017ce i opiek\u0119 Pani Fatimskiej <\/p>\n","protected":false},"excerpt":{"rendered":"<p>Sk\u0142adaj\u0105c Ofiar\u0119, kt\u00f3ra nam przypomina niezmierzon\u0105 mi\u0142o\u015b\u0107 Twojego Syna, pokornie prosimy Ci\u0119, Bo\u017ce, przyjmij intencje Twoich wiernych i spraw przez dzia\u0142anie Eucharystii, aby w naszych rodzinach wzrasta\u0142a prawdziwa wiara, \u015bwi\u0119to\u015b\u0107 \u017cycia, braterska mi\u0142o\u015b\u0107 i duch modlitwy. Niech Matka Naj\u015bwi\u0119tsza wyprosi \u0142aski, o kt\u00f3re modlili\u015bmy si\u0119 w tej Mszy \u015bw. dla&#8230; <a class=\"continue-reading-link\" href=\"http:\/\/parafia.scinawa.info\/index.php\/2022\/05\/21\/intencje-mszalne-22-05-29-05-2022\/\">Czytaj dalej <span class=\"meta-nav\">&rarr; <\/span><\/a><\/p>\n","protected":false},"author":2,"featured_media":0,"comment_status":"closed","ping_status":"closed","sticky":false,"template":"","format":"standard","meta":{"footnotes":""},"categories":[39],"tags":[],"class_list":["post-2027","post","type-post","status-publish","format-standard","hentry","category-intencje"],"_links":{"self":[{"href":"http:\/\/parafia.scinawa.info\/index.php\/wp-json\/wp\/v2\/posts\/2027","targetHints":{"allow":["GET"]}}],"collection":[{"href":"http:\/\/parafia.scinawa.info\/index.php\/wp-json\/wp\/v2\/posts"}],"about":[{"href":"http:\/\/parafia.scinawa.info\/index.php\/wp-json\/wp\/v2\/types\/post"}],"author":[{"embeddable":true,"href":"http:\/\/parafia.scinawa.info\/index.php\/wp-json\/wp\/v2\/users\/2"}],"replies":[{"embeddable":true,"href":"http:\/\/parafia.scinawa.info\/index.php\/wp-json\/wp\/v2\/comments?post=2027"}],"version-history":[{"count":2,"href":"http:\/\/parafia.scinawa.info\/index.php\/wp-json\/wp\/v2\/posts\/2027\/revisions"}],"predecessor-version":[{"id":2029,"href":"http:\/\/parafia.scinawa.info\/index.php\/wp-json\/wp\/v2\/posts\/2027\/revisions\/2029"}],"wp:attachment":[{"href":"http:\/\/parafia.scinawa.info\/index.php\/wp-json\/wp\/v2\/media?parent=2027"}],"wp:term":[{"taxonomy":"category","embeddable":true,"href":"http:\/\/parafia.scinawa.info\/index.php\/wp-json\/wp\/v2\/categories?post=2027"},{"taxonomy":"post_tag","embeddable":true,"href":"http:\/\/parafia.scinawa.info\/index.php\/wp-json\/wp\/v2\/tags?post=2027"}],"curies":[{"name":"wp","href":"https:\/\/api.w.org\/{rel}","templated":true}]}}