{"id":2034,"date":"2022-05-28T16:04:42","date_gmt":"2022-05-28T14:04:42","guid":{"rendered":"http:\/\/parafia.scinawa.info\/?p=2034"},"modified":"2022-05-28T16:08:10","modified_gmt":"2022-05-28T14:08:10","slug":"intencje-mszalne-29-05-05-06-2022","status":"publish","type":"post","link":"http:\/\/parafia.scinawa.info\/index.php\/2022\/05\/28\/intencje-mszalne-29-05-05-06-2022\/","title":{"rendered":"INTENCJE MSZALNE 29.05 \u2013 05.06. 2022"},"content":{"rendered":"\n<p><strong><em>Sk\u0142adaj\u0105c\nOfiar\u0119, kt\u00f3ra nam przypomina niezmierzon\u0105 mi\u0142o\u015b\u0107 Twojego Syna, pokornie prosimy\nCi\u0119, Bo\u017ce, przyjmij intencje Twoich wiernych i spraw przez dzia\u0142anie\nEucharystii, aby w naszych rodzinach wzrasta\u0142a prawdziwa wiara, \u015bwi\u0119to\u015b\u0107 \u017cycia,\nbraterska mi\u0142o\u015b\u0107 i duch modlitwy. <\/em><\/strong><strong>Niech\nMatka Naj\u015bwi\u0119tsza wyprosi \u0142aski, o kt\u00f3re modlili\u015bmy si\u0119 w tej Mszy \u015bw. dla \u2026\nZa\u015b zmar\u0142ym \u2026 za kt\u00f3rych odprawiali\u015bmy Msz\u0119 \u015bw.: wieczny odpoczynek racz im\nda\u0107 Panie (\u2026); niech odpoczywaj\u0105 w pokoju wiecznym. Amen<\/strong><\/p>\n\n\n\n<p><strong>29.05<em>. &#8211; NIEDZIELA&nbsp; <\/em><\/strong><em><\/em><\/p>\n\n\n\n<p><strong>&nbsp; 8.oo \u2013 1) <\/strong>+ J\u00f3zefa Lewosi\u0144skiego w 4 rocz. \u015bm., ++ rodzic\u00f3w: Bronis\u0142aw\u0119 i\nStanis\u0142awa oraz Weronik\u0119\u00a0i Franciszka \u2013 modli si\u0119 c\u00f3rka Krystyna <\/p>\n\n\n\n<p><strong>&nbsp;&nbsp;&nbsp;&nbsp;&nbsp;&nbsp;&nbsp;&nbsp;&nbsp;&nbsp;&nbsp; &nbsp;\n2)<\/strong> + Genowef\u0119 Kozak w rocz.\n\u015bm. oraz ++ z rodziny <\/p>\n\n\n\n<p><strong>&nbsp; 9.3o \u2013 <\/strong>&nbsp;o\nzdrowie, dary Ducha \u015awi\u0119tego, Bo\u017ce b\u0142ogos\u0142awie\u0144stwo, opiek\u0119 NMP dla Zuzi, Zosi\ni Poli \u00a0oraz ich rodzic\u00f3w \u2013 modli si\u0119 babcia i mama <\/p>\n\n\n\n<p><strong>11.oo\n\u2013 1)<\/strong> + Franciszka Kr\u0119\u017cela w 1 rocz. \u015bm. \u2013 modli si\u0119 syn\nz rodzin\u0105<strong> <\/strong><\/p>\n\n\n\n<p><strong>2)\n<\/strong>w\n30 rocz. \u015blubu Agnieszki i Dariusza Bilskich dzi\u0119kczynna z pro\u015bb\u0105 o zdrowie, dary Ducha \u015awi\u0119tego, Bo\u017ce b\u0142ogos\u0142awie\u0144stwo\ni opiek\u0119 NMP na dalsze lata \u017cycia dla nich i ich c\u00f3rki Kamili &nbsp;\u2013 modli si\u0119 rodzina <\/p>\n\n\n\n<p><strong>12.3o\n\u2013 1) <\/strong>w 75 rocz. urodzin Zofii\nRybki dzi\u0119kczynna z pro\u015bb\u0105 o zdrowie, dary Ducha \u015awi\u0119tego, Bo\u017ce\u00a0b\u0142ogos\u0142awie\u0144stwo i opiek\u0119 NMP \u2013 modl\u0105 si\u0119 c\u00f3rka i syn z rodzinami<\/p>\n\n\n\n<p><strong>&nbsp;&nbsp;&nbsp;&nbsp;&nbsp;&nbsp;&nbsp;&nbsp;&nbsp;&nbsp;&nbsp; &nbsp;\n2)<\/strong> <strong><em>Rocznica I Komunii \u015awi\u0119tej <\/em><\/strong>\u2013\nw intencji dzieci przyst\u0119puj\u0105cych do Rocznicy<\/p>\n\n\n\n<p>&nbsp;&nbsp;&nbsp;&nbsp;&nbsp;&nbsp;&nbsp;&nbsp;&nbsp;&nbsp;&nbsp;&nbsp;&nbsp;&nbsp;&nbsp;&nbsp;&nbsp;&nbsp;&nbsp;&nbsp;&nbsp;&nbsp;&nbsp;&nbsp;&nbsp;&nbsp;&nbsp;&nbsp;&nbsp;&nbsp;&nbsp;&nbsp;&nbsp;&nbsp; <strong><em>chrzest po Mszy: Leon Jan\nLis<\/em><\/strong><\/p>\n\n\n\n<p><strong>18.oo\n&nbsp;\u2013 1) <\/strong>&nbsp;+ mam\u0119\nAdel\u0119 Olejarnik \u2013 gregorianka 14<\/p>\n\n\n\n<p><strong>\u00a0\u00a0 2)<\/strong> w intencji Magdaleny i jej rodziny dzi\u0119kczynna z pro\u015bb\u0105 o potrzebne \u0142aski Bo\u017ce i opiek\u0119 Pani Fatimskiej<strong>\u00a0 \u00a0<\/strong>\u00a0<\/p>\n\n\n\n<p><strong>30.05<em>. \u2013 PONIEDZIA\u0141EK<\/em><\/strong><\/p>\n\n\n\n<p><strong>&nbsp; &nbsp;&nbsp;7.oo\n\u2013 <\/strong>dzi\u0119kczynna za uratowanie syna z pro\u015bba o zdrowie,\nBo\u017ce b\u0142ogos\u0142awie\u0144stwo, potrzebne \u0142aski,\u00a0opiek\u0119 NMP i szybki powr\u00f3t do zdrowia <\/p>\n\n\n\n<p><strong>18.oo\n\u2013 1) <\/strong>+ mam\u0119 Adel\u0119 Olejarnik \u2013\ngregorianka 15 <\/p>\n\n\n\n<p><strong>&nbsp;&nbsp;&nbsp;&nbsp;&nbsp;&nbsp;&nbsp;&nbsp;&nbsp;&nbsp;&nbsp; 2)<\/strong> w intencji\nwnuka Paw\u0142a w 10 rocz. urodzin z podzi\u0119kowaniem za otrzymane \u0142aski, I Komuni\u0119 \u015bw.\u00a0i z pro\u015bb\u0105 o Bo\u017ce b\u0142ogos\u0142awie\u0144stwo \u2013 modl\u0105 si\u0119 dziadkowie i chrzestny<\/p>\n\n\n\n<p><strong>31.05<em>. &#8211; WTOREK<\/em><\/strong><em><\/em><\/p>\n\n\n\n<p><strong>&nbsp; 7.oo \u2013<\/strong> + syna Miros\u0142awa i dusze w czy\u015b\u0107cu cierpiace<\/p>\n\n\n\n<p><strong>18.oo\n\u2013 <\/strong>+ mam\u0119 Adel\u0119 Olejarnik \u2013 gregorianka 16<\/p>\n\n\n\n<p><strong>01.06<em>. \u2013 \u015aRODA<\/em><\/strong><\/p>\n\n\n\n<p><strong>&nbsp;&nbsp;7.oo \u2013 <\/strong>+ mam\u0119 Adel\u0119 Olejarnik \u2013 gregorianka 17<strong><\/strong><\/p>\n\n\n\n<p><strong>18.oo\n\u2013&nbsp; intencja zbiorowa nowennowa:<\/strong><\/p>\n\n\n\n<p><strong>&nbsp;1)<\/strong> o szcz\u0119\u015bliw\u0105 operacj\u0119\ndla syna \u2013 modl\u0105 si\u0119 rodzice<\/p>\n\n\n\n<p><strong>&nbsp;2)<\/strong> + Bogdana Uchro\u0144skiego\n&#8211; 30 dzie\u0144 od pogrzebu &#8211; intencja od uczestnik\u00f3w Mszy pogrzebowej<\/p>\n\n\n\n<p><strong>&nbsp;3)<\/strong> w intencji dzieci i wnuk\u00f3w o zdrowie, dary Ducha \u015awi\u0119tego, Bo\u017ce b\u0142ogos\u0142awie\u0144stwo\ni opiek\u0119 NMP  \u2013 modli si\u0119 mama i babcia <\/p>\n\n\n\n<p><strong>&nbsp;4)<\/strong><\/p>\n\n\n\n<p><strong>02.06<em>. \u2013 CZWARTEK <\/em><\/strong><em>&nbsp;<\/em><\/p>\n\n\n\n<p><strong>&nbsp; 7.oo \u2013<\/strong> ++ Mariann\u0119, m\u0119\u017ca\nAdama, syna Miros\u0142awa i dusze w czy\u015b\u0107cu cierpi\u0105ce \u2013 modl\u0105 si\u0119 znajomi <\/p>\n\n\n\n<p><strong>18.oo\n\u2013 1) <\/strong>&nbsp;+ mam\u0119 Adel\u0119 Olejarnik \u2013 gregorianka 18<\/p>\n\n\n\n<p><strong>&nbsp;&nbsp;&nbsp;&nbsp;&nbsp;&nbsp;&nbsp;&nbsp;&nbsp;&nbsp;&nbsp; &nbsp;\n2)<\/strong> + Stanis\u0142aw\u0119 \u015alusarek &#8211; 30 dzie\u0144 od pogrzebu &#8211; intencja\nod uczestnik\u00f3w Mszy pogrzebowej<\/p>\n\n\n\n<p><strong>03.06<em>. \u2013 PI\u0104TEK<\/em><\/strong><\/p>\n\n\n\n<p><strong>&nbsp;7.oo \u2013<\/strong> <strong>1) <\/strong>+ mam\u0119 Adel\u0119 Olejarnik \u2013\ngregorianka 19 <\/p>\n\n\n\n<p><strong>&nbsp;&nbsp;&nbsp;&nbsp;&nbsp;&nbsp;&nbsp;&nbsp;&nbsp;&nbsp;&nbsp; &nbsp;\n2)<\/strong> + Grzegorza i dusze w czy\u015b\u0107cu cierpiace<\/p>\n\n\n\n<p><strong>18.oo\n\u20131) <\/strong>+ Jana Srok\u0119, ++ rodzic\u00f3w: Zofi\u0119 i Tadeusza, brata\nStanis\u0142awa, ++ z rodziny \u2013 modli si\u0119 rodzina\n<\/p>\n\n\n\n<p><strong>&nbsp;&nbsp;&nbsp;&nbsp;&nbsp;&nbsp;&nbsp;&nbsp;&nbsp;&nbsp;&nbsp; &nbsp;\n2)<\/strong> ++ Aniel\u0119 i Franciszka Ko\u0142acz\u00f3w oraz Juli\u0119 i\nW\u0142adys\u0142awa \u0141abud\u00f3w \u2013 modli si\u0119 rodzina <\/p>\n\n\n\n<p><strong><em>04.06.\n\u2013 SOBOTA<\/em><\/strong><\/p>\n\n\n\n<p><strong>\u00a0 \u00a0\u00a07.oo \u2013<\/strong> w intencji Pauliny w 35 rocz. urodzin, jej m\u0119\u017ca i c\u00f3reczek dzi\u0119kczynna z pro\u015bb\u0105 o zdrowie, dary Ducha \u015awi\u0119tego, Bo\u017ce b\u0142ogos\u0142awie\u0144stwo i opiek\u0119 NMP<\/p>\n\n\n\n<p><strong>18.oo\n\u2013 1) <\/strong>+ mam\u0119 Adel\u0119 Olejarnik \u2013\ngregorianka 20 <\/p>\n\n\n\n<p><strong>\u00a0\u00a0\u00a0\u00a0\u00a0\u00a0\u00a0\u00a0\u00a0\u00a0\u00a0 \u00a0 2)<\/strong> ++ Stanis\u0142aw\u0119 Furtak w 12 rocz. \u015bm., Aniel\u0119 Jakubowicz w 17 rocz. \u015bm., ++ z rodziny Furtak\u00f3w i Jakubowicz\u00f3w \u2013 modl\u0105 si\u0119 m\u0105\u017c, dzieci, wnuki i prawnuki oraz ++ Stanis\u0142aw\u0119 Zab\u0142ock\u0105 w 5 rocz. \u015bm.,\u00a0Kazimierza Zab\u0142ockiego w 24 rocz. \u015bm. i ++ z rodziny \u2013 modl\u0105 si\u0119 dzieci z rodzinami \u00a0<\/p>\n\n\n\n<p><strong><em>05.06.\n\u2013 NIEDZIELA&nbsp; <\/em><\/strong><\/p>\n\n\n\n<p><strong>&nbsp; 8.oo \u2013 1) <\/strong>zaj. P. Parzonka <\/p>\n\n\n\n<p><strong>&nbsp;&nbsp;&nbsp;&nbsp;&nbsp;&nbsp;&nbsp;&nbsp;&nbsp;&nbsp;&nbsp; &nbsp;\n2)<\/strong> ++ Helen\u0119 i Paw\u0142a\nBogacz\u00f3w oraz wszystkich ++ z ca\u0142ej rodziny <\/p>\n\n\n\n<p><strong>&nbsp; 9.3o \u2013 <\/strong>za syn\u00f3w:\nTomasza w 40 rocz. urodzin i Mariusza w 46 rocz. urodzin z rodziny Szyma\u0144skich  oraz synowych, wnuczek i wnuka &#8211; dzi\u0119kczynna z pro\u015bb\u0105 o zdrowie, dary Ducha \u015awi\u0119tego, Bo\u017ce  b\u0142ogos\u0142awie\u0144stwo i opiek\u0119 NMP \u2013 modli si\u0119 mama <\/p>\n\n\n\n<p><strong>11.oo\n\u2013 1) <\/strong>w 50 rocz. \u015blubu Danuty Feliksa J\u00f3zefiak\u00f3w dzi\u0119kczynna z pro\u015bb\u0105 o zdrowie, dary Ducha\u00a0\u015awi\u0119tego, Bo\u017ce b\u0142ogos\u0142awie\u0144stwo i opiek\u0119 NMP<\/p>\n\n\n\n<p><strong>&nbsp;&nbsp;&nbsp;&nbsp;&nbsp;&nbsp;&nbsp;&nbsp;&nbsp;&nbsp;&nbsp; &nbsp;\n2) <\/strong>Msza \u015bw. b\u0142agalna o urodzaje, aby Dobry B\u00f3g zes\u0142a\u0142\nna ziemi\u0119 obfite plony i aby nikomu\u00a0nie zabrak\u0142o ziemskiego chleba \u2013 modli si\u0119 i prosi \u017bywy R\u00f3\u017caniec <\/p>\n\n\n\n<p><strong>12.3o \u2013 1) <\/strong>w intencji Karoliny i Dominiki w rocz. urodzin oraz w 12 rocz. \u015bwi\u0119ce\u0144 kap\u0142a\u0144skich brata Krzysztofa Bilskich dzi\u0119kczynna z pro\u015bb\u0105 o zdrowie, dary Ducha \u015awi\u0119tego, Bo\u017ce b\u0142ogos\u0142awie\u0144stwo i opiek\u0119 NMP na dalsze lata \u2013 modli si\u0119 rodzina <\/p>\n\n\n\n<p><strong>\u00a0\u00a0\u00a0\u00a0\u00a0\u00a0\u00a0\u00a0\u00a0\u00a0\u00a0 \u00a0 2)<\/strong> ++ Ann\u0119, Helen\u0119, Franciszka, Jana, Zbigniewa, Romana oraz += z rodziny So\u015bnickich i Romaniak\u00f3w \u2013 modli si\u0119 rodzina<\/p>\n\n\n\n<p>&nbsp;&nbsp;&nbsp;&nbsp;&nbsp;&nbsp;&nbsp;&nbsp;&nbsp;&nbsp;&nbsp;&nbsp;&nbsp;&nbsp;&nbsp;&nbsp;&nbsp;&nbsp;&nbsp;&nbsp;&nbsp;&nbsp;&nbsp;&nbsp;&nbsp;&nbsp;&nbsp;&nbsp;&nbsp;&nbsp;&nbsp;&nbsp;&nbsp;&nbsp; <strong><em>Chrzest po Mszy: Alicja G\u00f3ra<\/em><\/strong><\/p>\n\n\n\n<p><strong>18.oo\n\u2013 &nbsp;1) <\/strong>+ mam\u0119 Adel\u0119 Olejarnik \u2013 gregorianka 21 <\/p>\n\n\n\n<p><strong>&nbsp;&nbsp;&nbsp;&nbsp;&nbsp;&nbsp;&nbsp;&nbsp; 2)<\/strong> ++ rodzic\u00f3w:\nStanis\u0142aw\u0119 i Mariana Posto\u0142\u00f3w oraz ++ ich rodzic\u00f3w z obu stron \u2013 modli si\u0119\nrodzina<\/p>\n","protected":false},"excerpt":{"rendered":"<p>Sk\u0142adaj\u0105c Ofiar\u0119, kt\u00f3ra nam przypomina niezmierzon\u0105 mi\u0142o\u015b\u0107 Twojego Syna, pokornie prosimy Ci\u0119, Bo\u017ce, przyjmij intencje Twoich wiernych i spraw przez dzia\u0142anie Eucharystii, aby w naszych rodzinach wzrasta\u0142a prawdziwa wiara, \u015bwi\u0119to\u015b\u0107 \u017cycia, braterska mi\u0142o\u015b\u0107 i duch modlitwy. Niech Matka Naj\u015bwi\u0119tsza wyprosi \u0142aski, o kt\u00f3re modlili\u015bmy si\u0119 w tej Mszy \u015bw. dla&#8230; <a class=\"continue-reading-link\" href=\"http:\/\/parafia.scinawa.info\/index.php\/2022\/05\/28\/intencje-mszalne-29-05-05-06-2022\/\">Czytaj dalej <span class=\"meta-nav\">&rarr; <\/span><\/a><\/p>\n","protected":false},"author":2,"featured_media":0,"comment_status":"closed","ping_status":"closed","sticky":false,"template":"","format":"standard","meta":{"footnotes":""},"categories":[39],"tags":[],"class_list":["post-2034","post","type-post","status-publish","format-standard","hentry","category-intencje"],"_links":{"self":[{"href":"http:\/\/parafia.scinawa.info\/index.php\/wp-json\/wp\/v2\/posts\/2034","targetHints":{"allow":["GET"]}}],"collection":[{"href":"http:\/\/parafia.scinawa.info\/index.php\/wp-json\/wp\/v2\/posts"}],"about":[{"href":"http:\/\/parafia.scinawa.info\/index.php\/wp-json\/wp\/v2\/types\/post"}],"author":[{"embeddable":true,"href":"http:\/\/parafia.scinawa.info\/index.php\/wp-json\/wp\/v2\/users\/2"}],"replies":[{"embeddable":true,"href":"http:\/\/parafia.scinawa.info\/index.php\/wp-json\/wp\/v2\/comments?post=2034"}],"version-history":[{"count":2,"href":"http:\/\/parafia.scinawa.info\/index.php\/wp-json\/wp\/v2\/posts\/2034\/revisions"}],"predecessor-version":[{"id":2036,"href":"http:\/\/parafia.scinawa.info\/index.php\/wp-json\/wp\/v2\/posts\/2034\/revisions\/2036"}],"wp:attachment":[{"href":"http:\/\/parafia.scinawa.info\/index.php\/wp-json\/wp\/v2\/media?parent=2034"}],"wp:term":[{"taxonomy":"category","embeddable":true,"href":"http:\/\/parafia.scinawa.info\/index.php\/wp-json\/wp\/v2\/categories?post=2034"},{"taxonomy":"post_tag","embeddable":true,"href":"http:\/\/parafia.scinawa.info\/index.php\/wp-json\/wp\/v2\/tags?post=2034"}],"curies":[{"name":"wp","href":"https:\/\/api.w.org\/{rel}","templated":true}]}}