{"id":2040,"date":"2022-06-04T12:16:40","date_gmt":"2022-06-04T10:16:40","guid":{"rendered":"http:\/\/parafia.scinawa.info\/?p=2040"},"modified":"2022-06-04T12:20:36","modified_gmt":"2022-06-04T10:20:36","slug":"intencje-mszalne-05-06-12-06-2022","status":"publish","type":"post","link":"http:\/\/parafia.scinawa.info\/index.php\/2022\/06\/04\/intencje-mszalne-05-06-12-06-2022\/","title":{"rendered":"INTENCJE MSZALNE 05.06 \u2013 12.06. 2022"},"content":{"rendered":"\n<p><strong><em>Sk\u0142adaj\u0105c\nOfiar\u0119, kt\u00f3ra nam przypomina niezmierzon\u0105 mi\u0142o\u015b\u0107 Twojego Syna, pokornie prosimy\nCi\u0119, Bo\u017ce, przyjmij intencje Twoich wiernych i spraw przez dzia\u0142anie\nEucharystii, aby w naszych rodzinach wzrasta\u0142a prawdziwa wiara, \u015bwi\u0119to\u015b\u0107 \u017cycia,\nbraterska mi\u0142o\u015b\u0107 i duch modlitwy. <\/em><\/strong><strong>Niech\nMatka Naj\u015bwi\u0119tsza wyprosi \u0142aski, o kt\u00f3re modlili\u015bmy si\u0119 w tej Mszy \u015bw. dla \u2026\nZa\u015b zmar\u0142ym \u2026 za kt\u00f3rych odprawiali\u015bmy Msz\u0119 \u015bw.: wieczny odpoczynek racz im\nda\u0107 Panie (\u2026); niech odpoczywaj\u0105 w pokoju wiecznym. Amen<\/strong><\/p>\n\n\n\n<p><strong>05.06<em>. &#8211; NIEDZIELA&nbsp; <\/em><\/strong><em><\/em><\/p>\n\n\n\n<p><strong>\u00a0 8.oo \u2013 1) <\/strong>w 42 rocz. \u015blubu Barbary i Jana dzi\u0119kczynna z pro\u015bb\u0105 o zdrowie, dary Ducha \u015awi\u0119tego, Bo\u017ce\u00a0b\u0142ogos\u0142awie\u0144stwo i opiek\u0119 NMP na dalsze lata \u017cycia \u2013 modli si\u0119 rodzina<\/p>\n\n\n\n<p><strong>&nbsp;&nbsp;&nbsp;&nbsp;&nbsp;&nbsp;&nbsp;&nbsp;&nbsp;&nbsp;&nbsp; &nbsp;\n2)<\/strong> ++ Helen\u0119 i Paw\u0142a\nBogacz\u00f3w oraz wszystkich ++ z ca\u0142ej rodziny <\/p>\n\n\n\n<p><strong>&nbsp; 9.3o \u2013 <\/strong>za syn\u00f3w:\nTomasza w 40 rocz. urodzin i Mariusza w 46 rocz. urodzin z rodziny Szyma\u0144skich oraz synowych, wnuczek i wnuka &#8211; dzi\u0119kczynna z pro\u015bb\u0105 o zdrowie, dary Ducha \u015awi\u0119tego, Bo\u017ce  b\u0142ogos\u0142awie\u0144stwo i opiek\u0119 NMP \u2013 modli si\u0119 mama <\/p>\n\n\n\n<p><strong>11.oo\n\u2013 1) <\/strong>w 50 rocz. \u015blubu Danuty Feliksa J\u00f3zefiak\u00f3w dzi\u0119kczynna z pro\u015bb\u0105 o zdrowie, dary Ducha\u00a0\u015awi\u0119tego, Bo\u017ce b\u0142ogos\u0142awie\u0144stwo i opiek\u0119 NMP<\/p>\n\n\n\n<p><strong>&nbsp;&nbsp;&nbsp;&nbsp;&nbsp;&nbsp;&nbsp;&nbsp;&nbsp;&nbsp;&nbsp; &nbsp;\n2) <\/strong>Msza \u015bw. b\u0142agalna o urodzaje, aby Dobry B\u00f3g zes\u0142a\u0142\nna ziemi\u0119 obfite plony i aby nikomu\u00a0nie zabrak\u0142o ziemskiego chleba \u2013 modli si\u0119 i prosi \u017bywy R\u00f3\u017caniec <\/p>\n\n\n\n<p><strong>12.3o\n\u2013 1) <\/strong>w intencji Karoliny i\nDominiki w rocz. urodzin oraz w 12 rocz. \u015bwi\u0119ce\u0144 kap\u0142a\u0144skich brata Krzysztofa dzi\u0119kczynna z pro\u015bb\u0105 o zdrowie, dary Ducha \u015awi\u0119tego, Bo\u017ce b\u0142ogos\u0142awie\u0144stwo i opiek\u0119 NMP na dalsze lata \u2013 modli si\u0119 rodzina <\/p>\n\n\n\n<p><strong>&nbsp;&nbsp;&nbsp;&nbsp;&nbsp;&nbsp;&nbsp;&nbsp;&nbsp;&nbsp;&nbsp; &nbsp;\n2)<\/strong> ++ Ann\u0119, Helen\u0119, Franciszka, Jana, Zbigniewa,\nRomana oraz ++ z rodziny So\u015bnickich  i Romaniak\u00f3w \u2013 modli si\u0119 rodzina<\/p>\n\n\n\n<p>&nbsp;&nbsp;&nbsp;&nbsp;&nbsp;&nbsp;&nbsp;&nbsp;&nbsp;&nbsp;&nbsp;&nbsp;&nbsp;&nbsp;&nbsp;&nbsp;&nbsp;&nbsp;&nbsp;&nbsp;&nbsp;&nbsp;&nbsp;&nbsp;&nbsp;&nbsp;&nbsp;&nbsp;&nbsp;&nbsp;&nbsp;&nbsp;&nbsp;&nbsp; <strong><em>Chrzest po Mszy: \u0141ucja G\u00f3ra<\/em><\/strong><\/p>\n\n\n\n<p><strong>18.oo\n\u2013 &nbsp;1) <\/strong>+ mam\u0119 Adel\u0119 Olejarnik \u2013 gregorianka 21 <\/p>\n\n\n\n<p><strong>&nbsp;&nbsp;&nbsp;&nbsp;&nbsp;&nbsp;&nbsp;&nbsp; 2)<\/strong> ++ rodzic\u00f3w:\nStanis\u0142aw\u0119 i Mariana Posto\u0142\u00f3w oraz ++ ich rodzic\u00f3w z obu stron \u2013 modli si\u0119\nrodzina<strong>&nbsp;\n&nbsp;<\/strong>&nbsp;<\/p>\n\n\n\n<p><strong>06.06<em>. \u2013 PONIEDZIA\u0141EK<\/em><\/strong><\/p>\n\n\n\n<p><strong>&nbsp; &nbsp;&nbsp;7.oo\n\u2013 <\/strong>&nbsp;<\/p>\n\n\n\n<p><strong>18.oo\n\u2013 1) <\/strong>+ mam\u0119 Adel\u0119 Olejarnik \u2013\ngregorianka 22 <\/p>\n\n\n\n<p><strong>&nbsp;&nbsp;&nbsp;&nbsp;&nbsp;&nbsp;&nbsp;&nbsp;&nbsp;&nbsp;&nbsp; &nbsp;\n2)<\/strong> ++ Juliana w 20 rocz. \u015bm. I Juli\u0119, Mari\u0119 i\nStanis\u0142awa oraz dusze w czy\u015b\u0107cu cierpi\u0105ce \u2013 modli\u00a0si\u0119 rodzina<\/p>\n\n\n\n<p><strong>07.06<em>. &#8211; WTOREK<\/em><\/strong><em><\/em><\/p>\n\n\n\n<p><strong>&nbsp; 7.oo \u2013 <\/strong>+ mam\u0119 Adel\u0119 Olejarnik \u2013 gregorianka 23<\/p>\n\n\n\n<p><strong>18.oo\n\u2013 1) <\/strong>+ m\u0119\u017ca J\u00f3zefa, ++ rodzic\u00f3w:\nJana i Pelagi\u0119 oraz Mariann\u0119 i W\u0142adys\u0142awa <strong>&nbsp;<\/strong><\/p>\n\n\n\n<p><strong>&nbsp;&nbsp;&nbsp;&nbsp;&nbsp;&nbsp;&nbsp;&nbsp;&nbsp;&nbsp;&nbsp; &nbsp;\n2)<\/strong> o szcz\u0119\u015bliw\u0105 operacj\u0119 i szybki powr\u00f3t do zdrowia<\/p>\n\n\n\n<p><strong>08.06<em>. \u2013 \u015aRODA <\/em><\/strong><\/p>\n\n\n\n<p><strong>&nbsp; 7.oo \u2013 <\/strong>+ mam\u0119 Adel\u0119 Olejarnik \u2013 gregorianka 24<strong><\/strong><\/p>\n\n\n\n<p><strong>18.oo\n\u2013&nbsp; intencja zbiorowa nowennowa:<\/strong><\/p>\n\n\n\n<p><strong>&nbsp;1)<\/strong> ++ siostr\u0119 Wies\u0142aw\u0119 i\nWies\u0142awa Hadzik\u00f3w \u2013 modli si\u0119 siostra Alina z rodzin\u0105<\/p>\n\n\n\n<p><strong>&nbsp;2)<\/strong> o szcz\u0119\u015bliwa operacje\ni szybki powr\u00f3t do zdrowia<\/p>\n\n\n\n<p><strong>&nbsp;3)<\/strong><\/p>\n\n\n\n<p><strong>&nbsp;4)<\/strong><\/p>\n\n\n\n<p><strong>09.06<em>. \u2013 CZWARTEK <\/em><\/strong><em>&nbsp;<\/em><\/p>\n\n\n\n<p><strong>&nbsp; 7.oo \u2013<\/strong> &nbsp;<\/p>\n\n\n\n<p><strong>18.oo\n\u2013 1) <\/strong>+ mam\u0119 Adel\u0119 Olejarnik \u2013\ngregorianka 25 <\/p>\n\n\n\n<p><strong>&nbsp;&nbsp;&nbsp;&nbsp;&nbsp;&nbsp;&nbsp;&nbsp;&nbsp;&nbsp;&nbsp; &nbsp;\n2) <\/strong>++ z rodziny So\u015bnickich:\nMari\u0119 w 7 rocz. \u015bm. i Kazimierza oraz Jana i Ann\u0119 \u2013 modli si\u0119 rodzina\n<\/p>\n\n\n\n<p><strong>10.06<em>. \u2013 PI\u0104TEK<\/em><\/strong><\/p>\n\n\n\n<p><strong>&nbsp; &nbsp;&nbsp;7.oo\n\u2013<\/strong>\n++ rodzic\u00f3w: Pelagi\u0119 i Franciszka, ++ siostry: Mari\u0119 i Stefani\u0119 oraz szwagra\nCzes\u0142awa, J\u00f3zefa \u00a0 i Micha\u0142a <\/p>\n\n\n\n<p><strong>18.oo\n\u2013 1) <\/strong>+ mam\u0119 Adel\u0119 Olejarnik \u2013\ngregorianka 26 <\/p>\n\n\n\n<p><strong>&nbsp;&nbsp;&nbsp;&nbsp;&nbsp;&nbsp;&nbsp;&nbsp;&nbsp;&nbsp;&nbsp; &nbsp;\n2)<\/strong> ++ J\u00f3zefa Budrewicza w 2 rocz. \u015bm. i Anastazj\u0119 Szymczak\nw 21 rocz. \u015bm. oraz ++ z rodziny  Budrewicz\u00f3w, Milewicz\u00f3w, Szymczak\u00f3w i Ma\u015blejak\u00f3w \u00a0\u00a0<\/p>\n\n\n\n<p><strong><em>11.06.\n\u2013 SOBOTA<\/em><\/strong><\/p>\n\n\n\n<p><strong>&nbsp; &nbsp;&nbsp;7.oo\n\u2013<\/strong>\n+ mam\u0119 Adel\u0119 Olejarnik \u2013 gregorianka 27<\/p>\n\n\n\n<p><strong>14.oo\n\u2013<\/strong> \u015blub: Krystian Sop\u00f3r \u2013 Magda Joanna Cyparska<\/p>\n\n\n\n<p><strong>15.oo\n\u2013 <\/strong>\u015blub: Piotr Dawid Jagie\u0142\u0142o \u2013 Anita Rogalska<strong><\/strong><\/p>\n\n\n\n<p><strong>16.oo\n\u2013 <\/strong>I Komunia \u2013 Ignacy Stoja\u0144ski<\/p>\n\n\n\n<p><strong>18.oo\n\u2013 1) <\/strong>w 75 rocz. urodzin brata\nKarola Sienkiewicza dzi\u0119kczynna z pro\u015bb\u0105 o zdrowie, dary Ducha \u00a0\u015awi\u0119tego, Bo\u017ce b\u0142ogos\u0142awie\u0144stwo i opiek\u0119 NMP \u2013 modli si\u0119 siostra z rodzin\u0105 <\/p>\n\n\n\n<p><strong>&nbsp;&nbsp;&nbsp;&nbsp;&nbsp;&nbsp;&nbsp;&nbsp;&nbsp;&nbsp;&nbsp; &nbsp;\n2)<\/strong> ++ Bronis\u0142awa, Piotra, Jana, Ma\u0142gorzat\u0119 z rodziny\nPiast\u00f3w oraz Zofi\u0119, Piotra, Wac\u0142awa  z rodziny Olichwer\u00f3w <\/p>\n\n\n\n<p><strong><em>12.06.\n\u2013 NIEDZIELA&nbsp; <\/em><\/strong><\/p>\n\n\n\n<p><strong>&nbsp; 8.oo \u2013 1)<\/strong> ++ rodzic\u00f3w: Ma\u0142gorzat\u0119 i J\u00f3zefa, Mari\u0119 i W\u0142adys\u0142awa oraz siostr\u0119\nzakonn\u0105 Gemm\u0119 i dusze \u00a0\u00a0w czy\u015b\u0107cu cierpi\u0105ce \u2013 modli si\u0119 rodzina<strong> <\/strong>\u00a0<\/p>\n\n\n\n<p><strong>&nbsp;&nbsp;&nbsp;&nbsp;&nbsp;&nbsp;&nbsp;&nbsp;&nbsp;&nbsp;&nbsp; &nbsp;\n2)<\/strong> + Andrzeja Greszt\u0119 w 12 rocz. \u015bm. oraz ++ z rodziny\n\u017bugaj\u00f3w, Greszt\u00f3w i Polanowskich \u00a0 \u2013 modli si\u0119 rodzina<\/p>\n\n\n\n<p><strong>&nbsp; 9.3o \u2013 <\/strong>&nbsp;&nbsp;+ mam\u0119 Adel\u0119 Olejarnik \u2013 gregorianka 28<\/p>\n\n\n\n<p><strong>11.oo\n\u2013 1) <\/strong>+ Teres\u0119 Fidler w 1 rocz.\n\u015bm. \u2013 modli si\u0119 rodzina<\/p>\n\n\n\n<p><strong>&nbsp;&nbsp;&nbsp;&nbsp;&nbsp;&nbsp;&nbsp;&nbsp;&nbsp;&nbsp;&nbsp; &nbsp;\n2) <\/strong>++ Urszul\u0119 Stelmaczonek i Zdzis\u0142aw\u0119 Liseck\u0105 \u2013 modli si\u0119\nrodzina<\/p>\n\n\n\n<p><strong>12.3o \u2013 1)<\/strong> w 5 rocz. urodzin Alicji Kozak dzi\u0119kczynna z pro\u015bb\u0105 o zdrowie, dary Ducha \u015awi\u0119tego, Bo\u017ce b\u0142ogos\u0142awie\u0144stwo i opiek\u0119 NMP \u2013 modl\u0105 si\u0119 rodzice i dziadkowie<strong> <\/strong><\/p>\n\n\n\n<p><strong>&nbsp;&nbsp;&nbsp;&nbsp;&nbsp;&nbsp;&nbsp;&nbsp;&nbsp;&nbsp;&nbsp; &nbsp;\n2)<\/strong> + Urszul\u0119 Si\u0144sk\u0105 w 5 rocz. \u015bm. oraz ++ Czes\u0142aw\u0119 i\nLeona<\/p>\n\n\n\n<p>&nbsp;&nbsp;&nbsp;&nbsp;&nbsp;&nbsp;&nbsp;&nbsp;&nbsp;&nbsp;&nbsp;&nbsp;&nbsp;&nbsp;&nbsp;&nbsp;&nbsp;&nbsp;&nbsp;&nbsp;&nbsp;&nbsp;&nbsp; <strong><em>Chrzest po Mszy: Nikodem Bekalarczyk<\/em><\/strong><\/p>\n\n\n\n<p><strong>18.oo \u2013 1) <\/strong>w 70 rocz. urodzin mamy Stanis\u0142awy dzi\u0119kczynna z pro\u015bb\u0105 o zdrowie, dary Ducha \u015awi\u0119tego, Bo\u017ce b\u0142ogos\u0142awie\u0144stwo i opiek\u0119 NMP \u2013 modl\u0105 si\u0119 dzieci <\/p>\n\n\n\n<p><strong>&nbsp;&nbsp;&nbsp;&nbsp;&nbsp;&nbsp;&nbsp;&nbsp;&nbsp;&nbsp;&nbsp; &nbsp;\n2)<\/strong> + Bogdana Uchro\u0144skiego \u2013\nmodli si\u0119 kuzyn Waldemar z rodzin\u0105<\/p>\n","protected":false},"excerpt":{"rendered":"<p>Sk\u0142adaj\u0105c Ofiar\u0119, kt\u00f3ra nam przypomina niezmierzon\u0105 mi\u0142o\u015b\u0107 Twojego Syna, pokornie prosimy Ci\u0119, Bo\u017ce, przyjmij intencje Twoich wiernych i spraw przez dzia\u0142anie Eucharystii, aby w naszych rodzinach wzrasta\u0142a prawdziwa wiara, \u015bwi\u0119to\u015b\u0107 \u017cycia, braterska mi\u0142o\u015b\u0107 i duch modlitwy. Niech Matka Naj\u015bwi\u0119tsza wyprosi \u0142aski, o kt\u00f3re modlili\u015bmy si\u0119 w tej Mszy \u015bw. dla&#8230; <a class=\"continue-reading-link\" href=\"http:\/\/parafia.scinawa.info\/index.php\/2022\/06\/04\/intencje-mszalne-05-06-12-06-2022\/\">Czytaj dalej <span class=\"meta-nav\">&rarr; <\/span><\/a><\/p>\n","protected":false},"author":2,"featured_media":0,"comment_status":"closed","ping_status":"closed","sticky":false,"template":"","format":"standard","meta":{"footnotes":""},"categories":[39],"tags":[],"class_list":["post-2040","post","type-post","status-publish","format-standard","hentry","category-intencje"],"_links":{"self":[{"href":"http:\/\/parafia.scinawa.info\/index.php\/wp-json\/wp\/v2\/posts\/2040","targetHints":{"allow":["GET"]}}],"collection":[{"href":"http:\/\/parafia.scinawa.info\/index.php\/wp-json\/wp\/v2\/posts"}],"about":[{"href":"http:\/\/parafia.scinawa.info\/index.php\/wp-json\/wp\/v2\/types\/post"}],"author":[{"embeddable":true,"href":"http:\/\/parafia.scinawa.info\/index.php\/wp-json\/wp\/v2\/users\/2"}],"replies":[{"embeddable":true,"href":"http:\/\/parafia.scinawa.info\/index.php\/wp-json\/wp\/v2\/comments?post=2040"}],"version-history":[{"count":2,"href":"http:\/\/parafia.scinawa.info\/index.php\/wp-json\/wp\/v2\/posts\/2040\/revisions"}],"predecessor-version":[{"id":2042,"href":"http:\/\/parafia.scinawa.info\/index.php\/wp-json\/wp\/v2\/posts\/2040\/revisions\/2042"}],"wp:attachment":[{"href":"http:\/\/parafia.scinawa.info\/index.php\/wp-json\/wp\/v2\/media?parent=2040"}],"wp:term":[{"taxonomy":"category","embeddable":true,"href":"http:\/\/parafia.scinawa.info\/index.php\/wp-json\/wp\/v2\/categories?post=2040"},{"taxonomy":"post_tag","embeddable":true,"href":"http:\/\/parafia.scinawa.info\/index.php\/wp-json\/wp\/v2\/tags?post=2040"}],"curies":[{"name":"wp","href":"https:\/\/api.w.org\/{rel}","templated":true}]}}