{"id":2046,"date":"2022-06-11T10:44:38","date_gmt":"2022-06-11T08:44:38","guid":{"rendered":"http:\/\/parafia.scinawa.info\/?p=2046"},"modified":"2022-06-11T10:47:02","modified_gmt":"2022-06-11T08:47:02","slug":"intencje-mszalne-12-06-19-06-2022","status":"publish","type":"post","link":"http:\/\/parafia.scinawa.info\/index.php\/2022\/06\/11\/intencje-mszalne-12-06-19-06-2022\/","title":{"rendered":"INTENCJE MSZALNE 12.06 \u2013 19.06. 2022"},"content":{"rendered":"\n<p><strong><em>Sk\u0142adaj\u0105c\nOfiar\u0119, kt\u00f3ra nam przypomina niezmierzon\u0105 mi\u0142o\u015b\u0107 Twojego Syna, pokornie prosimy\nCi\u0119, Bo\u017ce, przyjmij intencje Twoich wiernych i spraw przez dzia\u0142anie\nEucharystii, aby w naszych rodzinach wzrasta\u0142a prawdziwa wiara, \u015bwi\u0119to\u015b\u0107 \u017cycia,\nbraterska mi\u0142o\u015b\u0107 i duch modlitwy. <\/em><\/strong><strong>Niech\nMatka Naj\u015bwi\u0119tsza wyprosi \u0142aski, o kt\u00f3re modlili\u015bmy si\u0119 w tej Mszy \u015bw. dla \u2026\nZa\u015b zmar\u0142ym \u2026 za kt\u00f3rych odprawiali\u015bmy Msz\u0119 \u015bw.: wieczny odpoczynek racz im\nda\u0107 Panie (\u2026); niech odpoczywaj\u0105 w pokoju wiecznym. Amen<\/strong><\/p>\n\n\n\n<p><strong>12.06<em>. &#8211; NIEDZIELA&nbsp; <\/em><\/strong><em><\/em><\/p>\n\n\n\n<p><strong>&nbsp; 8.oo \u2013 1)<\/strong> ++ rodzic\u00f3w: Ma\u0142gorzat\u0119 i J\u00f3zefa, Mari\u0119 i W\u0142adys\u0142awa oraz siostr\u0119\nzakonn\u0105 Gemm\u0119 i dusze w czy\u015b\u0107cu cierpi\u0105ce \u2013 modli si\u0119 rodzina<strong> <\/strong>\u00a0<\/p>\n\n\n\n<p><strong>&nbsp;&nbsp;&nbsp;&nbsp;&nbsp;&nbsp;&nbsp;&nbsp;&nbsp;&nbsp;&nbsp; &nbsp;\n2)<\/strong> + Andrzeja Greszt\u0119 w 12 rocz. \u015bm. oraz ++ z rodziny\n\u017bugaj\u00f3w, Greszt\u00f3w i Polanowskich \u00a0 \u2013 modli si\u0119 rodzina<\/p>\n\n\n\n<p><strong>&nbsp; 9.3o \u2013 <\/strong>&nbsp;&nbsp;+ mam\u0119 Adel\u0119 Olejarnik \u2013 gregorianka 28<\/p>\n\n\n\n<p><strong>11.oo\n\u2013 1) <\/strong>+ Teres\u0119 Fidler w 1 rocz.\n\u015bm. \u2013 modli si\u0119 rodzina<\/p>\n\n\n\n<p><strong>&nbsp;&nbsp;&nbsp;&nbsp;&nbsp;&nbsp;&nbsp;&nbsp;&nbsp;&nbsp;&nbsp; &nbsp;\n2) <\/strong>++ Urszul\u0119 Stelmaczonek i Zdzis\u0142aw\u0119 Liseck\u0105 \u2013 modli si\u0119\nrodzina<\/p>\n\n\n\n<p><strong>12.3o \u2013 1)<\/strong> w 5 rocz. urodzin Alicji Kozak dzi\u0119kczynna z pro\u015bb\u0105 o zdrowie, dary Ducha\u00a0\u015awi\u0119tego, Bo\u017ce b\u0142ogos\u0142awie\u0144stwo i opiek\u0119 NMP \u2013 modl\u0105 si\u0119 rodzice i dziadkowie<strong> <\/strong><\/p>\n\n\n\n<p><strong>&nbsp;&nbsp;&nbsp;&nbsp;&nbsp;&nbsp;&nbsp;&nbsp;&nbsp;&nbsp;&nbsp; &nbsp;\n2)<\/strong> + Urszul\u0119 Si\u0144sk\u0105 w 5 rocz. \u015bm. oraz ++ Czes\u0142aw\u0119 i\nLeona<\/p>\n\n\n\n<p>&nbsp;&nbsp;&nbsp;&nbsp;&nbsp;&nbsp;&nbsp;&nbsp;&nbsp;&nbsp;&nbsp;&nbsp;&nbsp;&nbsp;&nbsp;&nbsp;&nbsp;&nbsp;&nbsp;&nbsp;&nbsp;&nbsp;&nbsp; <strong><em>Chrzest po Mszy: Nikodem Bekalarczyk<\/em><\/strong><\/p>\n\n\n\n<p><strong>18.oo \u2013 1) <\/strong>w 70 rocz. urodzin mamy Stanis\u0142awy dzi\u0119kczynna z pro\u015bb\u0105 o zdrowie, dary Ducha \u00a0\u015awi\u0119tego, Bo\u017ce b\u0142ogos\u0142awie\u0144stwo i opiek\u0119 NMP \u2013 modl\u0105 si\u0119 dzieci<\/p>\n\n\n\n<p><strong>&nbsp;&nbsp;&nbsp;&nbsp;&nbsp;&nbsp;&nbsp;&nbsp;&nbsp;&nbsp;&nbsp; &nbsp;\n2)<\/strong> + Bogdana Uchro\u0144skiego \u2013\nmodli si\u0119 kuzyn Waldemar z rodzin\u0105<strong>\n<\/strong><\/p>\n\n\n\n<p><strong>13.06<em>. \u2013 PONIEDZIA\u0141EK<\/em><\/strong><\/p>\n\n\n\n<p><strong>&nbsp; 7.oo \u2013 <\/strong>&nbsp;+ W\u0142adys\u0142aw\u0119 Buczy\u0144sk\u0105 w 1 rocz. \u015bm. \u2013 modli si\u0119\nc\u00f3rka z rodzin\u0105<\/p>\n\n\n\n<p><strong>18.oo\n\u2013 1) <\/strong>&nbsp;+ mam\u0119 Adel\u0119 Olejarnik \u2013 gregorianka 29<\/p>\n\n\n\n<p><strong>&nbsp;&nbsp;&nbsp;&nbsp;&nbsp;&nbsp;&nbsp;&nbsp;&nbsp;&nbsp;&nbsp; &nbsp;\n2)<\/strong> + Bogdana Uchro\u0144skiego \u2013 modl\u0105 si\u0119 Jerzy i\nMiros\u0142awa Budzikowie z Jaworowa<\/p>\n\n\n\n<p><strong>14.06<em>. &#8211; WTOREK<\/em><\/strong><em><\/em><\/p>\n\n\n\n<p><strong>&nbsp; 7.oo \u2013<\/strong> + Adama Ry\u015bkiewicza \u2013 modli si\u0119 I R\u00f3\u017ca M\u0119ska ze \u015acinawy<\/p>\n\n\n\n<p><strong>18.oo\n\u2013 <\/strong>+ mam\u0119 Adel\u0119 Olejarnik \u2013 gregorianka 30\n<\/p>\n\n\n\n<p><strong>15.06<em>. \u2013 \u015aRODA <\/em><\/strong><\/p>\n\n\n\n<p><strong>&nbsp;&nbsp;7.oo \u2013 <\/strong><\/p>\n\n\n\n<p><strong>18.oo\n\u2013&nbsp; intencja zbiorowa nowennowa:<\/strong><\/p>\n\n\n\n<p><strong>&nbsp;1)<\/strong> ++ W\u0142adys\u0142aw\u0119 i Stanis\u0142awa\nZag\u00f3rskich \u2013 modli si\u0119 c\u00f3rka Czes\u0142awa z rodzin\u0105<\/p>\n\n\n\n<p><strong>&nbsp;2)<\/strong> + Jadwig\u0119 Starostk\u0119 w\n1 rocz. \u015bm.<\/p>\n\n\n\n<p><strong>&nbsp;3)<\/strong> + Helen\u0119 Snell\u0119 &#8211; 30 dzie\u0144 od pogrzebu &#8211; intencja od uczestnik\u00f3w\nMszy pogrzebowej<\/p>\n\n\n\n<p><strong>&nbsp;4)<\/strong><\/p>\n\n\n\n<p><strong>16.06<em>. \u2013 CZWARTEK &#8211; BO\u017bE CIA\u0141O <\/em><\/strong><em>&nbsp;<\/em><\/p>\n\n\n\n<p><strong>8.oo\n\u2013 <\/strong>++ m\u0119\u017ca Henryka, tat\u0119 Boles\u0142awa oraz te\u015bciow\u0105 Mari\u0119\nw 6 rocz. \u015bm. \u2013 modli si\u0119 rodzina<\/p>\n\n\n\n<p><strong>8.oo\n\u2013 R\u0119sz\u00f3w<\/strong><\/p>\n\n\n\n<p><strong>&nbsp;9.3o \u2013 1) <\/strong>+ Ludwik\u0119 Szmigielsk\u0105 \u2013 modli si\u0119 rodzina<\/p>\n\n\n\n<p><strong>&nbsp;&nbsp;&nbsp;&nbsp;&nbsp;&nbsp;&nbsp;&nbsp;&nbsp;&nbsp;&nbsp; &nbsp;\n2) <\/strong>+ Katarzyn\u0119 Koszty\u0142\u0119 oraz\n++ jej rodzic\u00f3w: Piotra i Mari\u0119 \u2013 modli si\u0119 rodzina<\/p>\n\n\n\n<p><strong>18.oo\n\u2013<\/strong>\n++ z rodziny Opalskich: Tin\u0119, Wincentego, Boles\u0142awa i Janusza \u2013 modli si\u0119\nrodzina<\/p>\n\n\n\n<p><strong>17.06<em>. \u2013 PI\u0104TEK<\/em><\/strong><\/p>\n\n\n\n<p><strong>&nbsp; 7.oo \u2013<\/strong> &nbsp;<\/p>\n\n\n\n<p><strong>18.oo\n\u2013<\/strong> + Wilhelma Jarzmickiego &#8211;\n30 dzie\u0144 od pogrzebu &#8211; intencja od uczestnik\u00f3w Mszy pogrzebowej<\/p>\n\n\n\n<p><strong><em>18.06. \u2013 SOBOTA<\/em><\/strong><\/p>\n\n\n\n<p><strong>&nbsp; 7.oo \u2013<\/strong> <\/p>\n\n\n\n<p><strong>16.oo\n\u2013<\/strong> chrzest: Blanka Zuzanna Iwasieczko<\/p>\n\n\n\n<p><strong>18.oo\n\u2013<\/strong> zaj. P Zab\u0142ocka<\/p>\n\n\n\n<p><strong><em>19.06. \u2013 NIEDZIELA&nbsp; <\/em><\/strong><\/p>\n\n\n\n<p><strong>\u00a0 8.oo \u2013 1) <\/strong>++ Stanis\u0142awa w 10 rocz. \u015bm. i W\u0142adys\u0142aw\u0119, Kazimier\u0119 i J\u00f3zefa z rodziny Szymczak\u00f3w oraz siostr\u0119 Mari\u0119 \u2013 modli si\u0119 rodzina <\/p>\n\n\n\n<p><strong>&nbsp;&nbsp;&nbsp;&nbsp;&nbsp;&nbsp;&nbsp;&nbsp;&nbsp;&nbsp;&nbsp; &nbsp;\n2)<\/strong> + Emili\u0119 Krawczyk w 23 rocz. \u015bm. \u2013 modli si\u0119 m\u0105\u017c z\ndzie\u0107mi<\/p>\n\n\n\n<p><strong>&nbsp; 9.3o \u2013 <\/strong>&nbsp;&nbsp;+\nJ\u00f3zefa Lisa w 2 rocz. \u015bm. \u2013 modli si\u0119 \u017cona z rodzin\u0105<\/p>\n\n\n\n<p><strong>11.oo\n\u2013 1) <\/strong>++ z rodziny Minkin\u00f3w:\nEw\u0119, Kazimierza, Piotra, Ann\u0119 i Tadeusza, z rodziny Grzelak\u00f3w: Zofi\u0119,  Jana oraz Krzysztofa Bogacza \u2013 modli si\u0119 Pawe\u0142 z rodzin\u0105<\/p>\n\n\n\n<p><strong>&nbsp;&nbsp;&nbsp;&nbsp;&nbsp;&nbsp;&nbsp;&nbsp;&nbsp;&nbsp;&nbsp; &nbsp;\n2) <\/strong>&nbsp;zaj. P. \u0141oza<\/p>\n\n\n\n<p><strong>12.3o\n\u2013 1) <\/strong>+ Jana \u015awi\u0119talskiego w 3\nrocz. \u015bm. oraz ++ rodzic\u00f3w: Mari\u0119 i Adama Rogalskich i ++ z rodziny<strong> <\/strong><\/p>\n\n\n\n<p><strong>&nbsp;&nbsp;&nbsp;&nbsp;&nbsp;&nbsp;&nbsp;&nbsp;&nbsp;&nbsp;&nbsp; &nbsp;\n2)<\/strong> + ojca Tadeusza Nowickiego z racji urodzin i Dnia\nOjca \u2013 modl\u0105 si\u0119 synowie z rodzinami<\/p>\n\n\n\n<p><strong>18.oo \u2013 <\/strong>w 30 rocz. urodzin Pauliny <strong>\u00a0<\/strong>dzi\u0119kczynna z pro\u015bb\u0105 o zdrowie, dary Ducha \u015awi\u0119tego, Bo\u017ce b\u0142ogos\u0142awie\u0144stwo i opiek\u0119 NMP \u2013 modl\u0105 si\u0119 tato, babcia i rodzina <\/p>\n","protected":false},"excerpt":{"rendered":"<p>Sk\u0142adaj\u0105c Ofiar\u0119, kt\u00f3ra nam przypomina niezmierzon\u0105 mi\u0142o\u015b\u0107 Twojego Syna, pokornie prosimy Ci\u0119, Bo\u017ce, przyjmij intencje Twoich wiernych i spraw przez dzia\u0142anie Eucharystii, aby w naszych rodzinach wzrasta\u0142a prawdziwa wiara, \u015bwi\u0119to\u015b\u0107 \u017cycia, braterska mi\u0142o\u015b\u0107 i duch modlitwy. Niech Matka Naj\u015bwi\u0119tsza wyprosi \u0142aski, o kt\u00f3re modlili\u015bmy si\u0119 w tej Mszy \u015bw. dla&#8230; <a class=\"continue-reading-link\" href=\"http:\/\/parafia.scinawa.info\/index.php\/2022\/06\/11\/intencje-mszalne-12-06-19-06-2022\/\">Czytaj dalej <span class=\"meta-nav\">&rarr; <\/span><\/a><\/p>\n","protected":false},"author":2,"featured_media":0,"comment_status":"closed","ping_status":"closed","sticky":false,"template":"","format":"standard","meta":{"footnotes":""},"categories":[39],"tags":[],"class_list":["post-2046","post","type-post","status-publish","format-standard","hentry","category-intencje"],"_links":{"self":[{"href":"http:\/\/parafia.scinawa.info\/index.php\/wp-json\/wp\/v2\/posts\/2046","targetHints":{"allow":["GET"]}}],"collection":[{"href":"http:\/\/parafia.scinawa.info\/index.php\/wp-json\/wp\/v2\/posts"}],"about":[{"href":"http:\/\/parafia.scinawa.info\/index.php\/wp-json\/wp\/v2\/types\/post"}],"author":[{"embeddable":true,"href":"http:\/\/parafia.scinawa.info\/index.php\/wp-json\/wp\/v2\/users\/2"}],"replies":[{"embeddable":true,"href":"http:\/\/parafia.scinawa.info\/index.php\/wp-json\/wp\/v2\/comments?post=2046"}],"version-history":[{"count":2,"href":"http:\/\/parafia.scinawa.info\/index.php\/wp-json\/wp\/v2\/posts\/2046\/revisions"}],"predecessor-version":[{"id":2048,"href":"http:\/\/parafia.scinawa.info\/index.php\/wp-json\/wp\/v2\/posts\/2046\/revisions\/2048"}],"wp:attachment":[{"href":"http:\/\/parafia.scinawa.info\/index.php\/wp-json\/wp\/v2\/media?parent=2046"}],"wp:term":[{"taxonomy":"category","embeddable":true,"href":"http:\/\/parafia.scinawa.info\/index.php\/wp-json\/wp\/v2\/categories?post=2046"},{"taxonomy":"post_tag","embeddable":true,"href":"http:\/\/parafia.scinawa.info\/index.php\/wp-json\/wp\/v2\/tags?post=2046"}],"curies":[{"name":"wp","href":"https:\/\/api.w.org\/{rel}","templated":true}]}}