{"id":2052,"date":"2022-06-18T12:16:38","date_gmt":"2022-06-18T10:16:38","guid":{"rendered":"http:\/\/parafia.scinawa.info\/?p=2052"},"modified":"2022-06-18T12:19:37","modified_gmt":"2022-06-18T10:19:37","slug":"intencje-mszalne-19-06-26-06-2022","status":"publish","type":"post","link":"http:\/\/parafia.scinawa.info\/index.php\/2022\/06\/18\/intencje-mszalne-19-06-26-06-2022\/","title":{"rendered":"INTENCJE MSZALNE 19.06 \u2013 26.06. 2022"},"content":{"rendered":"\n<p><strong><em>Sk\u0142adaj\u0105c\nOfiar\u0119, kt\u00f3ra nam przypomina niezmierzon\u0105 mi\u0142o\u015b\u0107 Twojego Syna, pokornie prosimy\nCi\u0119, Bo\u017ce, przyjmij intencje Twoich wiernych i spraw przez dzia\u0142anie\nEucharystii, aby w naszych rodzinach wzrasta\u0142a prawdziwa wiara, \u015bwi\u0119to\u015b\u0107 \u017cycia,\nbraterska mi\u0142o\u015b\u0107 i duch modlitwy. <\/em><\/strong><strong>Niech\nMatka Naj\u015bwi\u0119tsza wyprosi \u0142aski, o kt\u00f3re modlili\u015bmy si\u0119 w tej Mszy \u015bw. dla \u2026\nZa\u015b zmar\u0142ym \u2026 za kt\u00f3rych odprawiali\u015bmy Msz\u0119 \u015bw.: wieczny odpoczynek racz im\nda\u0107 Panie (\u2026); niech odpoczywaj\u0105 w pokoju wiecznym. Amen<\/strong><\/p>\n\n\n\n<p><strong>19.06<em>. &#8211; NIEDZIELA&nbsp; <\/em><\/strong><em><\/em><\/p>\n\n\n\n<p><strong>&nbsp; 8.oo \u2013 1) <\/strong>++ Stanis\u0142awa w 10 rocz. \u015bm. i W\u0142adys\u0142aw\u0119, Kazimier\u0119 i J\u00f3zefa z rodziny\nSzymczak\u00f3w oraz siostr\u0119 Mari\u0119 \u2013 modli si\u0119 rodzina <\/p>\n\n\n\n<p><strong>&nbsp;&nbsp;&nbsp;&nbsp;&nbsp;&nbsp;&nbsp;&nbsp;&nbsp;&nbsp;&nbsp; &nbsp;\n2)<\/strong> + Emili\u0119 Krawczyk w 23 rocz. \u015bm. \u2013 modli si\u0119 m\u0105\u017c z\ndzie\u0107mi<\/p>\n\n\n\n<p><strong>&nbsp; 9.3o \u2013 <\/strong>&nbsp;&nbsp;+\nJ\u00f3zefa Lisa w 2 rocz. \u015bm. \u2013 modli si\u0119 \u017cona z rodzin\u0105<\/p>\n\n\n\n<p><strong>11.oo \u2013 1) <\/strong>++ z rodziny Minkin\u00f3w: Ew\u0119, Kazimierza, Piotra, Ann\u0119 i Tadeusza, z rodziny Grzelak\u00f3w: Zofi\u0119, Jana oraz Krzysztofa Bogacza \u2013 modli si\u0119 Pawe\u0142 z rodzin\u0105<\/p>\n\n\n\n<p><strong>&nbsp;&nbsp;&nbsp;&nbsp;&nbsp;&nbsp; &nbsp;&nbsp;2) <\/strong>&nbsp;+ Helen\u0119 w 13 rocz. \u015bm. oraz ++ z rodziny\nCie\u015bli\u0144skich, \u0141oz\u00f3w, Wr\u00f3blewskich i Wojciechowskich \u00a0\u2013 modli si\u0119 rodzina<\/p>\n\n\n\n<p><strong>12.3o\n\u2013 1) <\/strong>+ Jana \u015awi\u0119talskiego w 3\nrocz. \u015bm. oraz ++ rodzic\u00f3w: Mari\u0119 i Adama Rogalskich i ++ z rodziny<strong> <\/strong><\/p>\n\n\n\n<p><strong>&nbsp;&nbsp;&nbsp;&nbsp;&nbsp;&nbsp;&nbsp;&nbsp;&nbsp;&nbsp;&nbsp; &nbsp;\n2)<\/strong> + ojca Tadeusza Nowickiego z racji urodzin i Dnia\nOjca \u2013 modl\u0105 si\u0119 synowie z rodzinami<\/p>\n\n\n\n<p><strong>18.oo\n\u2013 1) <\/strong>w 30 rocz. urodzin Pauliny\n<strong>&nbsp;<\/strong>dzi\u0119kczynna z pro\u015bb\u0105 o zdrowie, dary Ducha \u015awi\u0119tego, Bo\u017ce  b\u0142ogos\u0142awie\u0144stwo i opiek\u0119 NMP \u2013 modl\u0105 si\u0119 tato, babcia i rodzina <\/p>\n\n\n\n<p><strong>&nbsp;&nbsp;&nbsp;&nbsp;&nbsp;&nbsp;&nbsp;&nbsp;&nbsp;&nbsp;&nbsp; &nbsp;\n2)<\/strong> w intencji Norberta, Karoliny i Katarzyny z racji\nurodzin dzi\u0119kczynna z pro\u015bb\u0105 o zdrowie,\ndary  Ducha \u015awi\u0119tego, Bo\u017ce b\u0142ogos\u0142awie\u0144stwo i opiek\u0119 NMP \u2013 modl\u0105 si\u0119 mama, babcia i rodzina<\/p>\n\n\n\n<p><strong>20.06<em>. \u2013 PONIEDZIA\u0141EK<\/em><\/strong><\/p>\n\n\n\n<p><strong>&nbsp; &nbsp;&nbsp;7.oo\n\u2013 <\/strong>&nbsp;<\/p>\n\n\n\n<p><strong>18.oo\n\u2013 1) <\/strong>&nbsp;w 40 rocz. \u015blubu\nDanuty i Jana \u0141apuch\u00f3w dzi\u0119kczynna z\npro\u015bb\u0105 o zdrowie, dary Ducha  \u015awi\u0119tego, Bo\u017ce b\u0142ogos\u0142awie\u0144stwo i opiek\u0119 NMP\u2013 modli si\u0119 rodzina<\/p>\n\n\n\n<p><strong>&nbsp;&nbsp;&nbsp;&nbsp;&nbsp;&nbsp;&nbsp;&nbsp;&nbsp;&nbsp;&nbsp; &nbsp;\n2)<\/strong> + Alicj\u0119 Chmielowsk\u0105 z racji ziemskich imienin \u2013\nmodli si\u0119 rodzina<\/p>\n\n\n\n<p><strong>21.06<em>. &#8211; WTOREK<\/em><\/strong><em><\/em><\/p>\n\n\n\n<p><strong>&nbsp; 7.oo \u2013<\/strong><\/p>\n\n\n\n<p><strong>18.oo\n\u2013 <\/strong>w 1 rocz. urodzin Marceliny dzi\u0119kczynna z pro\u015bb\u0105 o\nzdrowie, dary Ducha \u015awi\u0119tego, Bo\u017ce  b\u0142ogos\u0142awie\u0144stwo i opiek\u0119 NMP\u2013 modli si\u0119 rodzina <\/p>\n\n\n\n<p><strong>22.06<em>. \u2013 \u015aRODA <\/em><\/strong><\/p>\n\n\n\n<p><strong>&nbsp; 7.oo \u2013 <\/strong><\/p>\n\n\n\n<p><strong>18.oo\n\u2013&nbsp; intencja zbiorowa nowennowa:<\/strong><\/p>\n\n\n\n<p><strong>&nbsp;1)<\/strong> + Jadwig\u0119 Sienkiewicz\nw 27 rocz. \u015bm. oraz ++ z rodziny Sienkiewicz\u00f3w, Jankowskich, Terpi\u0142owskich \u00a0 \u2013 modli si\u0119 c\u00f3rka z rodzina<\/p>\n\n\n\n<p><strong>&nbsp;2)<\/strong> + Halin\u0119 Wiktor &#8211; 30\ndzie\u0144 od pogrzebu &#8211; intencja od uczestnik\u00f3w Mszy pogrzebowej<\/p>\n\n\n\n<p><strong>&nbsp;3)<\/strong><\/p>\n\n\n\n<p><strong>23.06<em>. \u2013 CZWARTEK <\/em><\/strong><em>&nbsp;<\/em><\/p>\n\n\n\n<p><strong>&nbsp; 7.oo \u2013<\/strong> &nbsp;+ Piotra z racji Dnia Ojca<\/p>\n\n\n\n<p><strong>18.oo\n\u2013 1) <\/strong>+ Bogdana Uchro\u0144skiego \u2013 modli si\u0119 kuzynka Mariola z\nrodzina<\/p>\n\n\n\n<p><strong>&nbsp;&nbsp;&nbsp;&nbsp;&nbsp;&nbsp;&nbsp;&nbsp;&nbsp;&nbsp;&nbsp; &nbsp;\n2)<\/strong> ++ Bronis\u0142aw\u0119 i\nFranciszka \u015awi\u0119talskich oraz ++ z rodziny \u015awi\u0119talskich i Adamczyk\u00f3w  \u2013 modli si\u0119 synowa z rodzin\u0105 <\/p>\n\n\n\n<p><strong>24.06<em>. \u2013 PI\u0104TEK<\/em><\/strong><\/p>\n\n\n\n<p><strong>&nbsp; 7.oo \u2013<\/strong> w dniu urodzin i\nimienin Janiny i Danuty dzi\u0119kczynna z\npro\u015bb\u0105 o zdrowie, dary Ducha \u015awi\u0119tego, \u00a0\u00a0Bo\u017ce b\u0142ogos\u0142awie\u0144stwo i opiek\u0119 NMP \u2013 modl\u0105 si\u0119 m\u0119\u017cowie i znajomi \u00a0<\/p>\n\n\n\n<p><strong>18.oo\n\u2013 1) <\/strong>zaj. P. Krygiel<\/p>\n\n\n\n<p><strong>&nbsp;&nbsp;&nbsp;&nbsp;&nbsp;&nbsp;&nbsp;&nbsp;&nbsp;&nbsp;&nbsp; &nbsp;\n2)<\/strong> ++ Dariusza w 10 rocz. \u015bm., Alicj\u0119, ojca Ryszarda i\ndusze w czy\u015b\u0107cu cierpi\u0105ce \u2013 modli si\u0119\u00a0rodzina <\/p>\n\n\n\n<p><strong><em>25.06.\n\u2013 SOBOTA<\/em><\/strong><\/p>\n\n\n\n<p><strong>&nbsp; &nbsp;&nbsp;7.oo\n\u2013<\/strong>\n<\/p>\n\n\n\n<p><strong>16.oo\n\u2013<\/strong> Chrzest: Tymoteusz Wielg\u00f3rka<\/p>\n\n\n\n<p><strong>18.oo\n\u2013 1)<\/strong>\n+ bratow\u0105 &nbsp;Janin\u0119 Kubik w 1 rocz.\n\u015bm.&nbsp; \u2013 modli si\u0119 Stanis\u0142awa z rodzin\u0105<\/p>\n\n\n\n<p><strong>&nbsp;&nbsp;&nbsp;&nbsp;&nbsp;&nbsp;&nbsp;&nbsp;&nbsp;&nbsp;&nbsp; &nbsp;\n2)<\/strong> zaj. P. Koz\u0142owska &nbsp;&nbsp;<\/p>\n\n\n\n<p><strong><em>26.06.\n\u2013 NIEDZIELA&nbsp; <\/em><\/strong><\/p>\n\n\n\n<p><strong>&nbsp;8.oo \u2013 1) <\/strong>++ Waldemara, Bogus\u0142awa, Leszka, Katarzyn\u0119 i ++ z rodziny Koszty\u0142\u00f3w,\nMalawskich \u00a0\u00a0i Kowal\u00f3w <\/p>\n\n\n\n<p><strong>&nbsp;&nbsp;&nbsp;&nbsp;&nbsp;&nbsp;&nbsp;&nbsp;&nbsp;&nbsp;&nbsp; &nbsp;\n2)<\/strong> ++ rodzic\u00f3w z obu stron: Franciszk\u0119 i Wincentego\nKogut\u00f3w, Zofi\u0119 i Micha\u0142a Pa\u0144czyszyn\u00f3w \u00a0oraz ++ rodze\u0144stwo \u2013 modli si\u0119 rodzina<\/p>\n\n\n\n<p>&nbsp;&nbsp;&nbsp;&nbsp;&nbsp;&nbsp;&nbsp;&nbsp;&nbsp;&nbsp;&nbsp; &nbsp; <strong>3)<\/strong><\/p>\n\n\n\n<p><strong>&nbsp; 9.3o \u2013 1) <\/strong>&nbsp;<\/p>\n\n\n\n<p><strong>&nbsp;&nbsp;&nbsp;&nbsp;&nbsp;&nbsp;&nbsp;&nbsp;&nbsp;&nbsp;&nbsp; &nbsp;\n2)<\/strong> <\/p>\n\n\n\n<p><strong>11.oo\n\u2013 1) <\/strong>w 60 rocz. urodzin m\u0119\u017ca\nRomana i z racji Dnia Ojca<strong>\n<\/strong>dzi\u0119kczynna z pro\u015bb\u0105 o zdrowie, dary \u00a0 Ducha \u015awi\u0119tego, Bo\u017ce b\u0142ogos\u0142awie\u0144stwo i opiek\u0119 NMP \u2013 modli si\u0119 \u017cona, synowie i synowa<\/p>\n\n\n\n<p><strong>&nbsp;&nbsp;&nbsp;&nbsp;&nbsp;&nbsp;&nbsp;&nbsp;&nbsp;&nbsp;&nbsp; &nbsp;\n2) <\/strong>w intencji rodziny\nDemczak\u00f3w dzi\u0119kczynna za otrzymane \u0142aski z pro\u015bb\u0105 o zdrowie, dary \u00a0 Ducha \u015awi\u0119tego, Bo\u017ce b\u0142ogos\u0142awie\u0144stwo i opiek\u0119 NMP<\/p>\n\n\n\n<p>&nbsp;&nbsp;&nbsp;&nbsp;&nbsp;&nbsp;&nbsp;&nbsp;&nbsp;&nbsp;&nbsp; &nbsp; <strong>3)<\/strong> <\/p>\n\n\n\n<p><strong>12.3o\n\u2013 1)<\/strong> + Henryka w 2 rocz. \u015bm. \u2013 modli si\u0119 \u017cona z rodzin\u0105<strong> <\/strong><\/p>\n\n\n\n<p><strong>&nbsp;&nbsp;&nbsp;&nbsp;&nbsp;&nbsp;&nbsp;&nbsp;&nbsp;&nbsp;&nbsp; &nbsp;\n2)<\/strong> w 70 rocz. urodzin Heleny\nFidler dzi\u0119kczynna z pro\u015bb\u0105 o zdrowie, dary \u00a0 Ducha \u015awi\u0119tego, Bo\u017ce b\u0142ogos\u0142awie\u0144stwo i opiek\u0119 NMP \u2013 modl\u0105 si\u0119 c\u00f3rki z rodzinami <\/p>\n\n\n\n<p>&nbsp;&nbsp;&nbsp;&nbsp;&nbsp;&nbsp;&nbsp;&nbsp;&nbsp;&nbsp;&nbsp; &nbsp; <strong>3)<\/strong><\/p>\n\n\n\n<p><strong>18.oo\n\u2013 &nbsp;<\/strong>+ brata Bogdana\nUchro\u0144skiego \u2013 modli si\u0119 siostra z rodzin\u0105<\/p>\n","protected":false},"excerpt":{"rendered":"<p>Sk\u0142adaj\u0105c Ofiar\u0119, kt\u00f3ra nam przypomina niezmierzon\u0105 mi\u0142o\u015b\u0107 Twojego Syna, pokornie prosimy Ci\u0119, Bo\u017ce, przyjmij intencje Twoich wiernych i spraw przez dzia\u0142anie Eucharystii, aby w naszych rodzinach wzrasta\u0142a prawdziwa wiara, \u015bwi\u0119to\u015b\u0107 \u017cycia, braterska mi\u0142o\u015b\u0107 i duch modlitwy. Niech Matka Naj\u015bwi\u0119tsza wyprosi \u0142aski, o kt\u00f3re modlili\u015bmy si\u0119 w tej Mszy \u015bw. dla&#8230; <a class=\"continue-reading-link\" href=\"http:\/\/parafia.scinawa.info\/index.php\/2022\/06\/18\/intencje-mszalne-19-06-26-06-2022\/\">Czytaj dalej <span class=\"meta-nav\">&rarr; <\/span><\/a><\/p>\n","protected":false},"author":2,"featured_media":0,"comment_status":"closed","ping_status":"closed","sticky":false,"template":"","format":"standard","meta":{"footnotes":""},"categories":[39],"tags":[],"class_list":["post-2052","post","type-post","status-publish","format-standard","hentry","category-intencje"],"_links":{"self":[{"href":"http:\/\/parafia.scinawa.info\/index.php\/wp-json\/wp\/v2\/posts\/2052","targetHints":{"allow":["GET"]}}],"collection":[{"href":"http:\/\/parafia.scinawa.info\/index.php\/wp-json\/wp\/v2\/posts"}],"about":[{"href":"http:\/\/parafia.scinawa.info\/index.php\/wp-json\/wp\/v2\/types\/post"}],"author":[{"embeddable":true,"href":"http:\/\/parafia.scinawa.info\/index.php\/wp-json\/wp\/v2\/users\/2"}],"replies":[{"embeddable":true,"href":"http:\/\/parafia.scinawa.info\/index.php\/wp-json\/wp\/v2\/comments?post=2052"}],"version-history":[{"count":2,"href":"http:\/\/parafia.scinawa.info\/index.php\/wp-json\/wp\/v2\/posts\/2052\/revisions"}],"predecessor-version":[{"id":2054,"href":"http:\/\/parafia.scinawa.info\/index.php\/wp-json\/wp\/v2\/posts\/2052\/revisions\/2054"}],"wp:attachment":[{"href":"http:\/\/parafia.scinawa.info\/index.php\/wp-json\/wp\/v2\/media?parent=2052"}],"wp:term":[{"taxonomy":"category","embeddable":true,"href":"http:\/\/parafia.scinawa.info\/index.php\/wp-json\/wp\/v2\/categories?post=2052"},{"taxonomy":"post_tag","embeddable":true,"href":"http:\/\/parafia.scinawa.info\/index.php\/wp-json\/wp\/v2\/tags?post=2052"}],"curies":[{"name":"wp","href":"https:\/\/api.w.org\/{rel}","templated":true}]}}