{"id":2058,"date":"2022-06-24T15:55:43","date_gmt":"2022-06-24T13:55:43","guid":{"rendered":"http:\/\/parafia.scinawa.info\/?p=2058"},"modified":"2022-06-24T15:58:04","modified_gmt":"2022-06-24T13:58:04","slug":"intencje-mszalne-26-06-03-07-2022","status":"publish","type":"post","link":"http:\/\/parafia.scinawa.info\/index.php\/2022\/06\/24\/intencje-mszalne-26-06-03-07-2022\/","title":{"rendered":"INTENCJE MSZALNE 26.06 \u2013 03.07. 2022"},"content":{"rendered":"\n<p><strong><em>Sk\u0142adaj\u0105c\nOfiar\u0119, kt\u00f3ra nam przypomina niezmierzon\u0105 mi\u0142o\u015b\u0107 Twojego Syna, pokornie prosimy\nCi\u0119, Bo\u017ce, przyjmij intencje Twoich wiernych i spraw przez dzia\u0142anie\nEucharystii, aby w naszych rodzinach wzrasta\u0142a prawdziwa wiara, \u015bwi\u0119to\u015b\u0107 \u017cycia,\nbraterska mi\u0142o\u015b\u0107 i duch modlitwy. <\/em><\/strong><strong>Niech\nMatka Naj\u015bwi\u0119tsza wyprosi \u0142aski, o kt\u00f3re modlili\u015bmy si\u0119 w tej Mszy \u015bw. dla \u2026\nZa\u015b zmar\u0142ym \u2026 za kt\u00f3rych odprawiali\u015bmy Msz\u0119 \u015bw.: wieczny odpoczynek racz im\nda\u0107 Panie (\u2026); niech odpoczywaj\u0105 w pokoju wiecznym. Amen<\/strong><\/p>\n\n\n\n<p><strong>26.06<em>. &#8211; NIEDZIELA&nbsp; <\/em><\/strong><em><\/em><\/p>\n\n\n\n<p><strong>&nbsp; 8.oo \u2013 1) <\/strong>++ Waldemara, Bogus\u0142awa, Leszka, Katarzyn\u0119 i ++ z rodziny Koszty\u0142\u00f3w,\nMalawskich <\/p>\n\n\n\n<p>&nbsp;&nbsp;&nbsp;&nbsp; &nbsp;&nbsp;&nbsp;&nbsp;&nbsp;&nbsp;&nbsp;&nbsp;&nbsp;&nbsp;&nbsp;&nbsp;&nbsp;&nbsp;i Kowal\u00f3w\n<\/p>\n\n\n\n<p><strong>&nbsp;&nbsp;&nbsp;&nbsp;&nbsp;&nbsp;&nbsp;&nbsp;&nbsp;&nbsp;&nbsp; &nbsp;\n2)<\/strong> ++ rodzic\u00f3w z obu stron: Franciszk\u0119 i Wincentego\nKogut\u00f3w, Zofi\u0119 i Micha\u0142a Pa\u0144czyszyn\u00f3w\u00a0oraz ++ rodze\u0144stwo \u2013 modli si\u0119 rodzina<\/p>\n\n\n\n<p>&nbsp;&nbsp;&nbsp;&nbsp;&nbsp;&nbsp;&nbsp;&nbsp;&nbsp;&nbsp;&nbsp; &nbsp; <strong>3)<\/strong><\/p>\n\n\n\n<p><strong>&nbsp; 9.3o \u2013 1) <\/strong>o zdrowie, Bo\u017ce b\u0142ogos\u0142awie\u0144stwo i opiek\u0119 NMP dla m\u0119\u017ca Zbigniewa \u2013 modli si\u0119\nrodzina\n<\/p>\n\n\n\n<p><strong>&nbsp;&nbsp;&nbsp;&nbsp;&nbsp;&nbsp;&nbsp;&nbsp;&nbsp;&nbsp;&nbsp; &nbsp;\n2)<\/strong> ++ ks. Alfonsa Jurkiewicza i Ojca Profesora\nHugolina Langkammera<\/p>\n\n\n\n<p><strong>11.oo\n\u2013 1) <\/strong>w 60 rocz. urodzin m\u0119\u017ca\nRomana i z racji Dnia Ojca<strong>\n<\/strong>dzi\u0119kczynna z pro\u015bb\u0105 o zdrowie, dary  Ducha \u015awi\u0119tego, Bo\u017ce b\u0142ogos\u0142awie\u0144stwo i opiek\u0119 NMP \u2013 modli si\u0119 \u017cona, synowie i synowa<\/p>\n\n\n\n<p><strong>&nbsp;&nbsp;&nbsp;&nbsp;&nbsp;&nbsp;&nbsp;&nbsp;&nbsp;&nbsp;&nbsp; &nbsp;\n2) <\/strong>w intencji rodziny\nDemczak\u00f3w dzi\u0119kczynna za otrzymane \u0142aski z pro\u015bb\u0105 o zdrowie, dary  Ducha \u015awi\u0119tego, Bo\u017ce b\u0142ogos\u0142awie\u0144stwo i opiek\u0119 NMP<\/p>\n\n\n\n<p>&nbsp;&nbsp;&nbsp;&nbsp;&nbsp;&nbsp;&nbsp;&nbsp;&nbsp;&nbsp;&nbsp; &nbsp; <strong>3)<\/strong> o zdrowie, Bo\u017ce b\u0142ogos\u0142awie\u0144stwo i opiek\u0119 NMP\ndla Micha\u0142a<\/p>\n\n\n\n<p><strong>12.3o\n\u2013 1)<\/strong> + Henryka w 2 rocz. \u015bm. \u2013 modli si\u0119 \u017cona z rodzin\u0105<strong> <\/strong><\/p>\n\n\n\n<p><strong>&nbsp;&nbsp;&nbsp;&nbsp;&nbsp;&nbsp;&nbsp;&nbsp;&nbsp;&nbsp;&nbsp; &nbsp;\n2)<\/strong> w 70 rocz. urodzin Heleny\nFidler dzi\u0119kczynna z pro\u015bb\u0105 o zdrowie, dary Ducha \u015awi\u0119tego, Bo\u017ce \u00a0b\u0142ogos\u0142awie\u0144stwo i opiek\u0119 NMP \u2013 modl\u0105 si\u0119 c\u00f3rki z rodzinami <\/p>\n\n\n\n<p>&nbsp;&nbsp;&nbsp;&nbsp;&nbsp;&nbsp;&nbsp;&nbsp;&nbsp;&nbsp;&nbsp; &nbsp; <strong>3)<\/strong><\/p>\n\n\n\n<p><strong>18.oo\n\u2013 &nbsp;<\/strong>+ brata Bogdana\nUchro\u0144skiego \u2013 modli si\u0119 siostra z rodzin\u0105<strong>&nbsp; <\/strong><\/p>\n\n\n\n<p><strong>27.06<em>. \u2013 PONIEDZIA\u0141EK<\/em><\/strong><\/p>\n\n\n\n<p><strong>&nbsp; 7.3o \u2013 <\/strong>&nbsp;+ tat\u0119 Aleksandra Radzika w 35 rocz. \u015bm. oraz\n++ z rodziny Radzik\u00f3w, Kasjan\u00f3w, Pekar\u00f3w\u00a0i Rogal\u00f3w \u2013 modl\u0105 si\u0119 dzieci z rodzinami<\/p>\n\n\n\n<p><strong>18.oo\n\u2013 <\/strong>++ Katarzyn\u0119, Mari\u0119, Piotra i W\u0142adys\u0142awa \u2013 modli si\u0119\nrodzina<\/p>\n\n\n\n<p><strong>28.06<em>. &#8211; WTOREK<\/em><\/strong><em><\/em><\/p>\n\n\n\n<p><strong>&nbsp; 7.3o \u2013<\/strong> zaj. P. Leszczy\u0144ska<\/p>\n\n\n\n<p><strong>18.oo\n\u2013 <\/strong>+ Zbigniewa Paw\u0142owskiego &#8211;\n30 dzie\u0144 od pogrzebu &#8211; intencja od uczestnik\u00f3w Mszy pogrzebowej<\/p>\n\n\n\n<p><strong>29.06<em>. \u2013 \u015aRODA <\/em><\/strong><\/p>\n\n\n\n<p><strong>&nbsp; 7.3o \u2013 <\/strong>zaj. P. Radomska<\/p>\n\n\n\n<p><strong>18.oo\n\u2013&nbsp; intencja zbiorowa nowennowa:<\/strong><\/p>\n\n\n\n<p><strong>&nbsp;1)<\/strong> + Bogus\u0142awa\nZagalewskiego &#8211; 30 dzie\u0144 od pogrzebu &#8211; intencja od uczestnik\u00f3w Mszy pogrzebowej<\/p>\n\n\n\n<p><strong>&nbsp;2)<\/strong> <\/p>\n\n\n\n<p><strong>&nbsp;3)<\/strong><\/p>\n\n\n\n<p><strong>30.06<em>. \u2013 CZWARTEK <\/em><\/strong><em>&nbsp;<\/em><\/p>\n\n\n\n<p><strong>&nbsp; 7.3o \u2013<\/strong> w intencji ks. Tomasza\nw dniu urodzin i imienin dzi\u0119kczynna z\npro\u015bb\u0105 o zdrowie, dary Ducha \u00a0\u015awi\u0119tego, Bo\u017ce b\u0142ogos\u0142awie\u0144stwo i opiek\u0119 NMP <\/p>\n\n\n\n<p><strong>18.oo\n\u2013 <\/strong>w intencji Pielgrzym\u00f3w udaj\u0105cych si\u0119 do Cz\u0119stochowy\no szcz\u0119\u015bliw\u0105 podr\u00f3\u017c i wiele \u0142ask Bo\u017cych\u00a0i opiek\u0119 NMP na drodze pielgrzymowania<\/p>\n\n\n\n<p><strong>01.07<em>. \u2013 PI\u0104TEK<\/em><\/strong><\/p>\n\n\n\n<p><strong>&nbsp;7.3o \u2013<\/strong> &nbsp;<strong>1) <\/strong>&nbsp;+ Grzegorza i dusze w czy\u015b\u0107cu cierpi\u0105ce<\/p>\n\n\n\n<p><strong>&nbsp;&nbsp;&nbsp;&nbsp;&nbsp;&nbsp;&nbsp;&nbsp;&nbsp;&nbsp;&nbsp; &nbsp;\n2)<\/strong><\/p>\n\n\n\n<p><strong>18.oo\n\u2013 1) <\/strong>++ z rodziny Winnowicz\u00f3w:\nrodzic\u00f3w: Konstancj\u0119, Wojciecha i Katarzyn\u0119; braci: Stanis\u0142awa, \u00a0 Jana, Mariana, Boles\u0142awa i J\u00f3zefa; bratowe: Aniel\u0119, W\u0142adys\u0142aw\u0119 i Janin\u0119 \u2013 modli si\u0119 Maria z rodzin\u0105 <\/p>\n\n\n\n<p><strong>&nbsp;&nbsp;&nbsp;&nbsp;&nbsp;&nbsp;&nbsp;&nbsp;&nbsp;&nbsp;&nbsp; &nbsp;\n2)<\/strong> + m\u0119\u017ca Mariana W\u0142odarskiego w dniu jego ziemskich\nimienin \u2013 modli si\u0119 \u017cona i c\u00f3rki <\/p>\n\n\n\n<p><strong><em>02.07. \u2013 SOBOTA<\/em><\/strong><\/p>\n\n\n\n<p><strong>&nbsp; &nbsp;&nbsp;7.3o\n\u2013<\/strong>\nintencja wynagradzaj\u0105ca Niepokalanemu Sercu NMP<\/p>\n\n\n\n<p><strong>18.oo\n\u2013 1) <\/strong>++ z rodziny Wilgosz\u00f3w:\nJana, Zbigniewa, Mieczys\u0142awa oraz&nbsp; z\nrodziny R\u0119bisz\u00f3w: Jana\u00a0i Wojciecha \u2013 modli si\u0119 rodzina <\/p>\n\n\n\n<p><strong>&nbsp;&nbsp;&nbsp;&nbsp;&nbsp;&nbsp;&nbsp;&nbsp;&nbsp;&nbsp;&nbsp; &nbsp;\n2)<\/strong> &nbsp;+ Genowef\u0119 Jagie\u0142\u0142o\nw 1 rocz. \u015bm. \u2013 modli si\u0119 syn W\u0142odzimierz i wnuczki<\/p>\n\n\n\n<p><strong><em>03.07. \u2013 NIEDZIELA&nbsp; <\/em><\/strong><\/p>\n\n\n\n<p><strong>&nbsp; 8.oo \u2013 1) <\/strong>&nbsp;++ W\u0142adys\u0142awa i Genowef\u0119 Wojd\u00f3w \u2013 modli si\u0119 siostra\nz rodzin\u0105<\/p>\n\n\n\n<p><strong>&nbsp;&nbsp;&nbsp;&nbsp;&nbsp;&nbsp;&nbsp;&nbsp;&nbsp;&nbsp;&nbsp; &nbsp;\n2)<\/strong> <\/p>\n\n\n\n<p><strong>11.oo\n\u2013 1) <\/strong>+ Edwarda P\u0142atka<\/p>\n\n\n\n<p><strong>&nbsp;&nbsp;&nbsp;&nbsp;&nbsp;&nbsp;&nbsp;&nbsp;&nbsp;&nbsp;&nbsp; &nbsp;\n2) <\/strong>+ Krzysztofa Bogacza w 13\nrocz. \u015bm. \u2013 modl\u0105 si\u0119 rodzice <\/p>\n\n\n\n<p><strong>12.3o\n\u2013 1) <\/strong>++ Ludwika, Zofi\u0119, Miros\u0142awa\ni Romana Bartczak\u00f3w oraz Iren\u0119 Ikoniak<\/p>\n\n\n\n<p><strong>&nbsp;&nbsp;&nbsp;&nbsp;&nbsp;&nbsp;&nbsp;&nbsp;&nbsp;&nbsp;&nbsp; &nbsp;\n2)<\/strong> <\/p>\n\n\n\n<p><strong>18.oo\n\u2013 &nbsp;<\/strong>+ Wand\u0119 \u0141owisz w 11 rocz. \u015bm. \u2013 modli si\u0119 rodzina\n<\/p>\n","protected":false},"excerpt":{"rendered":"<p>Sk\u0142adaj\u0105c Ofiar\u0119, kt\u00f3ra nam przypomina niezmierzon\u0105 mi\u0142o\u015b\u0107 Twojego Syna, pokornie prosimy Ci\u0119, Bo\u017ce, przyjmij intencje Twoich wiernych i spraw przez dzia\u0142anie Eucharystii, aby w naszych rodzinach wzrasta\u0142a prawdziwa wiara, \u015bwi\u0119to\u015b\u0107 \u017cycia, braterska mi\u0142o\u015b\u0107 i duch modlitwy. Niech Matka Naj\u015bwi\u0119tsza wyprosi \u0142aski, o kt\u00f3re modlili\u015bmy si\u0119 w tej Mszy \u015bw. dla&#8230; <a class=\"continue-reading-link\" href=\"http:\/\/parafia.scinawa.info\/index.php\/2022\/06\/24\/intencje-mszalne-26-06-03-07-2022\/\">Czytaj dalej <span class=\"meta-nav\">&rarr; <\/span><\/a><\/p>\n","protected":false},"author":2,"featured_media":0,"comment_status":"closed","ping_status":"closed","sticky":false,"template":"","format":"standard","meta":{"footnotes":""},"categories":[39],"tags":[],"class_list":["post-2058","post","type-post","status-publish","format-standard","hentry","category-intencje"],"_links":{"self":[{"href":"http:\/\/parafia.scinawa.info\/index.php\/wp-json\/wp\/v2\/posts\/2058","targetHints":{"allow":["GET"]}}],"collection":[{"href":"http:\/\/parafia.scinawa.info\/index.php\/wp-json\/wp\/v2\/posts"}],"about":[{"href":"http:\/\/parafia.scinawa.info\/index.php\/wp-json\/wp\/v2\/types\/post"}],"author":[{"embeddable":true,"href":"http:\/\/parafia.scinawa.info\/index.php\/wp-json\/wp\/v2\/users\/2"}],"replies":[{"embeddable":true,"href":"http:\/\/parafia.scinawa.info\/index.php\/wp-json\/wp\/v2\/comments?post=2058"}],"version-history":[{"count":2,"href":"http:\/\/parafia.scinawa.info\/index.php\/wp-json\/wp\/v2\/posts\/2058\/revisions"}],"predecessor-version":[{"id":2060,"href":"http:\/\/parafia.scinawa.info\/index.php\/wp-json\/wp\/v2\/posts\/2058\/revisions\/2060"}],"wp:attachment":[{"href":"http:\/\/parafia.scinawa.info\/index.php\/wp-json\/wp\/v2\/media?parent=2058"}],"wp:term":[{"taxonomy":"category","embeddable":true,"href":"http:\/\/parafia.scinawa.info\/index.php\/wp-json\/wp\/v2\/categories?post=2058"},{"taxonomy":"post_tag","embeddable":true,"href":"http:\/\/parafia.scinawa.info\/index.php\/wp-json\/wp\/v2\/tags?post=2058"}],"curies":[{"name":"wp","href":"https:\/\/api.w.org\/{rel}","templated":true}]}}