{"id":2064,"date":"2022-07-02T15:23:36","date_gmt":"2022-07-02T13:23:36","guid":{"rendered":"http:\/\/parafia.scinawa.info\/?p=2064"},"modified":"2022-07-02T15:25:18","modified_gmt":"2022-07-02T13:25:18","slug":"intencje-mszalne-03-07-10-07-2022","status":"publish","type":"post","link":"http:\/\/parafia.scinawa.info\/index.php\/2022\/07\/02\/intencje-mszalne-03-07-10-07-2022\/","title":{"rendered":"INTENCJE MSZALNE 03.07 \u2013 10.07. 2022"},"content":{"rendered":"\n<p><strong><em>Sk\u0142adaj\u0105c Ofiar\u0119, kt\u00f3ra\nnam przypomina niezmierzon\u0105 mi\u0142o\u015b\u0107 Twojego Syna, pokornie prosimy Ci\u0119, Bo\u017ce,\nprzyjmij intencje Twoich wiernych i spraw przez dzia\u0142anie Eucharystii, aby w\nnaszych rodzinach wzrasta\u0142a prawdziwa wiara, \u015bwi\u0119to\u015b\u0107 \u017cycia, braterska mi\u0142o\u015b\u0107 i\nduch modlitwy. <\/em><\/strong><strong>Niech\nMatka Naj\u015bwi\u0119tsza wyprosi \u0142aski, o kt\u00f3re modlili\u015bmy si\u0119 w tej Mszy \u015bw. dla \u2026\nZa\u015b zmar\u0142ym \u2026 za kt\u00f3rych odprawiali\u015bmy Msz\u0119 \u015bw.: wieczny odpoczynek racz im\nda\u0107 Panie (\u2026); niech odpoczywaj\u0105 w pokoju wiecznym. Amen<\/strong><\/p>\n\n\n\n<p><strong>03.07<em>. &#8211; NIEDZIELA&nbsp; <\/em><\/strong><em><\/em><\/p>\n\n\n\n<p><strong>&nbsp; 8.oo \u2013 1) <\/strong>&nbsp;++ W\u0142adys\u0142awa i Genowef\u0119 Wojd\u00f3w \u2013 modli si\u0119 siostra\nz rodzin\u0105<\/p>\n\n\n\n<p><strong>&nbsp;&nbsp;&nbsp;&nbsp;&nbsp;&nbsp;&nbsp;&nbsp;&nbsp;&nbsp;&nbsp; &nbsp;\n2)<\/strong> + syna Miros\u0142awa<\/p>\n\n\n\n<p><strong>11.oo\n\u2013 1) <\/strong>+ Edwarda P\u0142atka<\/p>\n\n\n\n<p><strong>&nbsp;&nbsp;&nbsp;&nbsp;&nbsp;&nbsp;&nbsp;&nbsp;&nbsp;&nbsp;&nbsp; &nbsp;\n2) <\/strong>+ Krzysztofa Bogacza w 13\nrocz. \u015bm. \u2013 modl\u0105 si\u0119 rodzice <\/p>\n\n\n\n<p><strong>12.3o\n\u2013 1) <\/strong>++ Ludwika, Zofi\u0119, Miros\u0142awa\ni Romana Bartczak\u00f3w oraz Iren\u0119 Ikoniak<\/p>\n\n\n\n<p><strong>&nbsp;&nbsp;&nbsp;&nbsp;&nbsp;&nbsp;&nbsp;&nbsp;&nbsp;&nbsp;&nbsp; 2)<\/strong> ++ Mart\u0119 Ryng w\n10 rocz. \u015bm. oraz jej babcie Stanis\u0142aw\u0119 Ryng w 1 rocz. \u015bm. \u2013 modli si\u0119 rodzina<\/p>\n\n\n\n<p><strong>18.oo\n\u2013 &nbsp;<\/strong>+ Wand\u0119 \u0141owisz w 11 rocz. \u015bm. \u2013 modli si\u0119 rodzina<strong>&nbsp;\n&nbsp;<\/strong>&nbsp;<\/p>\n\n\n\n<p><strong>04.07<em>. \u2013 PONIEDZIA\u0141EK<\/em><\/strong><\/p>\n\n\n\n<p><strong>&nbsp;&nbsp;7.3o \u2013 <\/strong>++\nrodzic\u00f3w: Stefani\u0119 i Sylwestra, braci: J\u00f3zefa i Janusza, bratow\u0105 Helen\u0119 oraz ++\nz rodziny Klepackich, Cielas\u00f3w i Mazep\u00f3w \u2013 modli si\u0119 rodzina<\/p>\n\n\n\n<p><strong>18.oo\n\u2013 <\/strong>+ Adel\u0119 Czuczo\u0142\u0119 w 3 rocz. \u015bm. \u2013 modli si\u0119 c\u00f3rka\nDorota z rodzin\u0105<\/p>\n\n\n\n<p><strong>05.07<em>. &#8211; WTOREK<\/em><\/strong><em><\/em><\/p>\n\n\n\n<p><strong>&nbsp; 7.3o \u2013<\/strong><\/p>\n\n\n\n<p><strong>18.oo\n\u2013 <\/strong>++ Michalin\u0119 i Jana oraz bliskich zmar\u0142ych \u2013 modli si\u0119\nCzes\u0142awa<\/p>\n\n\n\n<p><strong>06.07<em>. \u2013 \u015aRODA <\/em><\/strong><\/p>\n\n\n\n<p><strong>&nbsp; 7.3o \u2013 <\/strong><\/p>\n\n\n\n<p><strong>18.oo\n\u2013&nbsp; intencja zbiorowa nowennowa:<\/strong><\/p>\n\n\n\n<p><strong>\u00a01)<\/strong> + brata Zygmunta w 43 rocz. \u015bm. oraz ++ rodzic\u00f3w: Helen\u0119 i Jana z rodziny St\u0119pieni\u00f3w \u2013 modl\u0105 si\u0119  siostry i c\u00f3rki z rodzinami<\/p>\n\n\n\n<p><strong>&nbsp;2)<\/strong> ++ Janin\u0119 w 3 rocz.\n\u015bm. i Romana W\u00f3jcik\u00f3w oraz ++ z rodziny W\u00f3jcik\u00f3w i B\u0142a\u017cejewskich<\/p>\n\n\n\n<p><strong>&nbsp;3)<\/strong> + Krystyn\u0119 Bielawsk\u0105 &#8211; 30 dzie\u0144 od pogrzebu &#8211; intencja\nod uczestnik\u00f3w Mszy pogrzebowej<\/p>\n\n\n\n<p><strong>&nbsp;4)<\/strong><\/p>\n\n\n\n<p><strong>07.07<em>. \u2013 CZWARTEK <\/em><\/strong><em>&nbsp;<\/em><\/p>\n\n\n\n<p><strong>&nbsp; 7.3o \u2013<\/strong> &nbsp;<\/p>\n\n\n\n<p><strong>18.oo\n\u2013 <\/strong>+ te\u015bcia Bonifacego Golczyka w 23 rocz. \u015bm. oraz ++\nz rodziny Golczyk\u00f3w i Soch\u00f3w \u2013 modli si\u0119 \u00a0synowa z rodzina<\/p>\n\n\n\n<p><strong>08.07<em>. \u2013 PI\u0104TEK<\/em><\/strong><\/p>\n\n\n\n<p><strong>&nbsp; 7.3o \u2013<\/strong> &nbsp;<\/p>\n\n\n\n<p><strong>18.oo\n\u2013 <\/strong>++ z rodziny Kossowskich i Skowron\u00f3w: Mariusza w 33\nrocz. \u015bm., Witolda i jego rodzic\u00f3w,\u00a0Katarzyn\u0119, Feliks\u0119, Danut\u0119 i J\u00f3zefa oraz dusze w czy\u015b\u0107cu cierpi\u0105ce \u2013 modli si\u0119 rodzina<\/p>\n\n\n\n<p><strong><em>09.07. \u2013 SOBOTA<\/em><\/strong><\/p>\n\n\n\n<p><strong>&nbsp; &nbsp;&nbsp;7.3o\n\u2013<\/strong>\nzaj. P. Radzik <\/p>\n\n\n\n<p><strong>18.oo\n\u2013 1) <\/strong>zaj. P. Koz\u0142owska<strong> <\/strong>&nbsp;<\/p>\n\n\n\n<p><strong>&nbsp;&nbsp;&nbsp;&nbsp;&nbsp;&nbsp;&nbsp;&nbsp;&nbsp;&nbsp;&nbsp; &nbsp;\n2)<\/strong> w intencji Janiny z racji\nurodzin dzi\u0119kczynna z pro\u015bb\u0105 o zdrowie, dary Ducha \u015awi\u0119tego, Bo\u017ce \u00a0b\u0142ogos\u0142awie\u0144stwo i opiek\u0119 NMP \u2013 modli si\u0119 rodzina \u00a0<\/p>\n\n\n\n<p><strong><em>10.07. \u2013 NIEDZIELA&nbsp; <\/em><\/strong><\/p>\n\n\n\n<p><strong>&nbsp; 8.oo \u2013 1) <\/strong>++ m\u0119\u017ca Boles\u0142awa Bilewicza w 14 rocz. \u015bm. oraz za zi\u0119cia Henryka \u2013 modli\nsi\u0119 Janina \u00a0 z rodzin\u0105 \u00a0<\/p>\n\n\n\n<p><strong>&nbsp;&nbsp;&nbsp;&nbsp;&nbsp;&nbsp;&nbsp;&nbsp;&nbsp;&nbsp;&nbsp; &nbsp;\n2)<\/strong> ++ rodzic\u00f3w: Franciszk\u0119 i J\u00f3zefa oraz braci: Leona\ni Kazimierza \u2013 modli si\u0119 rodzina&nbsp; <\/p>\n\n\n\n<p><strong>11.oo\n\u2013 1) <\/strong>w 20 rocz. urodzin\nMagdaleny dzi\u0119kczynna za otrzymane \u0142aski z pro\u015bb\u0105 o zdrowie, dary Ducha \u00a0\u015awi\u0119tego, Bo\u017ce b\u0142ogos\u0142awie\u0144stwo i opiek\u0119 NMP \u00a0<\/p>\n\n\n\n<p><strong>&nbsp;&nbsp;&nbsp;&nbsp;&nbsp;&nbsp;&nbsp;&nbsp;&nbsp;&nbsp;&nbsp; &nbsp;\n2) <\/strong>++ Stanis\u0142aw\u0119 w 1 rocz.\n\u015bm. i Jana w 32 rocz. \u015bm. Ryng\u00f3w oraz Paulin\u0119 i Stanis\u0142awa  Parkasiewicz\u00f3w \u2013 modl\u0105 si\u0119 dzieci i wnuki \u00a0<\/p>\n\n\n\n<p><strong>12.3o\n\u2013 1) <\/strong>+ Agnieszk\u0119 w 15 rocz. \u015bm.\n\u2013 modl\u0105 si\u0119 rodzice<\/p>\n\n\n\n<p><strong>&nbsp;&nbsp;&nbsp;&nbsp;&nbsp;&nbsp;&nbsp;&nbsp;&nbsp;&nbsp;&nbsp; &nbsp;&nbsp;2)<\/strong>\n+ Adel\u0119 Czuczo\u0142\u0119 w 3 rocz. \u015bm.<\/p>\n\n\n\n<p>&nbsp;&nbsp;&nbsp;&nbsp;&nbsp;&nbsp;&nbsp;&nbsp;&nbsp;&nbsp;&nbsp;&nbsp;&nbsp;&nbsp;&nbsp;&nbsp;&nbsp;&nbsp;&nbsp;&nbsp;&nbsp;&nbsp;&nbsp; <strong><em>Chrzest\npo Mszy<\/em><\/strong><\/p>\n\n\n\n<p><strong>18.oo\n\u2013 <\/strong>+ Rolanda Hermana w 20 rocz. \u015bm.&nbsp; \u2013 modli si\u0119 rodzina\n<\/p>\n","protected":false},"excerpt":{"rendered":"<p>Sk\u0142adaj\u0105c Ofiar\u0119, kt\u00f3ra nam przypomina niezmierzon\u0105 mi\u0142o\u015b\u0107 Twojego Syna, pokornie prosimy Ci\u0119, Bo\u017ce, przyjmij intencje Twoich wiernych i spraw przez dzia\u0142anie Eucharystii, aby w naszych rodzinach wzrasta\u0142a prawdziwa wiara, \u015bwi\u0119to\u015b\u0107 \u017cycia, braterska mi\u0142o\u015b\u0107 i duch modlitwy. Niech Matka Naj\u015bwi\u0119tsza wyprosi \u0142aski, o kt\u00f3re modlili\u015bmy si\u0119 w tej Mszy \u015bw. dla&#8230; <a class=\"continue-reading-link\" href=\"http:\/\/parafia.scinawa.info\/index.php\/2022\/07\/02\/intencje-mszalne-03-07-10-07-2022\/\">Czytaj dalej <span class=\"meta-nav\">&rarr; <\/span><\/a><\/p>\n","protected":false},"author":2,"featured_media":0,"comment_status":"closed","ping_status":"closed","sticky":false,"template":"","format":"standard","meta":{"footnotes":""},"categories":[39],"tags":[],"class_list":["post-2064","post","type-post","status-publish","format-standard","hentry","category-intencje"],"_links":{"self":[{"href":"http:\/\/parafia.scinawa.info\/index.php\/wp-json\/wp\/v2\/posts\/2064","targetHints":{"allow":["GET"]}}],"collection":[{"href":"http:\/\/parafia.scinawa.info\/index.php\/wp-json\/wp\/v2\/posts"}],"about":[{"href":"http:\/\/parafia.scinawa.info\/index.php\/wp-json\/wp\/v2\/types\/post"}],"author":[{"embeddable":true,"href":"http:\/\/parafia.scinawa.info\/index.php\/wp-json\/wp\/v2\/users\/2"}],"replies":[{"embeddable":true,"href":"http:\/\/parafia.scinawa.info\/index.php\/wp-json\/wp\/v2\/comments?post=2064"}],"version-history":[{"count":2,"href":"http:\/\/parafia.scinawa.info\/index.php\/wp-json\/wp\/v2\/posts\/2064\/revisions"}],"predecessor-version":[{"id":2066,"href":"http:\/\/parafia.scinawa.info\/index.php\/wp-json\/wp\/v2\/posts\/2064\/revisions\/2066"}],"wp:attachment":[{"href":"http:\/\/parafia.scinawa.info\/index.php\/wp-json\/wp\/v2\/media?parent=2064"}],"wp:term":[{"taxonomy":"category","embeddable":true,"href":"http:\/\/parafia.scinawa.info\/index.php\/wp-json\/wp\/v2\/categories?post=2064"},{"taxonomy":"post_tag","embeddable":true,"href":"http:\/\/parafia.scinawa.info\/index.php\/wp-json\/wp\/v2\/tags?post=2064"}],"curies":[{"name":"wp","href":"https:\/\/api.w.org\/{rel}","templated":true}]}}