{"id":2070,"date":"2022-07-09T16:31:27","date_gmt":"2022-07-09T14:31:27","guid":{"rendered":"http:\/\/parafia.scinawa.info\/?p=2070"},"modified":"2022-07-09T16:35:08","modified_gmt":"2022-07-09T14:35:08","slug":"2070","status":"publish","type":"post","link":"http:\/\/parafia.scinawa.info\/index.php\/2022\/07\/09\/2070\/","title":{"rendered":""},"content":{"rendered":"\n<p><strong>INTENCJE MSZALNE 10.07.\n\u2013 17.07. 2022<\/strong><\/p>\n\n\n\n<p><strong><em>Sk\u0142adaj\u0105c\nOfiar\u0119, kt\u00f3ra nam przypomina niezmierzon\u0105 mi\u0142o\u015b\u0107 Twojego Syna, pokornie prosimy\nCi\u0119, Bo\u017ce, przyjmij intencje Twoich wiernych i spraw przez dzia\u0142anie\nEucharystii, aby w naszych rodzinach wzrasta\u0142a prawdziwa wiara, \u015bwi\u0119to\u015b\u0107 \u017cycia,\nbraterska mi\u0142o\u015b\u0107 i duch modlitwy. <\/em><\/strong><strong>Niech\nMatka Naj\u015bwi\u0119tsza wyprosi \u0142aski, o kt\u00f3re modlili\u015bmy si\u0119 w tej Mszy \u015bw. dla \u2026\nZa\u015b zmar\u0142ym \u2026 za kt\u00f3rych odprawiali\u015bmy Msz\u0119 \u015bw.: wieczny odpoczynek racz im\nda\u0107 Panie (\u2026); niech odpoczywaj\u0105 w pokoju wiecznym. Amen<\/strong><\/p>\n\n\n\n<p><strong>10.07<em>. &#8211; NIEDZIELA&nbsp; <\/em><\/strong><em><\/em><\/p>\n\n\n\n<p><strong>\u00a0 8.oo \u2013 1) <\/strong>++ m\u0119\u017ca Boles\u0142awa Bilewicza w 14 rocz. \u015bm. oraz za zi\u0119cia Henryka \u2013 modli si\u0119 Janina z rodzin\u0105 \u00a0<\/p>\n\n\n\n<p><strong>&nbsp;&nbsp;&nbsp;&nbsp;&nbsp;&nbsp;&nbsp;&nbsp;&nbsp;&nbsp;&nbsp; &nbsp;\n2)<\/strong> ++ rodzic\u00f3w: Franciszk\u0119 i J\u00f3zefa oraz braci: Leona\ni Kazimierza \u2013 modli si\u0119 rodzina&nbsp; <\/p>\n\n\n\n<p><strong>11.oo\n\u2013 1) <\/strong>w 21 rocz. urodzin\nMagdaleny dzi\u0119kczynna za otrzymane \u0142aski z pro\u015bb\u0105 o zdrowie, dary Ducha\u00a0\u015awi\u0119tego, Bo\u017ce b\u0142ogos\u0142awie\u0144stwo i opiek\u0119 NMP \u2013 modli si\u0119 rodzina \u00a0<\/p>\n\n\n\n<p><strong>&nbsp;&nbsp;&nbsp;&nbsp;&nbsp;&nbsp;&nbsp;&nbsp;&nbsp;&nbsp;&nbsp; &nbsp;\n2) <\/strong>++ Stanis\u0142aw\u0119 w 1 rocz.\n\u015bm. i Jana w 32 rocz. \u015bm. Ryng\u00f3w oraz Paulin\u0119 i Stanis\u0142awa  Parkasiewicz\u00f3w \u2013 modl\u0105 si\u0119 dzieci i wnuki \u00a0<\/p>\n\n\n\n<p><strong>12.3o\n\u2013 1) <\/strong>+ Agnieszk\u0119 w 15 rocz. \u015bm.\n\u2013 modl\u0105 si\u0119 rodzice<\/p>\n\n\n\n<p><strong>&nbsp;&nbsp;&nbsp;&nbsp;&nbsp;&nbsp;&nbsp;&nbsp;&nbsp;&nbsp;&nbsp; &nbsp;&nbsp;2)<\/strong>\n+ Adel\u0119 Czuczo\u0142\u0119 w 3 rocz. \u015bm.<\/p>\n\n\n\n<p>&nbsp;&nbsp;&nbsp;&nbsp;&nbsp;&nbsp;&nbsp;&nbsp;&nbsp;&nbsp;&nbsp;&nbsp;&nbsp;&nbsp;&nbsp;&nbsp;&nbsp;&nbsp;&nbsp;&nbsp;&nbsp;&nbsp;&nbsp; <strong><em>Chrzest\npo Mszy<\/em><\/strong><\/p>\n\n\n\n<p><strong>18.oo\n\u2013 <\/strong>+ Rolanda Hermana w 20 rocz. \u015bm.&nbsp; \u2013 modli si\u0119 rodzina<strong>&nbsp;\n&nbsp;<\/strong>&nbsp;<\/p>\n\n\n\n<p><strong>11.07<em>. \u2013 PONIEDZIA\u0141EK<\/em><\/strong><\/p>\n\n\n\n<p><strong>&nbsp; 7.3o \u2013 <\/strong>&nbsp;<\/p>\n\n\n\n<p><strong>18.oo \u2013 <\/strong>+ Ann\u0119 W\u0142odarsk\u0105 w 21 rocz. \u015bm., ++ rodzic\u00f3w: Helen\u0119 i Jana \u0141ani\u00f3w oraz Roberta \u017bbikowskiego \u2013 modli si\u0119 rodzina<\/p>\n\n\n\n<p><strong>12.07<em>. &#8211; WTOREK<\/em><\/strong><em><\/em><\/p>\n\n\n\n<p><strong>&nbsp; 7.3o \u2013<\/strong><\/p>\n\n\n\n<p><strong>18.oo \u2013 <\/strong>+ Stefani\u0119 Parkasiewicz w 2 rocz. \u015bm. i Franciszka w 8 rocz. \u015bm. oraz ++ z rodziny Olejarnik\u00f3w i Parkasiewicz\u00f3w \u2013 modli si\u0119 rodzina<\/p>\n\n\n\n<p><strong>13.07<em>. \u2013 \u015aRODA <\/em><\/strong><\/p>\n\n\n\n<p><strong>&nbsp; 7.3o \u2013 <\/strong><\/p>\n\n\n\n<p><strong>18.oo\n\u2013&nbsp; intencja zbiorowa nowennowa:<\/strong><\/p>\n\n\n\n<p><strong>&nbsp;1)<\/strong> ++ rodzic\u00f3w:\nW\u0142adys\u0142aw\u0119 w 4 rocz. \u015bm. i Tadeusza w 23 rocz. \u015bm. z rodziny Mazurkiewicz\u00f3w, \u00a0 ++ dziadk\u00f3w z obu stron, Alfreda, Zofi\u0119 i Baltazara Koz\u0142owskich oraz dusze w czy\u015b\u0107cu cierpi\u0105ce  \u2013 modli si\u0119 rodzina<\/p>\n\n\n\n<p><strong>&nbsp;2)<\/strong> + Mariann\u0119 Witasiak \u2013\nmodli si\u0119 rodzina Malesz\u00f3w z Bytomia<\/p>\n\n\n\n<p><strong>&nbsp;3)<\/strong><\/p>\n\n\n\n<p><strong>14.07<em>. \u2013 CZWARTEK <\/em><\/strong><em>&nbsp;<\/em><\/p>\n\n\n\n<p><strong>\u00a0 7.3o \u2013<\/strong> \u00a0w 76 rocz. urodzin dzi\u0119kczynna za otrzymane \u0142aski z pro\u015bb\u0105 o zdrowie, dary Ducha \u015awi\u0119tego,\u00a0\u00a0Bo\u017ce b\u0142ogos\u0142awie\u0144stwo i opiek\u0119 NMP <\/p>\n\n\n\n<p><strong>18.oo\n\u2013 <\/strong>+ W\u0142adys\u0142aw\u0119 Magiersk\u0105 \u2013 modli si\u0119 Paulina z rodzin\u0105<\/p>\n\n\n\n<p><strong>15.07<em>. \u2013 PI\u0104TEK<\/em><\/strong><\/p>\n\n\n\n<p><strong>&nbsp; 7.3o \u2013<\/strong> &nbsp;<\/p>\n\n\n\n<p><strong>18.oo \u2013 <\/strong>++ Kazimier\u0119 i Micha\u0142a, Apoloni\u0119 i Franciszka, Mari\u0119 i Aleksandra oraz ++ z rodziny Babij\u00f3w,  Chrzanowskich, Arciszewskich, siostr\u0119 Agnieszk\u0119 Jadwi\u017cank\u0119 i dusze w czy\u015b\u0107cu cierpi\u0105ce \u2013 modli si\u0119 rodzina<\/p>\n\n\n\n<p><strong><em>16.07. \u2013 SOBOTA<\/em><\/strong><\/p>\n\n\n\n<p><strong>&nbsp; 7.3o \u2013<\/strong> + m\u0119\u017ca Bogdana\nUchro\u0144skiego \u2013 modli si\u0119 \u017cona z dzie\u0107mi i wnukami <\/p>\n\n\n\n<p><strong>18.oo \u2013 <\/strong>+ Micha\u0142a Justa w 5 rocz. \u015bm. oraz ++ z rodziny Just\u00f3w, Adamczak\u00f3w i Szymankiewicz\u00f3w \u2013 modli si\u0119 rodzina<\/p>\n\n\n\n<p><strong><em>17.07. \u2013 NIEDZIELA&nbsp; <\/em><\/strong><\/p>\n\n\n\n<p><strong>&nbsp; 8.oo \u2013 1) <\/strong>+ Maryl\u0119 Sta\u0144czyk z domu Szymczak w 3 rocz. \u015bm. oraz Kazimier\u0119 i J\u00f3zefa\nSzymczak\u00f3w \u2013 modli si\u0119 rodzina<strong> <\/strong><\/p>\n\n\n\n<p><strong>&nbsp;&nbsp;&nbsp;&nbsp;&nbsp;&nbsp;&nbsp;&nbsp;&nbsp;&nbsp;&nbsp; &nbsp;\n2)<\/strong> + Henryka&nbsp;\nSalamona modl\u0105 si\u0119 koledzy i kole\u017canki z Incany<\/p>\n\n\n\n<p><strong>11.oo\n\u2013 1) <\/strong>+ Krzysztofa Lulka w 34\nrocz. \u015bm. \u2013 modl\u0105 si\u0119 rodzice z rodzin\u0105<\/p>\n\n\n\n<p><strong>&nbsp;&nbsp;&nbsp;&nbsp;&nbsp;&nbsp;&nbsp;&nbsp;&nbsp;&nbsp;&nbsp; &nbsp;\n2) <\/strong>+ Dariusza Krawczyka w 6 miesi\u0119cy\npo \u015bm. \u2013 modli si\u0119 ojciec z rodzin\u0105 <\/p>\n\n\n\n<p><strong>12.3o \u2013 1) <\/strong>w intencji Zbysia w 3 rocz. urodzin, Kazia oraz Katarzyn\u0119 i Tomasza\u00a0 z rodziny Wajd\u00f3w  dzi\u0119kczynna z pro\u015bb\u0105 o zdrowie, dary Ducha \u015awi\u0119tego, Bo\u017ce b\u0142ogos\u0142awie\u0144stwo i opiek\u0119 NMP \u00a0\u2013 modl\u0105 si\u0119 rodzice i dziadkowie<\/p>\n\n\n\n<p><strong>\u00a0\u00a0\u00a0\u00a0\u00a0\u00a0\u00a0\u00a0\u00a0\u00a0\u00a0 \u00a0 2)<\/strong> + m\u0119\u017ca Mariana z racji jego ziemskich urodzin, ++ rodzic\u00f3w: Tekl\u0119 i Jana, brata Stanis\u0142awa \u00a0 z rodziny Michalewicz\u00f3w oraz ++ dziadk\u00f3w: Rozali\u0119 i Antoniego, cioci\u0119 Ann\u0119, wujka Micha\u0142a i Miko\u0142aja z rodziny Fyszk\u00f3w \u2013 modli si\u0119 \u017cona z rodzin\u0105<\/p>\n\n\n\n<p>&nbsp;&nbsp;&nbsp;&nbsp;&nbsp;&nbsp;&nbsp;&nbsp;&nbsp;&nbsp;&nbsp;&nbsp;&nbsp;&nbsp;&nbsp;&nbsp;&nbsp;&nbsp;&nbsp;&nbsp;&nbsp;&nbsp;&nbsp; &nbsp;&nbsp;&nbsp;&nbsp;&nbsp;&nbsp;&nbsp;&nbsp;&nbsp;&nbsp;&nbsp;&nbsp;&nbsp;&nbsp;&nbsp;&nbsp;&nbsp;&nbsp;&nbsp;&nbsp;&nbsp;&nbsp;&nbsp; <strong><em>Chrzest\npo Mszy: Oliwia Maria Kozak<\/em><\/strong><\/p>\n\n\n\n<p><strong>18.oo\n\u2013 <\/strong>++ rodzic\u00f3w: Iren\u0119 i Zbigniewa Jarosz\u00f3w \u2013 modl\u0105 si\u0119 dzieci\ni wnuki<strong> <\/strong>&nbsp;<\/p>\n","protected":false},"excerpt":{"rendered":"<p>INTENCJE MSZALNE 10.07. \u2013 17.07. 2022 Sk\u0142adaj\u0105c Ofiar\u0119, kt\u00f3ra nam przypomina niezmierzon\u0105 mi\u0142o\u015b\u0107 Twojego Syna, pokornie prosimy Ci\u0119, Bo\u017ce, przyjmij intencje Twoich wiernych i spraw przez dzia\u0142anie Eucharystii, aby w naszych rodzinach wzrasta\u0142a prawdziwa wiara, \u015bwi\u0119to\u015b\u0107 \u017cycia, braterska mi\u0142o\u015b\u0107 i duch modlitwy. Niech Matka Naj\u015bwi\u0119tsza wyprosi \u0142aski, o kt\u00f3re modlili\u015bmy&#8230; <a class=\"continue-reading-link\" href=\"http:\/\/parafia.scinawa.info\/index.php\/2022\/07\/09\/2070\/\">Czytaj dalej <span class=\"meta-nav\">&rarr; <\/span><\/a><\/p>\n","protected":false},"author":2,"featured_media":0,"comment_status":"closed","ping_status":"closed","sticky":false,"template":"","format":"standard","meta":{"footnotes":""},"categories":[39],"tags":[],"class_list":["post-2070","post","type-post","status-publish","format-standard","hentry","category-intencje"],"_links":{"self":[{"href":"http:\/\/parafia.scinawa.info\/index.php\/wp-json\/wp\/v2\/posts\/2070","targetHints":{"allow":["GET"]}}],"collection":[{"href":"http:\/\/parafia.scinawa.info\/index.php\/wp-json\/wp\/v2\/posts"}],"about":[{"href":"http:\/\/parafia.scinawa.info\/index.php\/wp-json\/wp\/v2\/types\/post"}],"author":[{"embeddable":true,"href":"http:\/\/parafia.scinawa.info\/index.php\/wp-json\/wp\/v2\/users\/2"}],"replies":[{"embeddable":true,"href":"http:\/\/parafia.scinawa.info\/index.php\/wp-json\/wp\/v2\/comments?post=2070"}],"version-history":[{"count":2,"href":"http:\/\/parafia.scinawa.info\/index.php\/wp-json\/wp\/v2\/posts\/2070\/revisions"}],"predecessor-version":[{"id":2072,"href":"http:\/\/parafia.scinawa.info\/index.php\/wp-json\/wp\/v2\/posts\/2070\/revisions\/2072"}],"wp:attachment":[{"href":"http:\/\/parafia.scinawa.info\/index.php\/wp-json\/wp\/v2\/media?parent=2070"}],"wp:term":[{"taxonomy":"category","embeddable":true,"href":"http:\/\/parafia.scinawa.info\/index.php\/wp-json\/wp\/v2\/categories?post=2070"},{"taxonomy":"post_tag","embeddable":true,"href":"http:\/\/parafia.scinawa.info\/index.php\/wp-json\/wp\/v2\/tags?post=2070"}],"curies":[{"name":"wp","href":"https:\/\/api.w.org\/{rel}","templated":true}]}}