{"id":2073,"date":"2022-07-09T16:44:42","date_gmt":"2022-07-09T14:44:42","guid":{"rendered":"http:\/\/parafia.scinawa.info\/?p=2073"},"modified":"2022-07-09T16:44:42","modified_gmt":"2022-07-09T14:44:42","slug":"ogloszenia-duszpasterskie-15-niedziela-zwykla-10-07-2022","status":"publish","type":"post","link":"http:\/\/parafia.scinawa.info\/index.php\/2022\/07\/09\/ogloszenia-duszpasterskie-15-niedziela-zwykla-10-07-2022\/","title":{"rendered":"Og\u0142oszenia duszpasterskie  15 Niedziela zwyk\u0142a \u2013 10. 07. 2022"},"content":{"rendered":"\n<p><strong>1<\/strong><strong>.<\/strong> Dzi\u015b prze\u017cywamy\n<strong>15 Niedziel\u0119 zwyk\u0142\u0105<\/strong>. Msze \u015bw. wed\u0142ug porz\u0105dku wakacyjnego.\n<\/p>\n\n\n\n<p><strong>2<\/strong><strong>.<\/strong> Msze \u015bw. w\ntygodniu&nbsp; o <strong>7<sup>30<\/sup><\/strong> i <strong>18<sup>00<\/sup><\/strong>.\n&nbsp;<\/p>\n\n\n\n<p><strong>3.<\/strong>\nCodziennie spowied\u017a i adoracja Naj\u015bwi\u0119tszego Sakramentu o godz. <strong>17<sup>00<\/sup>.<\/strong><\/p>\n\n\n\n<p><strong>4.<\/strong><strong> &nbsp;W tym tygodniu nabo\u017ce\u0144stwa: <\/strong><\/p>\n\n\n\n<p><strong>&#8211; w poniedzia\u0142ek &#8211; <\/strong>nabo\u017ce\u0144stwo<strong>\ndo Bo\u017cego Mi\u0142osierdzia <\/strong>o godz. <strong>17<sup>30<\/sup>. <\/strong><\/p>\n\n\n\n<p><strong>&#8211;<\/strong> <strong>w \u015brod\u0119<\/strong>\n&#8211; nabo\u017ce\u0144stwo Nowenna do NMP Nieustaj\u0105cej Pomocy o godz. <strong>17<sup>30<\/sup><\/strong>.<\/p>\n\n\n\n<p><strong>13\nlipca &#8211; <\/strong>nabo\u017ce\u0144stwo<strong><em> fatimskie po Mszy \u015bw.<\/em><\/strong> o\ngodz. <strong>18<sup>30<\/sup><\/strong><\/p>\n\n\n\n<p>&#8211;\n<strong>w sobot\u0119<\/strong> &#8211; nabo\u017ce\u0144stwo<strong><em> do \u015bw. Jana Paw\u0142a II o godz. <\/em><\/strong><strong>17<sup>30<\/sup> <\/strong><strong><\/strong><\/p>\n\n\n\n<p><strong>5<\/strong><strong>.<\/strong> <strong>&nbsp;<\/strong><a>W tym tygodniu obchodzimy:<\/a><strong><\/strong><\/p>\n\n\n\n<p>&#8211;\n<strong>w poniedzia\u0142ek<\/strong> \u2013 \u015bwi\u0119to\n\u015bw. Benedykta, opata, patrona Europy<\/p>\n\n\n\n<p>&#8211;\n<strong>we wtorek <\/strong>\u2013 wspomnienie \u015bw.\nBrunona Bonifacego z Kwerfurtu, biskupa i m\u0119czennika<\/p>\n\n\n\n<p>&#8211;\n<strong>w \u015brod\u0119<\/strong> \u2013 wspomnienie \u015bw.\npustelnik\u00f3w Andrzeja \u015awierada i Benedykta<\/p>\n\n\n\n<p>&#8211; <strong>w\npi\u0105tek<\/strong> \u2013 wspomnienie \u015bw. Bonawentury,\nbiskupa i doktora Ko\u015bcio\u0142a<\/p>\n\n\n\n<p>&#8211; <strong>w\nsobot\u0119<\/strong> \u2013 wspomnienie NMP z G\u00f3ry Karmel<\/p>\n\n\n\n<p><strong>6<\/strong><strong>. <\/strong>W przysz\u0142\u0105 niedziel\u0119\nb\u0119dziemy prze\u017cywa\u0107 <strong>16 Niedziel\u0119 zwyk\u0142\u0105<\/strong>. Msze \u015bw. wg porz\u0105dku wakacyjnego.<\/p>\n\n\n\n<p><strong>7<\/strong><strong>.<\/strong> Kancelaria\nczynna codziennie po Mszy \u015bw. wieczornej z wyj\u0105tkiem niedziel, uroczysto\u015bci i\n\u015bwi\u0105t.<\/p>\n\n\n\n<p><strong>8<\/strong><strong>.<\/strong> Do nabycia jest\nprasa katolicka: Niedziela, Go\u015b\u0107 Niedzielny i R\u00f3\u017caniec. <\/p>\n\n\n\n<p><strong>9<\/strong><strong>.<\/strong> Dzi\u0119kuj\u0119\nwszystkim, kt\u00f3rzy w tym tygodniu sprz\u0105tali \u015bwi\u0105tyni\u0119 i przygotowali j\u0105 na nasze\nspotkanie eucharystyczne.<\/p>\n\n\n\n<p><strong>10<\/strong><strong>.<\/strong> Serdeczne B\u00f3g\nzap\u0142a\u0107 za ofiary sk\u0142adane na remonty w naszej parafii. <\/p>\n\n\n\n<p><strong>11<\/strong><strong>.<\/strong> Intencje mszalne,\nobrazki.<\/p>\n\n\n\n<p><em>\u017byczymy mi\u0142ego tygodnia\ni obfitych \u0142ask Bo\u017cych.<\/em><\/p>\n","protected":false},"excerpt":{"rendered":"<p>1. Dzi\u015b prze\u017cywamy 15 Niedziel\u0119 zwyk\u0142\u0105. Msze \u015bw. wed\u0142ug porz\u0105dku wakacyjnego. 2. Msze \u015bw. w tygodniu&nbsp; o 730 i 1800. &nbsp; 3. Codziennie spowied\u017a i adoracja Naj\u015bwi\u0119tszego Sakramentu o godz. 1700. 4. &nbsp;W tym tygodniu nabo\u017ce\u0144stwa: &#8211; w poniedzia\u0142ek &#8211; nabo\u017ce\u0144stwo do Bo\u017cego Mi\u0142osierdzia o godz. 1730. &#8211; w \u015brod\u0119&#8230; <a class=\"continue-reading-link\" href=\"http:\/\/parafia.scinawa.info\/index.php\/2022\/07\/09\/ogloszenia-duszpasterskie-15-niedziela-zwykla-10-07-2022\/\">Czytaj dalej <span class=\"meta-nav\">&rarr; <\/span><\/a><\/p>\n","protected":false},"author":2,"featured_media":0,"comment_status":"closed","ping_status":"closed","sticky":false,"template":"","format":"standard","meta":{"footnotes":""},"categories":[40],"tags":[],"class_list":["post-2073","post","type-post","status-publish","format-standard","hentry","category-ogloszenia-duszpasterskie"],"_links":{"self":[{"href":"http:\/\/parafia.scinawa.info\/index.php\/wp-json\/wp\/v2\/posts\/2073","targetHints":{"allow":["GET"]}}],"collection":[{"href":"http:\/\/parafia.scinawa.info\/index.php\/wp-json\/wp\/v2\/posts"}],"about":[{"href":"http:\/\/parafia.scinawa.info\/index.php\/wp-json\/wp\/v2\/types\/post"}],"author":[{"embeddable":true,"href":"http:\/\/parafia.scinawa.info\/index.php\/wp-json\/wp\/v2\/users\/2"}],"replies":[{"embeddable":true,"href":"http:\/\/parafia.scinawa.info\/index.php\/wp-json\/wp\/v2\/comments?post=2073"}],"version-history":[{"count":1,"href":"http:\/\/parafia.scinawa.info\/index.php\/wp-json\/wp\/v2\/posts\/2073\/revisions"}],"predecessor-version":[{"id":2074,"href":"http:\/\/parafia.scinawa.info\/index.php\/wp-json\/wp\/v2\/posts\/2073\/revisions\/2074"}],"wp:attachment":[{"href":"http:\/\/parafia.scinawa.info\/index.php\/wp-json\/wp\/v2\/media?parent=2073"}],"wp:term":[{"taxonomy":"category","embeddable":true,"href":"http:\/\/parafia.scinawa.info\/index.php\/wp-json\/wp\/v2\/categories?post=2073"},{"taxonomy":"post_tag","embeddable":true,"href":"http:\/\/parafia.scinawa.info\/index.php\/wp-json\/wp\/v2\/tags?post=2073"}],"curies":[{"name":"wp","href":"https:\/\/api.w.org\/{rel}","templated":true}]}}