{"id":2076,"date":"2022-07-16T09:49:43","date_gmt":"2022-07-16T07:49:43","guid":{"rendered":"http:\/\/parafia.scinawa.info\/?p=2076"},"modified":"2022-07-16T09:55:15","modified_gmt":"2022-07-16T07:55:15","slug":"intencje-mszalne-17-07-24-07-2022","status":"publish","type":"post","link":"http:\/\/parafia.scinawa.info\/index.php\/2022\/07\/16\/intencje-mszalne-17-07-24-07-2022\/","title":{"rendered":"INTENCJE MSZALNE 17.07 \u2013 24.07. 2022"},"content":{"rendered":"\n<p><strong><em>Sk\u0142adaj\u0105c\nOfiar\u0119, kt\u00f3ra nam przypomina niezmierzon\u0105 mi\u0142o\u015b\u0107 Twojego Syna, pokornie prosimy\nCi\u0119, Bo\u017ce, przyjmij intencje Twoich wiernych i spraw przez dzia\u0142anie\nEucharystii, aby w naszych rodzinach wzrasta\u0142a prawdziwa wiara, \u015bwi\u0119to\u015b\u0107 \u017cycia,\nbraterska mi\u0142o\u015b\u0107 i duch modlitwy. <\/em><\/strong><strong>Niech\nMatka Naj\u015bwi\u0119tsza wyprosi \u0142aski, o kt\u00f3re modlili\u015bmy si\u0119 w tej Mszy \u015bw. dla \u2026\nZa\u015b zmar\u0142ym \u2026 za kt\u00f3rych odprawiali\u015bmy Msz\u0119 \u015bw.: wieczny odpoczynek racz im\nda\u0107 Panie (\u2026); niech odpoczywaj\u0105 w pokoju wiecznym. Amen<\/strong><\/p>\n\n\n\n<p><strong>17.07<em>. &#8211; NIEDZIELA&nbsp; <\/em><\/strong><em><\/em><\/p>\n\n\n\n<p><strong>8.oo\n\u2013 1) <\/strong>+ Maryl\u0119 Sta\u0144czyk z domu\nSzymczak w 3 rocz. \u015bm. oraz Kazimier\u0119 i J\u00f3zefa Szymczak\u00f3w \u00a0\u2013 modli si\u0119 rodzina<strong> <\/strong><\/p>\n\n\n\n<p><strong>&nbsp;&nbsp;&nbsp;&nbsp;&nbsp;&nbsp;&nbsp;&nbsp;&nbsp;&nbsp;&nbsp; &nbsp;\n2)<\/strong> + Henryka&nbsp;\nSalamona modl\u0105 si\u0119 koledzy i kole\u017canki z Incany<\/p>\n\n\n\n<p><strong>11.oo\n\u2013 1) <\/strong>+ Krzysztofa Lulka w 34\nrocz. \u015bm. \u2013 modl\u0105 si\u0119 rodzice z rodzin\u0105<\/p>\n\n\n\n<p><strong>&nbsp;&nbsp;&nbsp;&nbsp;&nbsp;&nbsp;&nbsp;&nbsp;&nbsp;&nbsp;&nbsp; &nbsp;\n2) <\/strong>+ Dariusza Krawczyka w 6 miesi\u0119cy\npo \u015bm. \u2013 modli si\u0119 ojciec z rodzin\u0105 <\/p>\n\n\n\n<p><strong>12.3o\n\u2013 1) <\/strong>w intencji Zbysia w 3\nrocz. urodzin, Kazia oraz Katarzyn\u0119 i Tomasza&nbsp;\nz rodziny Wajd\u00f3w <\/p>\n\n\n\n<p>&nbsp;&nbsp;&nbsp;&nbsp;&nbsp;&nbsp;&nbsp;&nbsp;&nbsp;&nbsp;&nbsp;&nbsp;&nbsp;&nbsp;&nbsp;&nbsp;&nbsp; dzi\u0119kczynna z\npro\u015bb\u0105 o zdrowie, dary Ducha \u015awi\u0119tego, Bo\u017ce b\u0142ogos\u0142awie\u0144stwo i opiek\u0119 NMP \u00a0\u2013 modl\u0105 si\u0119 rodzice i dziadkowie<\/p>\n\n\n\n<p><strong>\u00a0\u00a0\u00a0\u00a0\u00a0\u00a0\u00a0\u00a0\u00a0\u00a0\u00a0 \u00a0 2)<\/strong> + m\u0119\u017ca Mariana z racji jego ziemskich urodzin, ++ rodzic\u00f3w: Tekle i Jana, brata Stanis\u0142awa \u00a0 z rodziny Michalewicz\u00f3w oraz ++ dziadk\u00f3w: Rozali\u0119 i Antoniego, cioci\u0119 Ann\u0119, wujka Micha\u0142a i Miko\u0142aja z rodziny Fyszk\u00f3w \u2013 modli si\u0119 \u017cona z rodzin\u0105<\/p>\n\n\n\n<p><strong>18.oo\n\u2013 1) <\/strong>++ rodzic\u00f3w: Iren\u0119 i\nZbigniewa Jarosz\u00f3w \u2013 modl\u0105 si\u0119 dzieci i wnuki<strong>\n<\/strong><\/p>\n\n\n\n<p><strong>&nbsp;<\/strong>&nbsp;<strong>&nbsp;&nbsp;&nbsp;&nbsp;&nbsp;&nbsp;&nbsp;&nbsp;&nbsp; &nbsp;\n2)<\/strong> w 70 rocz. urodzin mamy\nIreny dzi\u0119kczynna z pro\u015bb\u0105 o zdrowie, dary Ducha \u015awi\u0119tego, Bo\u017ce\u00a0b\u0142ogos\u0142awie\u0144stwo i opiek\u0119 NMP \u2013 modli si\u0119 syn z rodzin\u0105<\/p>\n\n\n\n<p><strong>18.07<em>. \u2013 PONIEDZIA\u0141EK<\/em><\/strong><\/p>\n\n\n\n<p><strong>&nbsp; 7.3o \u2013<\/strong> + syna Miros\u0142awa oraz dusze w czy\u015b\u0107cu cierpi\u0105ce \u2013 modli si\u0119 mama<strong> <\/strong>&nbsp;<\/p>\n\n\n\n<p><strong>18.oo\n\u2013 <\/strong>+ Bogdana Uchro\u0144skiego z racji imienin \u2013 modl\u0105 si\u0119 s\u0105siedzi<\/p>\n\n\n\n<p><strong>19.07<em>. &#8211; WTOREK<\/em><\/strong><em><\/em><\/p>\n\n\n\n<p><strong>&nbsp; 7.3o \u2013<\/strong> ++ syna J\u00f3zefa Kaczmarka i mam\u0119 Wiktori\u0119 Kaczmarek \u2013 modli si\u0119 rodzina<\/p>\n\n\n\n<p><strong>18.oo\n\u2013 <\/strong>+ wnuka Bartka Weissa z racji 21 ziemskich urodzin \u2013\nmodli si\u0119 babcia z rodzin\u0105<\/p>\n\n\n\n<p><strong>20.07<em>. \u2013 \u015aRODA <\/em><\/strong><\/p>\n\n\n\n<p><strong>&nbsp; 7.3o \u2013 <\/strong>+ Jana Feliszka w 2 rocz. \u015bm., ++ rodzic\u00f3w z obu stron: Zofi\u0119 i\nAleksandra, Kamil\u0119 i Bronis\u0142awa \u00a0oraz ++ braci i siostry \u2013 modli si\u0119 \u017cona z rodzin\u0105<\/p>\n\n\n\n<p><strong>18.oo\n\u2013&nbsp; intencja zbiorowa nowennowa:<\/strong><\/p>\n\n\n\n<p><strong>&nbsp;1)<\/strong> w 10 rocz. \u015blubu\nKamili i Patryka Salamon\u00f3w dzi\u0119kczynna z\npro\u015bb\u0105 o zdrowie, dary Ducha \u015awi\u0119tego, \u00a0Bo\u017ce b\u0142ogos\u0142awie\u0144stwo i opiek\u0119 NMP \u2013 modli si\u0119 rodzina<\/p>\n\n\n\n<p><strong>2)<\/strong>\n+ Dorot\u0119 D\u017cugaj &#8211; 30 dzie\u0144 od pogrzebu &#8211; intencja od uczestnik\u00f3w Mszy pogrzebowej<\/p>\n\n\n\n<p><strong>3)<\/strong> + Henryka&nbsp; Salamona modl\u0105 si\u0119 koledzy i kole\u017canki z\nIncany<\/p>\n\n\n\n<p><strong>4)<\/strong> + El\u017cbiet\u0119 Kozio\u0142 \u2013 modl\u0105 si\u0119 koledzy Piotra z\npracy<\/p>\n\n\n\n<p><strong>5)<\/strong> + Mariann\u0119 Witasiak \u2013 modli si\u0119 rodzina ze \u015aremu<\/p>\n\n\n\n<p><strong>6)<\/strong> + tat\u0119 Czes\u0142awa Kasperowicza \u2013 modli si\u0119 rodzina<\/p>\n\n\n\n<p><strong>21.07<em>. \u2013 CZWARTEK <\/em><\/strong><em>&nbsp;<\/em><\/p>\n\n\n\n<p><strong>&nbsp; 7.3o \u2013<\/strong> ++ rodzic\u00f3w: Zofi\u0119 w 7\nrocz. \u015bm. i Jana \u2013 modli si\u0119 c\u00f3rka z rodzin\u0105 <\/p>\n\n\n\n<p><strong>18.oo\n\u2013 <\/strong>++ Czes\u0142aw\u0119, J\u00f3zefa, braci, bratowe i siostry z\nrodziny Machowiak\u00f3w oraz Alin\u0119 Kobel<\/p>\n\n\n\n<p><strong>22.07<em>. \u2013 PI\u0104TEK<\/em><\/strong><\/p>\n\n\n\n<p><strong>&nbsp; &nbsp;&nbsp;7.3o\n\u2013<\/strong>\n&nbsp;++ rodzic\u00f3w: Stanis\u0142aw\u0119 i Miko\u0142aja \u2013\nmodli si\u0119 syn z rodzin\u0105<\/p>\n\n\n\n<p><strong>18.oo\n\u2013 <\/strong>+ J\u00f3zefa Chlipa\u0142\u0119 w 13 rocz. \u015bm. oraz ++ z rodziny\nBaran\u00f3w i Babij\u00f3w \u2013 modli si\u0119 rodzina<strong>\n<\/strong><\/p>\n\n\n\n<p><strong><em>23.07. \u2013 SOBOTA<\/em><\/strong><\/p>\n\n\n\n<p><strong>&nbsp; 7.3o \u2013<\/strong> ++ z rodziny Warcho\u0142\u00f3w\ni Bilewicz\u00f3w: m\u0119\u017ca Romana, rodzic\u00f3w: Mari\u0119 i J\u00f3zefa, Eugeni\u0119 i Piotra\u00a0\u2013 modli si\u0119 \u017cona z rodzin\u0105<\/p>\n\n\n\n<p><strong>18.oo\n\u2013 <\/strong>+ Bogdana Uchro\u0144skiego \u2013 modli si\u0119 bratowa Bo\u017cena z\ndzie\u0107mi z Jaworowa <\/p>\n\n\n\n<p><strong><em>24.07. \u2013 NIEDZIELA&nbsp; <\/em><\/strong><\/p>\n\n\n\n<p><strong>&nbsp; 8.oo \u2013 1) <\/strong>+ Ilon\u0119 Koszty\u0142\u0119 &#8211; 30 dzie\u0144 od pogrzebu &#8211; intencja od uczestnik\u00f3w\nMszy pogrzebowej<\/p>\n\n\n\n<p><strong>&nbsp;&nbsp;&nbsp;&nbsp;&nbsp;&nbsp;&nbsp;&nbsp;&nbsp;&nbsp;&nbsp; &nbsp;\n2)<\/strong> ++ Zbigniewa, Andrzeja, Andrzeja i Kazimierza\nBudnych, Mariana, Natali\u0119, J\u00f3zefa, Klar\u0119 \u00a0i Jerzego Osak\u00f3w oraz Ludwika i Waleri\u0119 Grze\u017cukowskich<\/p>\n\n\n\n<p><strong>11.oo \u2013 1) <\/strong>o Bo\u017ce b\u0142ogos\u0142awie\u0144stwo, opiek\u0119 NMP i \u015bw. Patron\u00f3w dla c\u00f3rek, zi\u0119ci\u00f3w, wnuczek i wnuk\u00f3w<\/p>\n\n\n\n<p><strong>&nbsp;&nbsp;&nbsp;&nbsp;&nbsp;&nbsp;&nbsp;&nbsp;&nbsp;&nbsp;&nbsp; &nbsp;\n2) <\/strong>dzi\u0119kczynna za dar \u017cycia\nmamy z pro\u015bb\u0105 o zdrowie, Bo\u017ce b\u0142ogos\u0142awie\u0144stwo, opiek\u0119 NMP  \u2013 modli si\u0119 c\u00f3rka z rodzin\u0105 <\/p>\n\n\n\n<p><strong>12.3o\n\u2013 1)<\/strong> z racji urodzin i imienin Magdaleny i Jakuba <strong>&nbsp;<\/strong>dzi\u0119kczynna z pro\u015bb\u0105 o zdrowie, dary Ducha \u00a0\u015awi\u0119tego, Bo\u017ce b\u0142ogos\u0142awie\u0144stwo, opiek\u0119 NMP i \u015bw. Patron\u00f3w \u2013 modli si\u0119 rodzina<\/p>\n\n\n\n<p><strong>&nbsp;&nbsp;&nbsp;&nbsp;&nbsp;&nbsp;&nbsp;&nbsp;&nbsp;&nbsp;&nbsp; &nbsp;\n2)<\/strong> w 50 rocz. urodzin c\u00f3rki Izabeli Ksi\u0105\u017cek dzi\u0119kczynna z pro\u015bb\u0105 o zdrowie, dary Ducha \u00a0 \u015awi\u0119tego, Bo\u017ce b\u0142ogos\u0142awie\u0144stwo i opiek\u0119 NMP \u2013 modli si\u0119 mama i brat<\/p>\n\n\n\n<p><strong>18.oo\n\u2013 1) <\/strong>++ Aniel\u0119 w 1 rocz. \u015bm. i\nOktawiana oraz ++ dziadk\u00f3w z obu stron \u2013 modli si\u0119 rodzina<strong><\/strong><\/p>\n\n\n\n<p><strong>&nbsp;<\/strong>&nbsp;<strong>&nbsp;&nbsp;&nbsp;&nbsp;&nbsp;&nbsp;&nbsp;&nbsp;&nbsp; &nbsp;\n2)<\/strong> <strong>&nbsp;<\/strong>++ z rodziny Skrzyniarz\u00f3w: Kazimierza w 7\nrocz. \u015bm., Zdzis\u0142aw\u0119, rodzic\u00f3w: Zofi\u0119 i W\u0142adys\u0142awa\u00a0\u2013 modli si\u0119 Aniela z rodzin\u0105 <\/p>\n","protected":false},"excerpt":{"rendered":"<p>Sk\u0142adaj\u0105c Ofiar\u0119, kt\u00f3ra nam przypomina niezmierzon\u0105 mi\u0142o\u015b\u0107 Twojego Syna, pokornie prosimy Ci\u0119, Bo\u017ce, przyjmij intencje Twoich wiernych i spraw przez dzia\u0142anie Eucharystii, aby w naszych rodzinach wzrasta\u0142a prawdziwa wiara, \u015bwi\u0119to\u015b\u0107 \u017cycia, braterska mi\u0142o\u015b\u0107 i duch modlitwy. Niech Matka Naj\u015bwi\u0119tsza wyprosi \u0142aski, o kt\u00f3re modlili\u015bmy si\u0119 w tej Mszy \u015bw. dla&#8230; <a class=\"continue-reading-link\" href=\"http:\/\/parafia.scinawa.info\/index.php\/2022\/07\/16\/intencje-mszalne-17-07-24-07-2022\/\">Czytaj dalej <span class=\"meta-nav\">&rarr; <\/span><\/a><\/p>\n","protected":false},"author":2,"featured_media":0,"comment_status":"closed","ping_status":"closed","sticky":false,"template":"","format":"standard","meta":{"footnotes":""},"categories":[39],"tags":[],"class_list":["post-2076","post","type-post","status-publish","format-standard","hentry","category-intencje"],"_links":{"self":[{"href":"http:\/\/parafia.scinawa.info\/index.php\/wp-json\/wp\/v2\/posts\/2076","targetHints":{"allow":["GET"]}}],"collection":[{"href":"http:\/\/parafia.scinawa.info\/index.php\/wp-json\/wp\/v2\/posts"}],"about":[{"href":"http:\/\/parafia.scinawa.info\/index.php\/wp-json\/wp\/v2\/types\/post"}],"author":[{"embeddable":true,"href":"http:\/\/parafia.scinawa.info\/index.php\/wp-json\/wp\/v2\/users\/2"}],"replies":[{"embeddable":true,"href":"http:\/\/parafia.scinawa.info\/index.php\/wp-json\/wp\/v2\/comments?post=2076"}],"version-history":[{"count":2,"href":"http:\/\/parafia.scinawa.info\/index.php\/wp-json\/wp\/v2\/posts\/2076\/revisions"}],"predecessor-version":[{"id":2078,"href":"http:\/\/parafia.scinawa.info\/index.php\/wp-json\/wp\/v2\/posts\/2076\/revisions\/2078"}],"wp:attachment":[{"href":"http:\/\/parafia.scinawa.info\/index.php\/wp-json\/wp\/v2\/media?parent=2076"}],"wp:term":[{"taxonomy":"category","embeddable":true,"href":"http:\/\/parafia.scinawa.info\/index.php\/wp-json\/wp\/v2\/categories?post=2076"},{"taxonomy":"post_tag","embeddable":true,"href":"http:\/\/parafia.scinawa.info\/index.php\/wp-json\/wp\/v2\/tags?post=2076"}],"curies":[{"name":"wp","href":"https:\/\/api.w.org\/{rel}","templated":true}]}}