{"id":2083,"date":"2022-07-23T11:09:59","date_gmt":"2022-07-23T09:09:59","guid":{"rendered":"http:\/\/parafia.scinawa.info\/?p=2083"},"modified":"2022-07-23T11:13:24","modified_gmt":"2022-07-23T09:13:24","slug":"intencje-mszalne-24-07-31-07-2022","status":"publish","type":"post","link":"http:\/\/parafia.scinawa.info\/index.php\/2022\/07\/23\/intencje-mszalne-24-07-31-07-2022\/","title":{"rendered":"INTENCJE MSZALNE 24.07. \u2013 31.07. 2022"},"content":{"rendered":"\n<p><strong><em>Sk\u0142adaj\u0105c\nOfiar\u0119, kt\u00f3ra nam przypomina niezmierzon\u0105 mi\u0142o\u015b\u0107 Twojego Syna, pokornie prosimy\nCi\u0119, Bo\u017ce, przyjmij intencje Twoich wiernych i spraw przez dzia\u0142anie\nEucharystii, aby w naszych rodzinach wzrasta\u0142a prawdziwa wiara, \u015bwi\u0119to\u015b\u0107 \u017cycia,\nbraterska mi\u0142o\u015b\u0107 i duch modlitwy. <\/em><\/strong><strong>Niech\nMatka Naj\u015bwi\u0119tsza wyprosi \u0142aski, o kt\u00f3re modlili\u015bmy si\u0119 w tej Mszy \u015bw. dla \u2026\nZa\u015b zmar\u0142ym \u2026 za kt\u00f3rych odprawiali\u015bmy Msz\u0119 \u015bw.: wieczny odpoczynek racz im\nda\u0107 Panie (\u2026); niech odpoczywaj\u0105 w pokoju wiecznym. Amen<\/strong><\/p>\n\n\n\n<p><strong>24.07<em>. &#8211; NIEDZIELA&nbsp; <\/em><\/strong><em><\/em><\/p>\n\n\n\n<p><strong>&nbsp; 8.oo \u2013 1) <\/strong>+ Ilon\u0119 Koszty\u0142\u0119 &#8211; 30 dzie\u0144 od pogrzebu &#8211; intencja od uczestnik\u00f3w\nMszy pogrzebowej<\/p>\n\n\n\n<p><strong>&nbsp;&nbsp;&nbsp;&nbsp;&nbsp;&nbsp;&nbsp;&nbsp;&nbsp;&nbsp;&nbsp; &nbsp;\n2)<\/strong> ++ Zbigniewa, Andrzeja, Andrzeja i Kazimierza\nBudnych, Mariana, Natali\u0119, J\u00f3zefa, Klar\u0119  i Jerzego Osak\u00f3w oraz Ludwika i Waleri\u0119 Grze\u017cukowskich<\/p>\n\n\n\n<p><strong>11.oo\n\u2013 1) <\/strong>o Bo\u017ce b\u0142ogos\u0142awie\u0144stwo,\nopiek\u0119 NMP i \u015bw. Patron\u00f3w dla c\u00f3rek, zi\u0119ci\u00f3w, wnuczek i wnuk\u00f3w<\/p>\n\n\n\n<p><strong>&nbsp;&nbsp;&nbsp;&nbsp;&nbsp;&nbsp;&nbsp;&nbsp;&nbsp;&nbsp;&nbsp; &nbsp;\n2) <\/strong>dzi\u0119kczynna za dar \u017cycia\nmamy z pro\u015bb\u0105 o zdrowie, Bo\u017ce b\u0142ogos\u0142awie\u0144stwo, opiek\u0119 NMP \u2013 modli si\u0119 c\u00f3rka z rodzin\u0105 <\/p>\n\n\n\n<p><strong>12.3o\n\u2013 1)<\/strong> z racji urodzin i imienin Magdaleny i Jakuba <strong>&nbsp;<\/strong>dzi\u0119kczynna z pro\u015bb\u0105 o zdrowie, dary Ducha \u00a0\u015awi\u0119tego, Bo\u017ce b\u0142ogos\u0142awie\u0144stwo, opiek\u0119 NMP i \u015bw. Patron\u00f3w \u2013 modli si\u0119 rodzina<\/p>\n\n\n\n<p><strong>&nbsp;&nbsp;&nbsp;&nbsp;&nbsp;&nbsp;&nbsp;&nbsp;&nbsp;&nbsp;&nbsp; &nbsp;\n2)<\/strong> <\/p>\n\n\n\n<p><strong>18.oo\n\u2013 1) <\/strong>++ Aniel\u0119 w 1 rocz. \u015bm. i\nOktawiana oraz ++ dziadk\u00f3w z obu stron \u2013 modli si\u0119 rodzina<strong><\/strong><\/p>\n\n\n\n<p><strong>&nbsp;<\/strong>&nbsp;<strong>&nbsp;&nbsp;&nbsp;&nbsp;&nbsp;&nbsp;&nbsp;&nbsp;&nbsp; &nbsp;\n2)<\/strong> <strong>&nbsp;<\/strong>++ z rodziny Skrzyniarz\u00f3w: Kazimierza w 7\nrocz. \u015bm., Zdzis\u0142aw\u0119, rodzic\u00f3w: Zofi\u0119 i W\u0142adys\u0142awa\u00a0\u2013 modli si\u0119 Aniela z rodzin\u0105<strong>\u00a0 \u00a0<\/strong><\/p>\n\n\n\n<p><strong>25.07<em>. \u2013 PONIEDZIA\u0141EK<\/em><\/strong><\/p>\n\n\n\n<p><strong>&nbsp; 7.3o \u2013 <\/strong>&nbsp;++ brata Sylwestra, te\u015bcia Jana, te\u015bciow\u0105 Rozali\u0119\noraz dusze w czy\u015b\u0107cu cierpi\u0105ce \u2013 modli si\u0119\u00a0rodzina<\/p>\n\n\n\n<p><strong>18.oo\n\u2013 <\/strong>w 18 rocz. urodzin Natalii Godziny dzi\u0119kczynna z\npro\u015bb\u0105 o zdrowie, dary Ducha \u015awi\u0119tego, Bo\u017ce  b\u0142ogos\u0142awie\u0144stwo, opiek\u0119 NMP i \u015bw. Patron\u00f3w \u2013 modl\u0105 si\u0119 rodzice i rodze\u0144stwo<\/p>\n\n\n\n<p><strong>26.07<em>. &#8211; WTOREK<\/em><\/strong><em><\/em><\/p>\n\n\n\n<p><strong>&nbsp; 7.3o \u2013<\/strong> ++ rodzic\u00f3w: Ann\u0119 i J\u00f3zefa S\u0142owi\u0144skich, Stanis\u0142aw\u0119 i Wawrzy\u0144ca Genderk\u00f3w,\nsiostr\u0119 Iren\u0119 i jej\u00a0m\u0119\u017ca Zbigniewa, brata W\u0142odzimierza, siostr\u0119 Ann\u0119 oraz Dariusza Harasima \u2013 modli si\u0119 rodzina<\/p>\n\n\n\n<p><strong>18.oo\n\u2013 <\/strong>zaj. P. Szeliga<\/p>\n\n\n\n<p><strong>27.07<em>. \u2013 \u015aRODA <\/em><\/strong><\/p>\n\n\n\n<p><strong>&nbsp; 7.3o \u2013 <\/strong>+ Piotra w dniu urodzin<\/p>\n\n\n\n<p><strong>18.oo\n\u2013&nbsp; intencja zbiorowa nowennowa:<\/strong><\/p>\n\n\n\n<p><strong>&nbsp;1)<\/strong> w intencji siostry\nAncilii o zdrowie, Bo\u017ce&nbsp; b\u0142ogos\u0142awie\u0144stwo\ni opiek\u0119 NMP \u2013 modli si\u0119 Hania<\/p>\n\n\n\n<p><strong>&nbsp;2)<\/strong> <\/p>\n\n\n\n<p><strong>&nbsp;3)<\/strong><\/p>\n\n\n\n<p><strong>&nbsp;4)<\/strong><\/p>\n\n\n\n<p><strong>28.07<em>. \u2013 CZWARTEK <\/em><\/strong><em>&nbsp;<\/em><\/p>\n\n\n\n<p><strong>&nbsp; 7.3o \u2013<\/strong> &nbsp;<\/p>\n\n\n\n<p><strong>18.oo\n\u2013 <\/strong>+ Stanis\u0142awa Bochenka oraz += z rodziny Bochenk\u00f3w \u2013\nmodli si\u0119 rodzina \u015awi\u0119talskich <\/p>\n\n\n\n<p>&nbsp;&nbsp;&nbsp;&nbsp;&nbsp;&nbsp;&nbsp;&nbsp;&nbsp;&nbsp;&nbsp;&nbsp;&nbsp; i Rogalskich<\/p>\n\n\n\n<p><strong>29.07<em>. \u2013 PI\u0104TEK<\/em><\/strong><\/p>\n\n\n\n<p><strong>&nbsp; 7.3o \u2013<\/strong> &nbsp;++ siostr\u0119 Antonin\u0119 w 9 rocz. \u015bm., jej m\u0119\u017ca\nSzymona, rodzic\u00f3w: Jadwig\u0119 i Romana,  rodze\u0144stwo z rodziny Szrajnert\u00f3w i Ka\u0142\u00f3w \u2013 modli si\u0119 rodzina<\/p>\n\n\n\n<p><strong>18.oo\n\u2013 <\/strong>+ Ludwik\u0119 Szmigielsk\u0105 \u2013 modli si\u0119 rodzina<\/p>\n\n\n\n<p><strong><em>30.07. \u2013 SOBOTA<\/em><\/strong><\/p>\n\n\n\n<p><strong>&nbsp; 7.3o \u2013<\/strong> + Genowef\u0119 Jagie\u0142\u0142o w\n1 rocz. \u015bm. <\/p>\n\n\n\n<p><strong>18.oo\n\u2013 1) <\/strong>w 1 rocz. urodzin Antosia dzi\u0119kczynna\nz pro\u015bb\u0105 o zdrowie, dary Ducha \u015awi\u0119tego, Bo\u017ce \u00a0b\u0142ogos\u0142awie\u0144stwo, opiek\u0119 NMP i \u015bw. Patron\u00f3w \u2013 modli si\u0119 dziadek <\/p>\n\n\n\n<p><strong>&nbsp;&nbsp;&nbsp;&nbsp;&nbsp;&nbsp;&nbsp;&nbsp;&nbsp;&nbsp;&nbsp; &nbsp;\n2)<\/strong> ++ Mari\u0119, J\u00f3zefa, Ryszarda, Iren\u0119, Jakuba i\nKatarzyn\u0119 Czech\u00f3w, Wawrzy\u0144ca i Mari\u0119 Ha\u0142ub\u00f3w <\/p>\n\n\n\n<p>\u00a0 Franciszk\u0119 i J\u00f3zefa, W\u0142adys\u0142awa, Janusza, Zygmunta, Henryka i Bogdana Pyzi\u00f3w, Kazimier\u0119,\u00a0J\u00f3zefa, Franciszka i Mari\u0119 Jastrz\u0119bskich, Janin\u0119 i W\u0142adys\u0142awa Lask\u00f3w, Teodozje Buczek,  Andrzeja Czerwi\u0144skiego, Jadwig\u0119 i Bogdana Sakowskich oraz Edwarda Linkiewicza <\/p>\n\n\n\n<p><strong><em>31.07. \u2013 NIEDZIELA&nbsp; <\/em><\/strong><\/p>\n\n\n\n<p><strong>&nbsp; 8.oo \u2013 <\/strong>++ El\u017cbiet\u0119 Kowaliszyn w 7 rocz. \u015bm. oraz Ann\u0119 \u017bwir w 4 rocz. \u015bm. \u2013 modli\nsi\u0119 rodzina<\/p>\n\n\n\n<p><strong>11.oo\n\u2013 <\/strong>w 25 rocz. urodzin syna Rados\u0142awa dzi\u0119kczynna z\npro\u015bb\u0105 o zdrowie, dary Ducha \u015awi\u0119tego, Bo\u017ce \u00a0\u00a0b\u0142ogos\u0142awie\u0144stwo, opiek\u0119 NMP i \u015bw. Patron\u00f3w \u2013 modl\u0105 si\u0119 rodzice z siostr\u0105<\/p>\n\n\n\n<p><strong>12.3o\n\u2013 <\/strong>zaj. P. Kuszyk<\/p>\n\n\n\n<p><strong>&nbsp;&nbsp;&nbsp;&nbsp;&nbsp;&nbsp;&nbsp;&nbsp;&nbsp;&nbsp;&nbsp;&nbsp;&nbsp;&nbsp;&nbsp;&nbsp;&nbsp;&nbsp;&nbsp;&nbsp;&nbsp;&nbsp;&nbsp; Chrzty po Mszy: Aaron\nFrankie Lavelle, Weronika Korczak<\/strong><\/p>\n\n\n\n<p><strong>18.oo\n\u2013 <\/strong>+ m\u0119\u017ca J\u00f3zefa Krasa w 25 rocz. \u015bm. \u2013 modli si\u0119 \u017cona\nz rodzin\u0105<strong> <\/strong>&nbsp;<\/p>\n","protected":false},"excerpt":{"rendered":"<p>Sk\u0142adaj\u0105c Ofiar\u0119, kt\u00f3ra nam przypomina niezmierzon\u0105 mi\u0142o\u015b\u0107 Twojego Syna, pokornie prosimy Ci\u0119, Bo\u017ce, przyjmij intencje Twoich wiernych i spraw przez dzia\u0142anie Eucharystii, aby w naszych rodzinach wzrasta\u0142a prawdziwa wiara, \u015bwi\u0119to\u015b\u0107 \u017cycia, braterska mi\u0142o\u015b\u0107 i duch modlitwy. Niech Matka Naj\u015bwi\u0119tsza wyprosi \u0142aski, o kt\u00f3re modlili\u015bmy si\u0119 w tej Mszy \u015bw. dla&#8230; <a class=\"continue-reading-link\" href=\"http:\/\/parafia.scinawa.info\/index.php\/2022\/07\/23\/intencje-mszalne-24-07-31-07-2022\/\">Czytaj dalej <span class=\"meta-nav\">&rarr; <\/span><\/a><\/p>\n","protected":false},"author":2,"featured_media":0,"comment_status":"closed","ping_status":"closed","sticky":false,"template":"","format":"standard","meta":{"footnotes":""},"categories":[39],"tags":[],"class_list":["post-2083","post","type-post","status-publish","format-standard","hentry","category-intencje"],"_links":{"self":[{"href":"http:\/\/parafia.scinawa.info\/index.php\/wp-json\/wp\/v2\/posts\/2083","targetHints":{"allow":["GET"]}}],"collection":[{"href":"http:\/\/parafia.scinawa.info\/index.php\/wp-json\/wp\/v2\/posts"}],"about":[{"href":"http:\/\/parafia.scinawa.info\/index.php\/wp-json\/wp\/v2\/types\/post"}],"author":[{"embeddable":true,"href":"http:\/\/parafia.scinawa.info\/index.php\/wp-json\/wp\/v2\/users\/2"}],"replies":[{"embeddable":true,"href":"http:\/\/parafia.scinawa.info\/index.php\/wp-json\/wp\/v2\/comments?post=2083"}],"version-history":[{"count":2,"href":"http:\/\/parafia.scinawa.info\/index.php\/wp-json\/wp\/v2\/posts\/2083\/revisions"}],"predecessor-version":[{"id":2085,"href":"http:\/\/parafia.scinawa.info\/index.php\/wp-json\/wp\/v2\/posts\/2083\/revisions\/2085"}],"wp:attachment":[{"href":"http:\/\/parafia.scinawa.info\/index.php\/wp-json\/wp\/v2\/media?parent=2083"}],"wp:term":[{"taxonomy":"category","embeddable":true,"href":"http:\/\/parafia.scinawa.info\/index.php\/wp-json\/wp\/v2\/categories?post=2083"},{"taxonomy":"post_tag","embeddable":true,"href":"http:\/\/parafia.scinawa.info\/index.php\/wp-json\/wp\/v2\/tags?post=2083"}],"curies":[{"name":"wp","href":"https:\/\/api.w.org\/{rel}","templated":true}]}}