{"id":2090,"date":"2022-07-23T15:15:20","date_gmt":"2022-07-23T13:15:20","guid":{"rendered":"http:\/\/parafia.scinawa.info\/?p=2090"},"modified":"2022-07-23T15:15:40","modified_gmt":"2022-07-23T13:15:40","slug":"ogloszenia-duszpasterskie-19-niedziela-zwykla-07-08-2022","status":"publish","type":"post","link":"http:\/\/parafia.scinawa.info\/index.php\/2022\/07\/23\/ogloszenia-duszpasterskie-19-niedziela-zwykla-07-08-2022\/","title":{"rendered":"Og\u0142oszenia duszpasterskie   19 Niedziela zwyk\u0142a \u2013 07.08. 2022"},"content":{"rendered":"\n<p><strong>1<\/strong><strong>.<\/strong>\nDzi\u015b prze\u017cywamy <strong>19 Niedziel\u0119 zwyk\u0142\u0105<\/strong>.\nMsze \u015bw. wed\u0142ug porz\u0105dku\nwakacyjnego. <a>Zmiana\ntajemnic \u017bywego R\u00f3\u017ca\u0144ca o <strong>10<sup>30<\/sup>.<\/strong><\/a><strong><\/strong><\/p>\n\n\n\n<p><strong>2<\/strong><strong>.<\/strong>\nMsze \u015bw. w tygodniu&nbsp; o <strong>7<sup>30<\/sup><\/strong>\ni <strong>18<sup>00<\/sup><\/strong>. &nbsp;<\/p>\n\n\n\n<p><strong>3.<\/strong>\nCodziennie spowied\u017a i adoracja Naj\u015bwi\u0119tszego Sakramentu o godz. <strong>17<sup>00<\/sup>.<\/strong><\/p>\n\n\n\n<p><strong>4. <\/strong><strong>W tym tygodniu nabo\u017ce\u0144stwa:\n<\/strong><\/p>\n\n\n\n<p><strong>&#8211; w poniedzia\u0142ek\n&#8211; <\/strong>nabo\u017ce\u0144stwo<strong> do Bo\u017cego Mi\u0142osierdzia\n<\/strong>o godz. <strong>17<sup>30<\/sup>.\n<\/strong><\/p>\n\n\n\n<p><strong>&#8211;<\/strong>\n<strong>w \u015brod\u0119<\/strong> &#8211; Nowenna do NMP Nieustaj\u0105cej Pomocy o godz. <strong>17<sup>30<\/sup><\/strong>.<\/p>\n\n\n\n<p><strong>&#8211; w sobot\u0119 13 sierpnia\n&#8211; <\/strong>nabo\u017ce\u0144stwo<strong><em> fatimskie po Mszy \u015bw.<\/em><\/strong>\no godz. <strong>18<sup>30<\/sup><\/strong><\/p>\n\n\n\n<p><strong>5<\/strong><strong>.<\/strong> <strong>&nbsp;<\/strong>W tym tygodniu obchodzimy:<\/p>\n\n\n\n<p>&#8211; <strong>w poniedzia\u0142ek<\/strong>&nbsp; \u2013 wspomnienie \u015bw. Dominika, prezbitera<\/p>\n\n\n\n<p>&#8211; <strong>we wtorek<\/strong>&nbsp;\n\u2013 \u015bwi\u0119to \u015bw. Teresy Benedykty od Krzy\u017ca, dziewicy i m\u0119czennicy, Patronki\nEuropy<\/p>\n\n\n\n<p>&#8211; <a><strong>w \u015brod\u0119<\/strong> <\/a>\u2013 \u015bwi\u0119to\n\u015bw. Wawrzy\u0144ca, diakona i m\u0119czennika<strong><\/strong><\/p>\n\n\n\n<p>&#8211; <strong>w czwartek<\/strong>&nbsp;\n\u2013 wspomnienie \u015bw. Klary, dziewicy<\/p>\n\n\n\n<p><strong>6<\/strong><strong>. <\/strong>W przysz\u0142\u0105 niedziel\u0119 b\u0119dziemy\nprze\u017cywa\u0107<strong> 20 Niedziel\u0119 zwyk\u0142\u0105<\/strong>. Msze\n\u015bw. wed\u0142ug porz\u0105dku wakacyjnego. <\/p>\n\n\n\n<p><strong>7<\/strong><strong>.<\/strong>\nKancelaria czynna codziennie po Mszy \u015bw. wieczornej z wyj\u0105tkiem niedziel,\nuroczysto\u015bci i \u015bwi\u0105t.<\/p>\n\n\n\n<p><strong>8<\/strong><strong>.<\/strong>\nDo nabycia jest prasa katolicka: Niedziela, Go\u015b\u0107 Niedzielny i R\u00f3\u017caniec. <\/p>\n\n\n\n<p><strong>9<\/strong><strong>.<\/strong>\nDzi\u0119kuj\u0119 wszystkim, kt\u00f3rzy w tym tygodniu sprz\u0105tali \u015bwi\u0105tyni\u0119 i przygotowali j\u0105\nna nasze spotkanie eucharystyczne.<\/p>\n\n\n\n<p><strong>10<\/strong><strong>.<\/strong>\nSerdeczne B\u00f3g zap\u0142a\u0107 za ofiary sk\u0142adane na remonty w naszej parafii. <\/p>\n\n\n\n<p><strong>11.<\/strong> Intencje mszalne, obrazki \u2013 pami\u0105tki odprawionej Mszy \u015bw.<\/p>\n\n\n\n<p><em>\u017byczymy mi\u0142ego tygodnia i obfitych \u0142ask Bo\u017cych.<\/em><\/p>\n","protected":false},"excerpt":{"rendered":"<p>1. Dzi\u015b prze\u017cywamy 19 Niedziel\u0119 zwyk\u0142\u0105. Msze \u015bw. wed\u0142ug porz\u0105dku wakacyjnego. Zmiana tajemnic \u017bywego R\u00f3\u017ca\u0144ca o 1030. 2. Msze \u015bw. w tygodniu&nbsp; o 730 i 1800. &nbsp; 3. Codziennie spowied\u017a i adoracja Naj\u015bwi\u0119tszego Sakramentu o godz. 1700. 4. W tym tygodniu nabo\u017ce\u0144stwa: &#8211; w poniedzia\u0142ek &#8211; nabo\u017ce\u0144stwo do Bo\u017cego Mi\u0142osierdzia&#8230; <a class=\"continue-reading-link\" href=\"http:\/\/parafia.scinawa.info\/index.php\/2022\/07\/23\/ogloszenia-duszpasterskie-19-niedziela-zwykla-07-08-2022\/\">Czytaj dalej <span class=\"meta-nav\">&rarr; <\/span><\/a><\/p>\n","protected":false},"author":2,"featured_media":0,"comment_status":"closed","ping_status":"closed","sticky":false,"template":"","format":"standard","meta":{"footnotes":""},"categories":[40],"tags":[],"class_list":["post-2090","post","type-post","status-publish","format-standard","hentry","category-ogloszenia-duszpasterskie"],"_links":{"self":[{"href":"http:\/\/parafia.scinawa.info\/index.php\/wp-json\/wp\/v2\/posts\/2090","targetHints":{"allow":["GET"]}}],"collection":[{"href":"http:\/\/parafia.scinawa.info\/index.php\/wp-json\/wp\/v2\/posts"}],"about":[{"href":"http:\/\/parafia.scinawa.info\/index.php\/wp-json\/wp\/v2\/types\/post"}],"author":[{"embeddable":true,"href":"http:\/\/parafia.scinawa.info\/index.php\/wp-json\/wp\/v2\/users\/2"}],"replies":[{"embeddable":true,"href":"http:\/\/parafia.scinawa.info\/index.php\/wp-json\/wp\/v2\/comments?post=2090"}],"version-history":[{"count":2,"href":"http:\/\/parafia.scinawa.info\/index.php\/wp-json\/wp\/v2\/posts\/2090\/revisions"}],"predecessor-version":[{"id":2092,"href":"http:\/\/parafia.scinawa.info\/index.php\/wp-json\/wp\/v2\/posts\/2090\/revisions\/2092"}],"wp:attachment":[{"href":"http:\/\/parafia.scinawa.info\/index.php\/wp-json\/wp\/v2\/media?parent=2090"}],"wp:term":[{"taxonomy":"category","embeddable":true,"href":"http:\/\/parafia.scinawa.info\/index.php\/wp-json\/wp\/v2\/categories?post=2090"},{"taxonomy":"post_tag","embeddable":true,"href":"http:\/\/parafia.scinawa.info\/index.php\/wp-json\/wp\/v2\/tags?post=2090"}],"curies":[{"name":"wp","href":"https:\/\/api.w.org\/{rel}","templated":true}]}}