{"id":2097,"date":"2022-08-06T13:14:58","date_gmt":"2022-08-06T11:14:58","guid":{"rendered":"http:\/\/parafia.scinawa.info\/?p=2097"},"modified":"2022-08-06T13:23:55","modified_gmt":"2022-08-06T11:23:55","slug":"intencje-mszalne-07-08-14-08-2022","status":"publish","type":"post","link":"http:\/\/parafia.scinawa.info\/index.php\/2022\/08\/06\/intencje-mszalne-07-08-14-08-2022\/","title":{"rendered":"INTENCJE MSZALNE 07.08 \u2013 14.08. 2022"},"content":{"rendered":"\n<p><strong><em>Sk\u0142adaj\u0105c Ofiar\u0119, kt\u00f3ra\nnam przypomina niezmierzon\u0105 mi\u0142o\u015b\u0107 Twojego Syna, pokornie prosimy Ci\u0119, Bo\u017ce,\nprzyjmij intencje Twoich wiernych i spraw przez dzia\u0142anie Eucharystii, aby w\nnaszych rodzinach wzrasta\u0142a prawdziwa wiara, \u015bwi\u0119to\u015b\u0107 \u017cycia, braterska mi\u0142o\u015b\u0107 i\nduch modlitwy. <\/em><\/strong><strong>Niech\nMatka Naj\u015bwi\u0119tsza wyprosi \u0142aski, o kt\u00f3re modlili\u015bmy si\u0119 w tej Mszy \u015bw. dla \u2026\nZa\u015b zmar\u0142ym \u2026 za kt\u00f3rych odprawiali\u015bmy Msz\u0119 \u015bw.: wieczny odpoczynek racz im\nda\u0107 Panie (\u2026); niech odpoczywaj\u0105 w pokoju wiecznym. Amen<\/strong><\/p>\n\n\n\n<p><strong>07.08<em>. &#8211; NIEDZIELA&nbsp; <\/em><\/strong><em><\/em><\/p>\n\n\n\n<p><strong>&nbsp;8.oo \u2013 1)<\/strong> ++ Barbar\u0119\nK\u0105sek w 9 rocz. \u015bm., Henryka Chomicza i Stanis\u0142aw\u0119 Le\u0144czuk oraz Janin\u0119 Janson \u00a0\u2013 modli si\u0119 rodzina\u00a0<\/p>\n\n\n\n<p><strong>&nbsp;&nbsp;&nbsp;&nbsp;&nbsp;&nbsp;&nbsp;&nbsp;&nbsp;&nbsp;&nbsp; &nbsp;\n2) <\/strong>++ rodzic\u00f3w z obu stron:\nLudwika i Waleri\u0119 Mrozk\u00f3w, J\u00f3zefa i Wiktori\u0119 Sielewicz\u00f3w \u00a0 oraz ++ z rodziny Godzin\u00f3w<\/p>\n\n\n\n<p><strong>11.oo\n\u2013 1) <\/strong>W intencji Edyty i Damiana\nPytlarz\u00f3w w 21 rocz. \u015blubu oraz ich dzieci: Matusza, Katarzyny \u00a0i Micha\u0142a z pro\u015bb\u0105 o zdrowie Bo\u017ce b\u0142ogos\u0142awie\u0144stwo i opiek\u0119 NMP- modli si\u0119 rodzina <\/p>\n\n\n\n<p><strong>&nbsp;&nbsp;&nbsp;&nbsp;&nbsp;&nbsp;&nbsp;&nbsp;&nbsp;&nbsp;&nbsp; &nbsp;\n2) <\/strong>W intencji siostry\nKornelii i siostry Ludmi\u0142y dzi\u0119kczynna z pro\u015bb\u0105 o zdrowie, dary Ducha \u00a0\u015awi\u0119tego, Bo\u017ce b\u0142ogos\u0142awie\u0144stwo, opiek\u0119 NMP i \u015bw. Jadwigi na ka\u017cdy dzie\u0144 \u017cycia <\/p>\n\n\n\n<p><strong>12.3o\n\u2013 1) <\/strong>W intencji Natalii i\nMicha\u0142a w 1 rocz. \u015blubu z pro\u015bb\u0105 o zdrowie Bo\u017ce b\u0142ogos\u0142awie\u0144stwo i opiek\u0119 \u00a0NMP dla nich i ich c\u00f3reczki Zuzi na dalsze lata \u017cycia &#8211; modl\u0105 si\u0119 rodzice <\/p>\n\n\n\n<p><strong>&nbsp;&nbsp;&nbsp;&nbsp;&nbsp;&nbsp;&nbsp;&nbsp;&nbsp;&nbsp;&nbsp; &nbsp;\n2)<\/strong> ++ m\u0119\u017ca Paw\u0142a Spiaka i\njego brata Piotra oraz ++ rodzic\u00f3w z obu stron: Janin\u0119 i Kazimierza,\u00a0Katarzyn\u0119 i Miko\u0142aja<\/p>\n\n\n\n<p><strong>18.oo\n\u2013 <\/strong>++ Piotra i Paw\u0142a Zdobylak\u00f3w w 9 rocz. \u015bm. \u2013 modli si\u0119\nrodzina\n<\/p>\n\n\n\n<p><strong>08.08<em>. \u2013 PONIEDZIA\u0141EK<\/em><\/strong><\/p>\n\n\n\n<p><strong>&nbsp; 7.3o \u2013 <\/strong>+ Ryszarda Olka \u2013 modli si\u0119 rodzina Cirog\u00f3w i Wdowiak\u00f3w z Jordanowa\n\u015al\u0105skiego &nbsp;<\/p>\n\n\n\n<p><strong>18.oo\n\u2013 <\/strong>+ J\u00f3zef\u0119 Rajchelt &#8211; 30 dzie\u0144 od pogrzebu\n&#8211; intencja od uczestnik\u00f3w Mszy pogrzebowej<\/p>\n\n\n\n<p><strong>09.08<em>. &#8211; WTOREK<\/em><\/strong><em><\/em><\/p>\n\n\n\n<p><strong>&nbsp; 7.3o \u2013<\/strong> + brata Andrzeja oraz ++ rodzic\u00f3w: Marie i Adama Rogalskich \u2013 modli si\u0119 siostra\nz rodzin\u0105<\/p>\n\n\n\n<p><strong>18.oo\n\u2013 <\/strong>+ Mariann\u0119 Witasiak &#8211; 30 dzie\u0144 od pogrzebu\n&#8211; intencja od uczestnik\u00f3w Mszy pogrzebowej<\/p>\n\n\n\n<p><strong>10.08<em>. \u2013 \u015aRODA <\/em><\/strong><\/p>\n\n\n\n<p><strong>\u00a0 7.3o \u2013 <\/strong>w 35 rocz. urodzin Kamili dzi\u0119kczynna z pro\u015bb\u0105 o zdrowie, dary Ducha \u015awi\u0119tego, Bo\u017ce b\u0142ogos\u0142awie\u0144stwo, opiek\u0119 NMP i \u015bw. Patron\u00f3w \u2013 modl\u0105 si\u0119 rodzice<\/p>\n\n\n\n<p><strong>18.oo\n\u2013&nbsp; intencja zbiorowa nowennowa:<\/strong><\/p>\n\n\n\n<p><strong>&nbsp;1)<\/strong> + El\u017cbiet\u0119 Kozio\u0142 &#8211; 30\ndzie\u0144 od pogrzebu &#8211; intencja od uczestnik\u00f3w Mszy pogrzebowej<\/p>\n\n\n\n<p><strong>&nbsp;2)<\/strong> + Mariusza Marynowicza\n\u2013 modli si\u0119 ciocia Marysia <\/p>\n\n\n\n<p><strong>&nbsp;3)<\/strong><\/p>\n\n\n\n<p><strong>&nbsp;4)<\/strong><\/p>\n\n\n\n<p><strong>11.08<em>. \u2013 CZWARTEK <\/em><\/strong><em>&nbsp;<\/em><\/p>\n\n\n\n<p><strong>&nbsp; 7.3o \u2013<\/strong> &nbsp;+ Ryszarda Olka \u2013 modli si\u0119 Helena i Henryk\nCirogowie <\/p>\n\n\n\n<p><strong>18.oo\n\u2013 <\/strong>++ Donat\u0119 w 19 rocz. \u015bm., Alfred\u0119 w 14 rocz. \u015bm. i\nZbigniewa w 17 rocz. \u015bm. \u2013 modli si\u0119 rodzina<\/p>\n\n\n\n<p><strong>12.08<em>. \u2013 PI\u0104TEK<\/em><\/strong><\/p>\n\n\n\n<p><strong>&nbsp; &nbsp;&nbsp;7.3o\n\u2013<\/strong>\n&nbsp;<\/p>\n\n\n\n<p><strong>18.oo\n\u2013 <\/strong>+ Stanis\u0142awa Chirowskiego \u2013 modli si\u0119 \u017cona z dzie\u0107mi<\/p>\n\n\n\n<p><strong><em>13.08. \u2013 SOBOTA<\/em><\/strong><\/p>\n\n\n\n<p><strong>&nbsp; &nbsp;&nbsp;7.3o\n\u2013<\/strong>\n<\/p>\n\n\n\n<p><strong>18.oo\n\u20131) <\/strong>++ Franciszk\u0119 i Wojciecha Marcin\u00f3w, brata Edwarda i\nm\u0119\u017ca Mariana \u2013 modli si\u0119 rodzina<\/p>\n\n\n\n<p><strong>&nbsp; &nbsp;&nbsp;&nbsp;&nbsp;&nbsp;&nbsp;&nbsp;&nbsp;&nbsp;&nbsp;2)<\/strong> ++ Stanis\u0142aw\u0119, Mariana i c\u00f3rk\u0119 Helen\u0119 z rodziny Ja\u0142owickich \u2013 modli si\u0119 rodzina<\/p>\n\n\n\n<p><strong><em>14.08. \u2013 NIEDZIELA&nbsp; <\/em><\/strong><\/p>\n\n\n\n<p><strong>\u00a0 8.oo \u2013 1) <\/strong>w 50 rocz. urodzi Krzysztofa Marka dzi\u0119kczynna z pro\u015bb\u0105 o zdrowie, dary Ducha \u015awi\u0119tego,\u00a0Bo\u017ce b\u0142ogos\u0142awie\u0144stwo, opiek\u0119 NMP na dalsze lata \u017cycia \u2013 modli si\u0119 \u017cona z dzie\u0107mi i rodzice<\/p>\n\n\n\n<p><strong>&nbsp;&nbsp;&nbsp;&nbsp;&nbsp;&nbsp;&nbsp;&nbsp;&nbsp;&nbsp;&nbsp; &nbsp;\n2)<\/strong> <\/p>\n\n\n\n<p><strong>11.oo\n\u2013 1) <\/strong>w 1 rocz. \u015blubu Barbary i Mariusza Wolnik\u00f3w dzi\u0119kczynna z pro\u015bb\u0105 o zdrowie, dary Ducha  \u015awi\u0119tego, Bo\u017ce b\u0142ogos\u0142awie\u0144stwo i opiek\u0119 NMP\u2013 modl\u0105 si\u0119 rodzice, rodze\u0144stwo i dziadkowie<\/p>\n\n\n\n<p><strong>&nbsp;&nbsp;&nbsp;&nbsp;&nbsp;&nbsp;&nbsp;&nbsp;&nbsp;&nbsp;&nbsp; &nbsp;\n2) <\/strong>++ Mariann\u0119 i J\u00f3zefa\nWitasiak\u00f3w \u2013 modli si\u0119 syn Adam z rodzin\u0105 <\/p>\n\n\n\n<p><strong>12.3o\n\u2013 1) <\/strong>++ Magdalen\u0119 i Piotra\nBogacz\u00f3w w rocz. ich \u015bmierci, Ann\u0119 i Jana Drobnych w rocz. ich \u015bmierci \u00a0 oraz wszystkich zmar\u0142ych tych rodzin \u2013 modli si\u0119 Stanis\u0142aw<\/p>\n\n\n\n<p><strong>\u00a0\u00a0\u00a0\u00a0\u00a0\u00a0\u00a0\u00a0\u00a0\u00a0\u00a0 \u00a0 2)<\/strong> w 30 rocz. \u015blubu Joanny i Marka Gabryjelskich oraz w 50 rocz. urodzin Joanny, w 18 rocz.  urodzin c\u00f3rki Zuzanny i za syn\u00f3w Dominika i Andrzeja \u00a0dzi\u0119kczynna z pro\u015bb\u0105 o zdrowie, dary\u00a0Ducha \u015awi\u0119tego, Bo\u017ce b\u0142ogos\u0142awie\u0144stwo i opiek\u0119 NMP i \u015bw. Patron\u00f3w \u2013 modli si\u0119 rodzina<\/p>\n\n\n\n<p><strong>18.oo\n\u2013 <\/strong>++ Czes\u0142aw\u0119, Stanis\u0142awa, Katarzyn\u0119 i ++ z rodziny\n\u017bo\u0142y\u0144skich<strong> <\/strong>&nbsp;<\/p>\n","protected":false},"excerpt":{"rendered":"<p>Sk\u0142adaj\u0105c Ofiar\u0119, kt\u00f3ra nam przypomina niezmierzon\u0105 mi\u0142o\u015b\u0107 Twojego Syna, pokornie prosimy Ci\u0119, Bo\u017ce, przyjmij intencje Twoich wiernych i spraw przez dzia\u0142anie Eucharystii, aby w naszych rodzinach wzrasta\u0142a prawdziwa wiara, \u015bwi\u0119to\u015b\u0107 \u017cycia, braterska mi\u0142o\u015b\u0107 i duch modlitwy. Niech Matka Naj\u015bwi\u0119tsza wyprosi \u0142aski, o kt\u00f3re modlili\u015bmy si\u0119 w tej Mszy \u015bw. dla&#8230; <a class=\"continue-reading-link\" href=\"http:\/\/parafia.scinawa.info\/index.php\/2022\/08\/06\/intencje-mszalne-07-08-14-08-2022\/\">Czytaj dalej <span class=\"meta-nav\">&rarr; <\/span><\/a><\/p>\n","protected":false},"author":2,"featured_media":0,"comment_status":"closed","ping_status":"closed","sticky":false,"template":"","format":"standard","meta":{"footnotes":""},"categories":[39],"tags":[],"class_list":["post-2097","post","type-post","status-publish","format-standard","hentry","category-intencje"],"_links":{"self":[{"href":"http:\/\/parafia.scinawa.info\/index.php\/wp-json\/wp\/v2\/posts\/2097","targetHints":{"allow":["GET"]}}],"collection":[{"href":"http:\/\/parafia.scinawa.info\/index.php\/wp-json\/wp\/v2\/posts"}],"about":[{"href":"http:\/\/parafia.scinawa.info\/index.php\/wp-json\/wp\/v2\/types\/post"}],"author":[{"embeddable":true,"href":"http:\/\/parafia.scinawa.info\/index.php\/wp-json\/wp\/v2\/users\/2"}],"replies":[{"embeddable":true,"href":"http:\/\/parafia.scinawa.info\/index.php\/wp-json\/wp\/v2\/comments?post=2097"}],"version-history":[{"count":3,"href":"http:\/\/parafia.scinawa.info\/index.php\/wp-json\/wp\/v2\/posts\/2097\/revisions"}],"predecessor-version":[{"id":2100,"href":"http:\/\/parafia.scinawa.info\/index.php\/wp-json\/wp\/v2\/posts\/2097\/revisions\/2100"}],"wp:attachment":[{"href":"http:\/\/parafia.scinawa.info\/index.php\/wp-json\/wp\/v2\/media?parent=2097"}],"wp:term":[{"taxonomy":"category","embeddable":true,"href":"http:\/\/parafia.scinawa.info\/index.php\/wp-json\/wp\/v2\/categories?post=2097"},{"taxonomy":"post_tag","embeddable":true,"href":"http:\/\/parafia.scinawa.info\/index.php\/wp-json\/wp\/v2\/tags?post=2097"}],"curies":[{"name":"wp","href":"https:\/\/api.w.org\/{rel}","templated":true}]}}