{"id":2105,"date":"2022-08-20T10:33:10","date_gmt":"2022-08-20T08:33:10","guid":{"rendered":"http:\/\/parafia.scinawa.info\/?p=2105"},"modified":"2022-08-20T10:35:34","modified_gmt":"2022-08-20T08:35:34","slug":"intencje-mszalne-21-08-28-08-2022","status":"publish","type":"post","link":"http:\/\/parafia.scinawa.info\/index.php\/2022\/08\/20\/intencje-mszalne-21-08-28-08-2022\/","title":{"rendered":"INTENCJE MSZALNE 21.08 \u2013 28.08. 2022"},"content":{"rendered":"\n<p><strong><em>Sk\u0142adaj\u0105c\nOfiar\u0119, kt\u00f3ra nam przypomina niezmierzon\u0105 mi\u0142o\u015b\u0107 Twojego Syna, pokornie prosimy\nCi\u0119, Bo\u017ce, przyjmij intencje Twoich wiernych i spraw przez dzia\u0142anie\nEucharystii, aby w naszych rodzinach wzrasta\u0142a prawdziwa wiara, \u015bwi\u0119to\u015b\u0107 \u017cycia,\nbraterska mi\u0142o\u015b\u0107 i duch modlitwy. <\/em><\/strong><strong>Niech\nMatka Naj\u015bwi\u0119tsza wyprosi \u0142aski, o kt\u00f3re modlili\u015bmy si\u0119 w tej Mszy \u015bw. dla \u2026\nZa\u015b zmar\u0142ym \u2026 za kt\u00f3rych odprawiali\u015bmy Msz\u0119 \u015bw.: wieczny odpoczynek racz im\nda\u0107 Panie (\u2026); niech odpoczywaj\u0105 w pokoju wiecznym. Amen<\/strong><\/p>\n\n\n\n<p><strong>21.08<em>. &#8211; NIEDZIELA&nbsp; <\/em><\/strong><em><\/em><\/p>\n\n\n\n<p><strong>&nbsp; 8.oo \u2013 1) <\/strong>+ J\u00f3zefa Poraszk\u0119 w 5 rocz. \u015bm. \u2013 modli si\u0119 \u017cona z\nrodzin\u0105<\/p>\n\n\n\n<p><strong>&nbsp;&nbsp;&nbsp;&nbsp;&nbsp;&nbsp;&nbsp;&nbsp;&nbsp;&nbsp;&nbsp; &nbsp;\n2)<\/strong> ++ z rodziny Kulpi\u0144skich i Pirog\u00f3w oraz dusze w\nczy\u015b\u0107cu cierpi\u0105ce \u2013 modli si\u0119 syn Stanis\u0142aw  z rodzin\u0105<\/p>\n\n\n\n<p><strong>11.oo\n\u2013 1) <\/strong>+ m\u0119\u017ca Leszka w 16 rocz.\n\u015bm. i ++ rodzic\u00f3w z obu stron: Mari\u0119 i Stanis\u0142awa oraz Teres\u0119\u00a0i Zbigniewa \u2013 modli si\u0119 rodzina<\/p>\n\n\n\n<p><strong>\u00a0\u00a0\u00a0\u00a0\u00a0\u00a0\u00a0\u00a0\u00a0\u00a0\u00a0 \u00a0 2) <\/strong>dzi\u0119kczynna za dar \u017cycia z pro\u015bb\u0105 o zdrowie, dary Ducha \u015awi\u0119tego, Bo\u017ce b\u0142ogos\u0142awie\u0144stwo, opiek\u0119 NMP i \u015bw. Patron\u00f3w na ka\u017cdy dzie\u0144 \u017cycia<\/p>\n\n\n\n<p><strong>12.3o\n\u2013 1) <\/strong>+ Ludwik\u0119 Szmigielsk\u0105 &#8211; modli\nsi\u0119 rodzina<\/p>\n\n\n\n<p><strong>&nbsp;&nbsp;&nbsp;&nbsp;&nbsp;&nbsp;&nbsp;&nbsp;&nbsp; 2)<\/strong> ++ rodzic\u00f3w:\nNatali\u0119 i J\u00f3zefa Sakowskich oraz Jadwig\u0119, Bogus\u0142awa i Jerzego \u2013 modli si\u0119 rodzina<\/p>\n\n\n\n<p><strong><em>Chrzest\npo Mszy: Oliwia Halina Bilewicz, Lilia Frankowicz<\/em><\/strong><\/p>\n\n\n\n<p><strong>18.oo\n\u2013 <\/strong>++ Halin\u0119 w 4 rocz. \u015bm. i Bronis\u0142awa Bednarskich \u2013\nmodli si\u0119 rodzina<strong>\n&nbsp;<\/strong><\/p>\n\n\n\n<p><strong>22.08<em>. \u2013 PONIEDZIA\u0141EK<\/em><\/strong><\/p>\n\n\n\n<p><strong>&nbsp; 7.3o \u2013 <\/strong>+ Wiktori\u0119 w 18\nrocz. \u015bm.<\/p>\n\n\n\n<p><strong>12.oo\n\u2013<\/strong> + Henryka Kochma\u0144skiego &#8211; pogrzebowa<\/p>\n\n\n\n<p><strong>18.oo\n\u2013 <\/strong>+ Mariusza Marynowicza &#8211;\n30 dzie\u0144 od pogrzebu &#8211; intencja od uczestnik\u00f3w Mszy pogrzebowej<\/p>\n\n\n\n<p><strong>23.08<em>. &#8211; WTOREK<\/em><\/strong><em><\/em><\/p>\n\n\n\n<p><strong>&nbsp; 7.3o \u2013<\/strong> + syna Miros\u0142awa i dusze w czy\u015b\u0107cu cierpi\u0105ce \u2013 modli si\u0119 mama<\/p>\n\n\n\n<p><strong>18.oo\n\u2013 <\/strong>+ Zbigniewa Rynga &#8211; 30 dzie\u0144 od pogrzebu\n&#8211; intencja od uczestnik\u00f3w Mszy pogrzebowej<\/p>\n\n\n\n<p><strong>24.08<em>. \u2013 \u015aRODA <\/em><\/strong><\/p>\n\n\n\n<p><strong>&nbsp;&nbsp;7.3o \u2013 <\/strong><\/p>\n\n\n\n<p><strong>18.oo\n\u2013&nbsp; intencja zbiorowa nowennowa:<\/strong><\/p>\n\n\n\n<p><strong>1)<\/strong>\n+ Bronis\u0142aw\u0119 Zio\u0142\u0119 i ++ z rodziny Mosur\u00f3w<\/p>\n\n\n\n<p><strong>2)<\/strong>\n+ Wies\u0142awa Cichut\u0119 w 4 rocz. \u015bm. \u2013 modli si\u0119 \u017cona z dzie\u0107mi i najbli\u017csz\u0105 rodzin\u0105<\/p>\n\n\n\n<p><strong>3)<\/strong><\/p>\n\n\n\n<p><strong>4)<\/strong><\/p>\n\n\n\n<p><strong>25.08<em>. \u2013 CZWARTEK <\/em><\/strong><em>&nbsp;<\/em><\/p>\n\n\n\n<p><strong>&nbsp; 7.3o \u2013<\/strong> &nbsp;<\/p>\n\n\n\n<p><strong>18.oo\n\u2013 <\/strong>+ Ryszarda Olka &#8211; 30 dzie\u0144 od pogrzebu &#8211;\nintencja od uczestnik\u00f3w Mszy pogrzebowej<\/p>\n\n\n\n<p><strong>26.08<em>. \u2013 PI\u0104TEK<\/em><\/strong><\/p>\n\n\n\n<p><strong>&nbsp; 7.3o \u2013<\/strong> &nbsp;dzi\u0119kczynna\nza otrzymane \u0142aski z pro\u015bb\u0105 o dalsz\u0105 opiek\u0119 NMP, dary Ducha \u015awi\u0119tego, Bo\u017ce\u00a0b\u0142ogos\u0142awie\u0144stwo<\/p>\n\n\n\n<p><strong>18.oo\n\u2013<\/strong>\n+ m\u0119\u017ca J\u00f3zefa Markiewicza i ++ jego rodzic\u00f3w: Rozali\u0119 i Jana \u2013 modli si\u0119 \u017cona z\nrodzin\u0105 <\/p>\n\n\n\n<p><strong><em>27.08. \u2013 SOBOTA<\/em><\/strong><\/p>\n\n\n\n<p><strong>&nbsp; 7.3o \u2013<\/strong> ++ Iren\u0119 i Franciszka\nSzczepaniak\u00f3w oraz + Jerzego \u2013 modli si\u0119 rodzina i najbli\u017csi<\/p>\n\n\n\n<p><strong>15.oo\n\u2013<\/strong> \u015blub: Ewelina Borkowska i Patryk \u015aliwi\u0144ski<\/p>\n\n\n\n<p>&nbsp;&nbsp;&nbsp;&nbsp;&nbsp;&nbsp;&nbsp;&nbsp;&nbsp;&nbsp;&nbsp; &nbsp; chrzest: Jakub\nIzydor \u015aliwi\u0144ski<\/p>\n\n\n\n<p><strong>18.oo\n\u2013<\/strong> ++ z rodziny Grzesiak\u00f3w: te\u015bci\u00f3w: Mariann\u0119 i\nStanis\u0142awa, m\u0119\u017ca J\u00f3zefa, siostry m\u0119\u017ca: Mariann\u0119  i Helen\u0119 oraz Stefana Woli\u0144skiego \u2013 modli si\u0119 Maria z rodzin\u0105<\/p>\n\n\n\n<p><strong><em>28.08. \u2013 NIEDZIELA&nbsp; <\/em><\/strong><\/p>\n\n\n\n<p><strong>\u00a0 8.oo \u2013 1)<\/strong> + m\u0119\u017ca Henryka, tat\u0119 Boles\u0142awa oraz ++ z rodziny Bilewicz\u00f3w, Dec\u00f3w i Olejarnik\u00f3w  \u2013 modli si\u0119 rodzina<strong> <\/strong>\u00a0<\/p>\n\n\n\n<p><strong>&nbsp;&nbsp;&nbsp;&nbsp;&nbsp;&nbsp;&nbsp;&nbsp;&nbsp;&nbsp;&nbsp; &nbsp;\n2)<\/strong> + J\u00f3zefa Rudyka w 3 rocz. \u015bm. \u2013 modli si\u0119 \u017cona<\/p>\n\n\n\n<p><strong>&nbsp; 9.3o \u2013 <\/strong>&nbsp;++ rodzic\u00f3w: Tekl\u0119 i Jana, Ann\u0119 i Micha\u0142a,\nm\u0119\u017ca J\u00f3zefa Mazurkiewicza, rodze\u0144stwo i ich\u00a0wsp\u00f3\u0142ma\u0142\u017conk\u00f3w i dzieci oraz dziadk\u00f3w z obu stron \u2013 modli si\u0119 Eugenia z rodzin\u0105 <\/p>\n\n\n\n<p><strong>11.oo\n\u2013 1)<\/strong> + Jana Pietrzaka \u2013 modli si\u0119 \u017cona<strong> <\/strong><\/p>\n\n\n\n<p><strong>&nbsp;&nbsp;&nbsp;&nbsp;&nbsp;&nbsp;&nbsp;&nbsp;&nbsp;&nbsp;&nbsp; &nbsp;\n2) <\/strong>+ J\u00f3zef\u0119 Dobis w 10 rocz.\n\u015bm. oraz ++ jej rodzic\u00f3w \u2013 modli si\u0119 rodzina <\/p>\n\n\n\n<p><strong>12.3o\n\u2013 1) <\/strong>w intencji Micha\u0142a\nPytlarza w 13 rocz. urodzin dzi\u0119kczynna z pro\u015bb\u0105 o zdrowie, dary Ducha\u00a0\u015awi\u0119tego, Bo\u017ce b\u0142ogos\u0142awie\u0144stwo, opiek\u0119 NMP i \u015bw. Patron\u00f3w \u2013 modli si\u0119 rodzina<\/p>\n\n\n\n<p><strong>&nbsp;&nbsp;&nbsp;&nbsp;&nbsp;&nbsp;&nbsp;&nbsp;&nbsp;&nbsp;&nbsp; &nbsp;\n2)<\/strong> w 1 rocz. urodzin Oliwii Kozak dzi\u0119kczynna z pro\u015bb\u0105 o zdrowie, dary Ducha \u015awi\u0119tego,\nBo\u017ce\u00a0b\u0142ogos\u0142awie\u0144stwo, opiek\u0119 NMP i \u015bw. Patron\u00f3w \u2013 modl\u0105 si\u0119 rodzice i dziadkowie <\/p>\n\n\n\n<p>&nbsp;&nbsp;&nbsp;&nbsp;&nbsp;&nbsp;&nbsp;&nbsp;&nbsp;&nbsp;&nbsp;&nbsp;&nbsp;&nbsp;&nbsp;&nbsp;&nbsp;&nbsp;&nbsp;&nbsp;&nbsp;&nbsp;&nbsp; <strong><em>Chrzest\nw czasie Mszy: Oliwia Maria Kozak, Apolonia Mazurkiewicz <\/em><\/strong><\/p>\n\n\n\n<p><strong>18.oo\n\u2013 <\/strong>++ Mari\u0119 Machtylsk\u0105, Iren\u0119 i Eugeniusza Rogal\u00f3w,\nAniel\u0119 i Jana \u0141owisz\u00f3w \u2013 modli si\u0119 rodzina <\/p>\n","protected":false},"excerpt":{"rendered":"<p>Sk\u0142adaj\u0105c Ofiar\u0119, kt\u00f3ra nam przypomina niezmierzon\u0105 mi\u0142o\u015b\u0107 Twojego Syna, pokornie prosimy Ci\u0119, Bo\u017ce, przyjmij intencje Twoich wiernych i spraw przez dzia\u0142anie Eucharystii, aby w naszych rodzinach wzrasta\u0142a prawdziwa wiara, \u015bwi\u0119to\u015b\u0107 \u017cycia, braterska mi\u0142o\u015b\u0107 i duch modlitwy. Niech Matka Naj\u015bwi\u0119tsza wyprosi \u0142aski, o kt\u00f3re modlili\u015bmy si\u0119 w tej Mszy \u015bw. dla&#8230; <a class=\"continue-reading-link\" href=\"http:\/\/parafia.scinawa.info\/index.php\/2022\/08\/20\/intencje-mszalne-21-08-28-08-2022\/\">Czytaj dalej <span class=\"meta-nav\">&rarr; <\/span><\/a><\/p>\n","protected":false},"author":2,"featured_media":0,"comment_status":"closed","ping_status":"closed","sticky":false,"template":"","format":"standard","meta":{"footnotes":""},"categories":[39],"tags":[],"class_list":["post-2105","post","type-post","status-publish","format-standard","hentry","category-intencje"],"_links":{"self":[{"href":"http:\/\/parafia.scinawa.info\/index.php\/wp-json\/wp\/v2\/posts\/2105","targetHints":{"allow":["GET"]}}],"collection":[{"href":"http:\/\/parafia.scinawa.info\/index.php\/wp-json\/wp\/v2\/posts"}],"about":[{"href":"http:\/\/parafia.scinawa.info\/index.php\/wp-json\/wp\/v2\/types\/post"}],"author":[{"embeddable":true,"href":"http:\/\/parafia.scinawa.info\/index.php\/wp-json\/wp\/v2\/users\/2"}],"replies":[{"embeddable":true,"href":"http:\/\/parafia.scinawa.info\/index.php\/wp-json\/wp\/v2\/comments?post=2105"}],"version-history":[{"count":2,"href":"http:\/\/parafia.scinawa.info\/index.php\/wp-json\/wp\/v2\/posts\/2105\/revisions"}],"predecessor-version":[{"id":2107,"href":"http:\/\/parafia.scinawa.info\/index.php\/wp-json\/wp\/v2\/posts\/2105\/revisions\/2107"}],"wp:attachment":[{"href":"http:\/\/parafia.scinawa.info\/index.php\/wp-json\/wp\/v2\/media?parent=2105"}],"wp:term":[{"taxonomy":"category","embeddable":true,"href":"http:\/\/parafia.scinawa.info\/index.php\/wp-json\/wp\/v2\/categories?post=2105"},{"taxonomy":"post_tag","embeddable":true,"href":"http:\/\/parafia.scinawa.info\/index.php\/wp-json\/wp\/v2\/tags?post=2105"}],"curies":[{"name":"wp","href":"https:\/\/api.w.org\/{rel}","templated":true}]}}