{"id":2108,"date":"2022-08-20T10:50:17","date_gmt":"2022-08-20T08:50:17","guid":{"rendered":"http:\/\/parafia.scinawa.info\/?p=2108"},"modified":"2022-08-20T10:52:21","modified_gmt":"2022-08-20T08:52:21","slug":"ogloszenia-duszpasterskie-21-niedziela-zwykla-21-08-2022","status":"publish","type":"post","link":"http:\/\/parafia.scinawa.info\/index.php\/2022\/08\/20\/ogloszenia-duszpasterskie-21-niedziela-zwykla-21-08-2022\/","title":{"rendered":"Og\u0142oszenia duszpasterskie  21 Niedziela zwyk\u0142a \u2013 21.08. 2022"},"content":{"rendered":"\n<p><strong>1<\/strong><strong>.<\/strong>\nDzi\u015b prze\u017cywamy <strong>21 Niedziel\u0119 zwyk\u0142\u0105<\/strong>.\nMsze \u015bw. wed\u0142ug porz\u0105dku\nwakacyjnego. <\/p>\n\n\n\n<p><strong>2<\/strong><strong>.<\/strong>\nMsze \u015bw. w tygodniu&nbsp; o <strong>7<sup>30<\/sup><\/strong>\ni <strong>18<sup>00<\/sup><\/strong>. &nbsp;<\/p>\n\n\n\n<p><strong>3.<\/strong>\nCodziennie spowied\u017a i adoracja Naj\u015bwi\u0119tszego Sakramentu o godz. <strong>17<sup>00<\/sup>.<\/strong><\/p>\n\n\n\n<p><strong>4. <\/strong><strong>W tym tygodniu nabo\u017ce\u0144stwa:\n<\/strong><\/p>\n\n\n\n<p><strong>&#8211; w poniedzia\u0142ek\n&nbsp;&nbsp;&nbsp;&nbsp; &#8211; <\/strong>nabo\u017ce\u0144stwo<strong>\ndo Bo\u017cego Mi\u0142osierdzia <\/strong>o godz. <strong>17<sup>00<\/sup><\/strong><\/p>\n\n\n\n<p>                            <strong>&#8211; <\/strong>nabo\u017ce\u0144stwo po\u015bwi\u0119cenia si\u0119 Niepokalanemu Sercu Maryi<\/p>\n\n\n\n<p>                                    &#8211; nabo\u017ce\u0144stwo do <strong>\u015bw. Rity<\/strong> <\/p>\n\n\n\n<p><strong>&#8211; we wtorek &nbsp;&nbsp;&nbsp;&nbsp;&nbsp;&nbsp;&nbsp;&nbsp;&nbsp;&nbsp;&nbsp;&nbsp;&nbsp; &#8211; <\/strong>nabo\u017ce\u0144stwodo <strong>\u015bw. Ojca Pio<em> o godz. <\/em><\/strong><strong>17<sup>30<\/sup><em><\/em><\/strong><\/p>\n\n\n\n<p><strong>&#8211;<\/strong>\n<strong>w \u015brod\u0119<\/strong> &nbsp;&nbsp;&nbsp;&nbsp;&nbsp;&nbsp;&nbsp;&nbsp;&nbsp;&nbsp;&nbsp;&nbsp;&nbsp;&nbsp;&nbsp;&nbsp;&nbsp; &#8211; Nowenna\ndo NMP Nieustaj\u0105cej Pomocy o godz. <strong>17<sup>30<\/sup><\/strong>.<\/p>\n\n\n\n<p><strong>&#8211;<\/strong> <strong>w niedziel\u0119<\/strong>\n&nbsp;&nbsp;&nbsp;&nbsp;&nbsp;&nbsp;&nbsp;&nbsp;&nbsp; &#8211; nabo\u017ce\u0144stwo do <strong>\u015bw. Szarbela<\/strong>\no godz.<strong>17<sup>30<\/sup><\/strong><strong><\/strong><\/p>\n\n\n\n<p><strong>5<\/strong><strong>.<\/strong> <strong>&nbsp;<\/strong>W tym tygodniu obchodzimy:<\/p>\n\n\n\n<p>&#8211; <strong>w poniedzia\u0142ek<\/strong>&nbsp; \u2013 wspomnienie NMP Kr\u00f3lowej<\/p>\n\n\n\n<p>&#8211; <strong>w \u015brod\u0119<\/strong>&nbsp;\n\u2013 \u015bwi\u0119to \u015bw. Bart\u0142omieja Aposto\u0142a<strong><\/strong><\/p>\n\n\n\n<p>&#8211; <strong>w pi\u0105tek<\/strong> \u2013 uroczysto\u015b\u0107 NMP\nCz\u0119stochowskiej. Msze \u015bw. o godz. o <strong>7<sup>30<\/sup><\/strong>\ni <strong>18<sup>00<\/sup><\/strong>.<\/p>\n\n\n\n<p>&#8211; <strong>w sobot\u0119<\/strong>&nbsp;\n\u2013 wspomnienie \u015bw. Moniki<\/p>\n\n\n\n<p><strong>6<\/strong><strong>. <\/strong>W przysz\u0142\u0105 niedziel\u0119 b\u0119dziemy\nprze\u017cywa\u0107 <strong>22 Niedziel\u0119 zwyk\u0142\u0105<\/strong>.\nMsze\n\u015bw. wg porz\u0105dku niedzielnego, a wi\u0119c:<strong>8<sup>00 <\/sup>,\n9<sup>30<\/sup><\/strong>, <strong>11<sup>00<\/sup><\/strong>, <strong>12<sup>30 <\/sup>,\n18<sup>00<\/sup><\/strong>.\n<\/p>\n\n\n\n<p><strong>7<\/strong><strong>.<\/strong>\nKancelaria czynna codziennie po Mszy \u015bw. wieczornej z wyj\u0105tkiem niedziel,\nuroczysto\u015bci i \u015bwi\u0105t.<\/p>\n\n\n\n<p><strong>8<\/strong><strong>.<\/strong>\nDo nabycia jest prasa katolicka: Niedziela, Go\u015b\u0107 Niedzielny i R\u00f3\u017caniec. <\/p>\n\n\n\n<p><strong>9<\/strong><strong>.<\/strong>\nDzi\u0119kuj\u0119 wszystkim, kt\u00f3rzy w tym tygodniu sprz\u0105tali \u015bwi\u0105tyni\u0119 i przygotowali j\u0105\nna nasze spotkanie eucharystyczne.<\/p>\n\n\n\n<p><strong>10<\/strong><strong>.<\/strong>\nSerdeczne B\u00f3g zap\u0142a\u0107 za ofiary sk\u0142adane na remonty w naszej parafii. <\/p>\n\n\n\n<p><strong>11.<\/strong> Intencje mszalne, obrazki \u2013 pami\u0105tki odprawionej Mszy \u015bw.<\/p>\n\n\n\n<p><em>\u017byczymy mi\u0142ego tygodnia i obfitych \u0142ask Bo\u017cych.<\/em><\/p>\n","protected":false},"excerpt":{"rendered":"<p>1. Dzi\u015b prze\u017cywamy 21 Niedziel\u0119 zwyk\u0142\u0105. Msze \u015bw. wed\u0142ug porz\u0105dku wakacyjnego. 2. Msze \u015bw. w tygodniu&nbsp; o 730 i 1800. &nbsp; 3. Codziennie spowied\u017a i adoracja Naj\u015bwi\u0119tszego Sakramentu o godz. 1700. 4. W tym tygodniu nabo\u017ce\u0144stwa: &#8211; w poniedzia\u0142ek &nbsp;&nbsp;&nbsp;&nbsp; &#8211; nabo\u017ce\u0144stwo do Bo\u017cego Mi\u0142osierdzia o godz. 1700 &#8211; nabo\u017ce\u0144stwo&#8230; <a class=\"continue-reading-link\" href=\"http:\/\/parafia.scinawa.info\/index.php\/2022\/08\/20\/ogloszenia-duszpasterskie-21-niedziela-zwykla-21-08-2022\/\">Czytaj dalej <span class=\"meta-nav\">&rarr; <\/span><\/a><\/p>\n","protected":false},"author":2,"featured_media":0,"comment_status":"closed","ping_status":"closed","sticky":false,"template":"","format":"standard","meta":{"footnotes":""},"categories":[40],"tags":[],"class_list":["post-2108","post","type-post","status-publish","format-standard","hentry","category-ogloszenia-duszpasterskie"],"_links":{"self":[{"href":"http:\/\/parafia.scinawa.info\/index.php\/wp-json\/wp\/v2\/posts\/2108","targetHints":{"allow":["GET"]}}],"collection":[{"href":"http:\/\/parafia.scinawa.info\/index.php\/wp-json\/wp\/v2\/posts"}],"about":[{"href":"http:\/\/parafia.scinawa.info\/index.php\/wp-json\/wp\/v2\/types\/post"}],"author":[{"embeddable":true,"href":"http:\/\/parafia.scinawa.info\/index.php\/wp-json\/wp\/v2\/users\/2"}],"replies":[{"embeddable":true,"href":"http:\/\/parafia.scinawa.info\/index.php\/wp-json\/wp\/v2\/comments?post=2108"}],"version-history":[{"count":3,"href":"http:\/\/parafia.scinawa.info\/index.php\/wp-json\/wp\/v2\/posts\/2108\/revisions"}],"predecessor-version":[{"id":2111,"href":"http:\/\/parafia.scinawa.info\/index.php\/wp-json\/wp\/v2\/posts\/2108\/revisions\/2111"}],"wp:attachment":[{"href":"http:\/\/parafia.scinawa.info\/index.php\/wp-json\/wp\/v2\/media?parent=2108"}],"wp:term":[{"taxonomy":"category","embeddable":true,"href":"http:\/\/parafia.scinawa.info\/index.php\/wp-json\/wp\/v2\/categories?post=2108"},{"taxonomy":"post_tag","embeddable":true,"href":"http:\/\/parafia.scinawa.info\/index.php\/wp-json\/wp\/v2\/tags?post=2108"}],"curies":[{"name":"wp","href":"https:\/\/api.w.org\/{rel}","templated":true}]}}