{"id":2117,"date":"2022-09-03T11:00:34","date_gmt":"2022-09-03T09:00:34","guid":{"rendered":"http:\/\/parafia.scinawa.info\/?p=2117"},"modified":"2022-09-03T11:01:29","modified_gmt":"2022-09-03T09:01:29","slug":"intencje-mszalne-04-09-11-09-2022","status":"publish","type":"post","link":"http:\/\/parafia.scinawa.info\/index.php\/2022\/09\/03\/intencje-mszalne-04-09-11-09-2022\/","title":{"rendered":"INTENCJE MSZALNE 04.09 \u2013 11.09. 2022"},"content":{"rendered":"\n<p><strong><em>Sk\u0142adaj\u0105c\nOfiar\u0119, kt\u00f3ra nam przypomina niezmierzon\u0105 mi\u0142o\u015b\u0107 Twojego Syna, pokornie prosimy\nCi\u0119, Bo\u017ce, przyjmij intencje Twoich wiernych i spraw przez dzia\u0142anie\nEucharystii, aby w naszych rodzinach wzrasta\u0142a prawdziwa wiara, \u015bwi\u0119to\u015b\u0107 \u017cycia,\nbraterska mi\u0142o\u015b\u0107 i duch modlitwy. <\/em><\/strong><strong>Niech\nMatka Naj\u015bwi\u0119tsza wyprosi \u0142aski, o kt\u00f3re modlili\u015bmy si\u0119 w tej Mszy \u015bw. dla \u2026\nZa\u015b zmar\u0142ym \u2026 za kt\u00f3rych odprawiali\u015bmy Msz\u0119 \u015bw.: wieczny odpoczynek racz im\nda\u0107 Panie (\u2026); niech odpoczywaj\u0105 w pokoju wiecznym. Amen<\/strong><\/p>\n\n\n\n<p><strong>04.09<em>. &#8211; NIEDZIELA&nbsp; <\/em><\/strong><em><\/em><\/p>\n\n\n\n<p><strong>&nbsp; 8.oo \u2013 1)<\/strong> + Mari\u0119 w 17 rocz. \u015bm. i Wiktora w 5 rocz. \u015bm. oraz Stanis\u0142awa z rodziny\nSmola\u0144skich <\/p>\n\n\n\n<p>&nbsp;&nbsp;&nbsp;&nbsp;&nbsp;&nbsp;&nbsp;&nbsp;&nbsp;&nbsp;&nbsp;&nbsp;&nbsp;&nbsp;&nbsp;&nbsp;&nbsp; \u2013 modli si\u0119 rodzina<strong> <\/strong>&nbsp;<\/p>\n\n\n\n<p><strong>&nbsp;&nbsp;&nbsp;&nbsp;&nbsp;&nbsp;&nbsp;&nbsp;&nbsp;&nbsp;&nbsp; &nbsp;\n2)<\/strong> dzi\u0119kczynna\nza otrzymane \u0142aski z pro\u015bb\u0105 o zdrowie, dary Ducha \u015awi\u0119tego, Bo\u017ce<\/p>\n\n\n\n<p>&nbsp;&nbsp;&nbsp;&nbsp;&nbsp;&nbsp;&nbsp;&nbsp;&nbsp;&nbsp;&nbsp;&nbsp;&nbsp;&nbsp; &nbsp;&nbsp;b\u0142ogos\u0142awie\u0144stwo, opiek\u0119 NMP i \u015bw. Patron\u00f3w\ndla rodziny Tyndyk\u00f3w<\/p>\n\n\n\n<p><strong>&nbsp; 9.3o \u2013 <\/strong>&nbsp;++ rodzic\u00f3w: Jana i Mari\u0119 Cirog\u00f3w i ++ z rodziny\n\u2013 modli si\u0119 rodzina <\/p>\n\n\n\n<p><strong>11.oo\n\u2013 1) <\/strong>+ Ew\u0119 Skoczylas w 8 rocz.\n\u015bm. \u2013 modli si\u0119 rodzina<\/p>\n\n\n\n<p><strong>&nbsp;&nbsp;&nbsp;&nbsp;&nbsp;&nbsp;&nbsp;&nbsp;&nbsp;&nbsp;&nbsp; &nbsp;\n2) <\/strong>w 50 rocz. urodzin c\u00f3rki Izabeli\ndzi\u0119kczynna za otrzymane \u0142aski z pro\u015bb\u0105 o zdrowie, dary <\/p>\n\n\n\n<p>&nbsp;&nbsp;&nbsp;&nbsp;&nbsp;&nbsp;&nbsp;&nbsp;&nbsp;&nbsp;&nbsp;&nbsp;&nbsp;&nbsp;&nbsp; Ducha \u015awi\u0119tego, Bo\u017ce\nb\u0142ogos\u0142awie\u0144stwo, opiek\u0119 NMP i \u015bw. Patron\u00f3w \u2013 modli si\u0119 mama i brat\n<\/p>\n\n\n\n<p><strong>12.3o\n\u2013 1) <\/strong>+ m\u0119\u017ca Stanis\u0142awa Sosnowskiego\nz racji ziemskich urodzin oraz ++ rodzic\u00f3w z obu stron: <\/p>\n\n\n\n<p>&nbsp;&nbsp;&nbsp;&nbsp;&nbsp;&nbsp;&nbsp;&nbsp;&nbsp;&nbsp;&nbsp;&nbsp;&nbsp;&nbsp;&nbsp;&nbsp; Iren\u0119 i Mariana,\nStanis\u0142aw\u0119 i Stanis\u0142awa oraz Tomasza \u2013 modli si\u0119 \u017cona z rodzin\u0105<\/p>\n\n\n\n<p><strong>&nbsp;&nbsp;&nbsp;&nbsp;&nbsp;&nbsp;&nbsp;&nbsp;&nbsp;&nbsp;&nbsp; &nbsp;\n2)<\/strong> za dzieci: Dominik\u0119, Paw\u0142a, Bartosza i wnuki\nMicha\u0142a i Juli\u0119 o dary Ducha \u015awi\u0119tego, Bo\u017ce<\/p>\n\n\n\n<p>&nbsp;&nbsp;&nbsp;&nbsp;&nbsp;&nbsp;&nbsp;&nbsp;&nbsp;&nbsp;&nbsp;&nbsp;&nbsp;&nbsp; &nbsp;&nbsp;b\u0142ogos\u0142awie\u0144stwo, opiek\u0119 NMP i \u015bw. Patron\u00f3w<\/p>\n\n\n\n<p>&nbsp;&nbsp;&nbsp;&nbsp;&nbsp;&nbsp;&nbsp;&nbsp;&nbsp;&nbsp;&nbsp;&nbsp;&nbsp;&nbsp;&nbsp;&nbsp;&nbsp;&nbsp;&nbsp;&nbsp;&nbsp;&nbsp;&nbsp; <strong><em>Chrzest po Mszy: Gabriela\nG\u00f3ra<\/em><\/strong><\/p>\n\n\n\n<p><strong>18.oo\n\u2013 <\/strong>+ Olg\u0119 Chocholak &#8211; 30 dzie\u0144 od pogrzebu &#8211;\nintencja od uczestnik\u00f3w Mszy pogrzebowej<strong>\n&nbsp;<\/strong><\/p>\n\n\n\n<p><strong>05.09<em>. \u2013 PONIEDZIA\u0141EK<\/em><\/strong><\/p>\n\n\n\n<p><strong>&nbsp; 7.oo \u2013<\/strong> + Tadeusza Zielonego \u2013\nmodli si\u0119 rodzina z G\u0142uszycy<\/p>\n\n\n\n<p><strong>18.oo\n\u2013 1) <\/strong>+ Krystyn\u0119 Marczyk &#8211;\n30 dzie\u0144 od pogrzebu &#8211; intencja od uczestnik\u00f3w Mszy pogrzebowej <\/p>\n\n\n\n<p><strong>&nbsp;&nbsp;&nbsp;&nbsp;&nbsp;&nbsp;&nbsp;&nbsp;&nbsp;&nbsp;&nbsp; &nbsp;\n2) <\/strong>++ rodzic\u00f3w: J\u00f3zef\u0119 i\nAdama Droni\u00f3w oraz ++ rodze\u0144stwo \u2013 modli si\u0119 c\u00f3rka z rodzin\u0105<\/p>\n\n\n\n<p><strong>06.09<em>. &#8211; WTOREK<\/em><\/strong><em><\/em><\/p>\n\n\n\n<p><strong>7.oo\n\u2013<\/strong><\/p>\n\n\n\n<p><strong>18.oo\n\u2013 <\/strong>++ Stanis\u0142aw\u0119 i Franciszka Jakubowicz\u00f3w<\/p>\n\n\n\n<p><strong>07.09<em>. \u2013 \u015aRODA <\/em><\/strong><\/p>\n\n\n\n<p><strong>&nbsp; 7.oo \u2013<\/strong><\/p>\n\n\n\n<p><strong>18.oo\n\u2013&nbsp; intencja zbiorowa nowennowa:<\/strong><\/p>\n\n\n\n<p><strong>&nbsp;1)<\/strong> ++ Adama w 24 rocz.\n\u015bm. i Klementyn\u0119 Mazur\u00f3w, ++ dziadk\u00f3w z obu stron, doktor Zin\u0119 i dusze <\/p>\n\n\n\n<p>&nbsp;&nbsp;&nbsp;&nbsp;&nbsp; w czy\u015b\u0107cu cierpi\u0105ce<\/p>\n\n\n\n<p><strong>2)<\/strong> + Krystyn\u0119 Nabo\u017cn\u0105 &#8211; 30 dzie\u0144 od pogrzebu\n&#8211; intencja od uczestnik\u00f3w Mszy pogrzebowej<\/p>\n\n\n\n<p><strong>3)<\/strong> + Stanis\u0142awa Fenglera \u2013 modli si\u0119 Rados\u0142aw z\nPakos\u0142awia<\/p>\n\n\n\n<p><strong>4)<\/strong> + W\u0142adys\u0142awa Pa\u0144czyszyna \u2013 modli si\u0119 Zesp\u00f3\u0142\nRybarzowice z Rybarzowic<\/p>\n\n\n\n<p><strong>5)<\/strong> za dzieci Beat\u0119 i Krzysztofa z rodzinami dzi\u0119kczynna\nza otrzymane \u0142aski z pro\u015bb\u0105 o zdrowie, dary <\/p>\n\n\n\n<p>&nbsp; &nbsp;&nbsp;Ducha \u015awi\u0119tego,\nBo\u017ce b\u0142ogos\u0142awie\u0144stwo, opiek\u0119 NMP i \u015bw. Patron\u00f3w \u2013 modl\u0105 si\u0119 rodzice<\/p>\n\n\n\n<p><strong>6)<\/strong><\/p>\n\n\n\n<p><strong>08.09<em>. \u2013 CZWARTEK <\/em><\/strong><em>&nbsp;<\/em><\/p>\n\n\n\n<p><strong>&nbsp; 7.oo \u2013<\/strong> &nbsp;<\/p>\n\n\n\n<p><strong>18.oo\n\u2013 <\/strong>++ rodzic\u00f3w: Wand\u0119 i J\u00f3zefa Kap\u0142on\u00f3w \u2013 modli si\u0119 c\u00f3rka\nTeresa<\/p>\n\n\n\n<p><strong>09.09<em>. \u2013 PI\u0104TEK<\/em><\/strong><\/p>\n\n\n\n<p><strong>&nbsp; &nbsp;&nbsp;7.oo\n\u2013<\/strong>\n&nbsp;<\/p>\n\n\n\n<p><strong>18.oo\n\u2013 1) <\/strong>+ Stanis\u0142awa \u0141agod\u0119 oraz\n++ z rodziny \u0141agod\u00f3w i Draczy\u0144skich \u2013 modli si\u0119 rodzina<strong> <\/strong><\/p>\n\n\n\n<p><strong>&nbsp;&nbsp;&nbsp;&nbsp;&nbsp;&nbsp;&nbsp;&nbsp;&nbsp;&nbsp;&nbsp; &nbsp;\n2)<\/strong> + Tadeusza Zielonego \u2013 modli si\u0119 Zangdy Probiotiks\nPolska <\/p>\n\n\n\n<p><strong><em>10.09.\n\u2013 SOBOTA<\/em><\/strong><\/p>\n\n\n\n<p><strong>&nbsp; &nbsp;&nbsp;7.oo\n\u2013<\/strong>\n<\/p>\n\n\n\n<p><strong>18.oo\n\u2013 1) <\/strong>++ rodzic\u00f3w: Jana w 41\nrocz. \u015bm. oraz Helen\u0119 St\u0119pieni\u00f3w \u2013 modl\u0105 si\u0119 c\u00f3rki z rodzinami\n<\/p>\n\n\n\n<p><strong>&nbsp;&nbsp;&nbsp;&nbsp;&nbsp;&nbsp;&nbsp;&nbsp;&nbsp;&nbsp;&nbsp; &nbsp;\n2)<\/strong> &nbsp;zaj. P. Bilewicz<\/p>\n\n\n\n<p><strong><em>11.09.\n\u2013 NIEDZIELA&nbsp; <\/em><\/strong><\/p>\n\n\n\n<p><strong>&nbsp; 8.oo \u2013 1) <\/strong>+ Teodor\u0119 Je\u017cyn\u0119 w rocz. \u015bm. oraz ++ z rodziny Je\u017cyn\u00f3w i Szynkler\u00f3w \u2013 modl\u0105\nsi\u0119 dzieci <\/p>\n\n\n\n<p><strong>&nbsp;&nbsp;&nbsp;&nbsp;&nbsp;&nbsp;&nbsp;&nbsp;&nbsp;&nbsp;&nbsp; &nbsp;\n2)<\/strong> ++ Bogdana w 19 rocz. \u015bm., ++ rodzic\u00f3w z obu stron:\nKatarzyn\u0119 i Andrzeja, Kazimier\u0119 <\/p>\n\n\n\n<p>&nbsp;&nbsp;&nbsp;&nbsp;&nbsp;&nbsp;&nbsp;&nbsp;&nbsp;&nbsp;&nbsp;&nbsp;&nbsp;&nbsp;&nbsp;&nbsp;&nbsp; i Wac\u0142awa oraz ++ z rodziny \u2013\nmodli si\u0119 rodzina<\/p>\n\n\n\n<p><strong>&nbsp; 9.3o \u2013 <\/strong>&nbsp;++ z rodziny Droni\u00f3w oraz W\u0142adys\u0142aw\u0119 i Jolant\u0119\nz rodziny Laszczy\u0144skich \u2013 modli si\u0119 J\u00f3zefa<\/p>\n\n\n\n<p>&nbsp;&nbsp;&nbsp;&nbsp;&nbsp;&nbsp;&nbsp;&nbsp;&nbsp;&nbsp;&nbsp;&nbsp;&nbsp;&nbsp; &nbsp;z m\u0119\u017cem <\/p>\n\n\n\n<p><strong>11.oo\n\u2013 1) <\/strong>zaj. P. Parzonka<\/p>\n\n\n\n<p><strong>&nbsp;&nbsp;&nbsp;&nbsp;&nbsp;&nbsp;&nbsp;&nbsp;&nbsp;&nbsp;&nbsp; &nbsp;\n2) <\/strong>++ Micha\u0142a w 5 rocz. \u015bm. i\nKazimier\u0119 oraz ++ z rodziny Babij\u00f3w, Arciszewskich, <\/p>\n\n\n\n<p>&nbsp;&nbsp;&nbsp;&nbsp;&nbsp; &nbsp;&nbsp;&nbsp;&nbsp;&nbsp;&nbsp;&nbsp;&nbsp;&nbsp;&nbsp;&nbsp;&nbsp;Chrzanowskich, siostr\u0119 Agnieszk\u0119\nJadwi\u017cank\u0119 i dusze w czy\u015b\u0107cu cierpi\u0105ce<\/p>\n\n\n\n<p><strong>12.3o\n\u2013 1) <\/strong>w 18 rocz. urodzin Paw\u0142a dzi\u0119kczynna\nza otrzymane \u0142aski z pro\u015bb\u0105 o zdrowie, dary Ducha &nbsp;<\/p>\n\n\n\n<p>&nbsp;&nbsp; \u015awi\u0119tego, Bo\u017ce b\u0142ogos\u0142awie\u0144stwo,\nopiek\u0119 NMP i \u015bw. Patron\u00f3w \u2013 modl\u0105 si\u0119 rodzice, siostra i dziadkowie<\/p>\n\n\n\n<p><strong>&nbsp;&nbsp;&nbsp;&nbsp;&nbsp;&nbsp;&nbsp;&nbsp;&nbsp;&nbsp;&nbsp; &nbsp;\n2)<\/strong> ++ rodzic\u00f3w: Tekl\u0119 i Micha\u0142a Nowak\u00f3w oraz ++ z ich\nrodzin \u2013 modl\u0105 si\u0119 syn i c\u00f3rka z rodzinami<\/p>\n\n\n\n<p><strong>18.oo\n\u2013 1) <\/strong>+ J\u00f3zefa oraz ++ z rodziny\nChmielowskich i Sto\u017ck\u00f3w \u2013 modli si\u0119 rodzina <\/p>\n\n\n\n<p><strong>&nbsp;&nbsp;&nbsp; 2) <\/strong>w 60 rocz. urodzin m\u0119\u017ca Krzysztofa dzi\u0119kczynna za otrzymane \u0142aski z pro\u015bb\u0105 o\nzdrowie, dary Ducha\u00a0\u015awi\u0119tego, Bo\u017ce b\u0142ogos\u0142awie\u0144stwo, opiek\u0119 NMP i \u015bw. Patron\u00f3w \u2013 modl\u0105 si\u0119 \u017cona, dzieci i rodzice<\/p>\n","protected":false},"excerpt":{"rendered":"<p>Sk\u0142adaj\u0105c Ofiar\u0119, kt\u00f3ra nam przypomina niezmierzon\u0105 mi\u0142o\u015b\u0107 Twojego Syna, pokornie prosimy Ci\u0119, Bo\u017ce, przyjmij intencje Twoich wiernych i spraw przez dzia\u0142anie Eucharystii, aby w naszych rodzinach wzrasta\u0142a prawdziwa wiara, \u015bwi\u0119to\u015b\u0107 \u017cycia, braterska mi\u0142o\u015b\u0107 i duch modlitwy. Niech Matka Naj\u015bwi\u0119tsza wyprosi \u0142aski, o kt\u00f3re modlili\u015bmy si\u0119 w tej Mszy \u015bw. dla&#8230; <a class=\"continue-reading-link\" href=\"http:\/\/parafia.scinawa.info\/index.php\/2022\/09\/03\/intencje-mszalne-04-09-11-09-2022\/\">Czytaj dalej <span class=\"meta-nav\">&rarr; <\/span><\/a><\/p>\n","protected":false},"author":2,"featured_media":0,"comment_status":"closed","ping_status":"closed","sticky":false,"template":"","format":"standard","meta":{"footnotes":""},"categories":[1],"tags":[],"class_list":["post-2117","post","type-post","status-publish","format-standard","hentry","category-bez-kategorii"],"_links":{"self":[{"href":"http:\/\/parafia.scinawa.info\/index.php\/wp-json\/wp\/v2\/posts\/2117","targetHints":{"allow":["GET"]}}],"collection":[{"href":"http:\/\/parafia.scinawa.info\/index.php\/wp-json\/wp\/v2\/posts"}],"about":[{"href":"http:\/\/parafia.scinawa.info\/index.php\/wp-json\/wp\/v2\/types\/post"}],"author":[{"embeddable":true,"href":"http:\/\/parafia.scinawa.info\/index.php\/wp-json\/wp\/v2\/users\/2"}],"replies":[{"embeddable":true,"href":"http:\/\/parafia.scinawa.info\/index.php\/wp-json\/wp\/v2\/comments?post=2117"}],"version-history":[{"count":2,"href":"http:\/\/parafia.scinawa.info\/index.php\/wp-json\/wp\/v2\/posts\/2117\/revisions"}],"predecessor-version":[{"id":2119,"href":"http:\/\/parafia.scinawa.info\/index.php\/wp-json\/wp\/v2\/posts\/2117\/revisions\/2119"}],"wp:attachment":[{"href":"http:\/\/parafia.scinawa.info\/index.php\/wp-json\/wp\/v2\/media?parent=2117"}],"wp:term":[{"taxonomy":"category","embeddable":true,"href":"http:\/\/parafia.scinawa.info\/index.php\/wp-json\/wp\/v2\/categories?post=2117"},{"taxonomy":"post_tag","embeddable":true,"href":"http:\/\/parafia.scinawa.info\/index.php\/wp-json\/wp\/v2\/tags?post=2117"}],"curies":[{"name":"wp","href":"https:\/\/api.w.org\/{rel}","templated":true}]}}