{"id":2125,"date":"2022-09-11T00:02:27","date_gmt":"2022-09-10T22:02:27","guid":{"rendered":"http:\/\/parafia.scinawa.info\/?p=2125"},"modified":"2022-09-11T00:02:27","modified_gmt":"2022-09-10T22:02:27","slug":"ogloszenia-duszpasterskie-24-niedziela-zwykla-11-09-2022","status":"publish","type":"post","link":"http:\/\/parafia.scinawa.info\/index.php\/2022\/09\/11\/ogloszenia-duszpasterskie-24-niedziela-zwykla-11-09-2022\/","title":{"rendered":"Og\u0142oszenia duszpasterskie  24 Niedziela zwyk\u0142a \u2013 11.09. 2022"},"content":{"rendered":"\n<p><strong>1<\/strong><strong>.<\/strong> Dzi\u015b prze\u017cywamy\n<strong>24 Niedziel\u0119 zwyk\u0142\u0105<\/strong>. Msze \u015bw. wg\nporz\u0105dku niedzielnego.Dzisiaj\nrozpoczniemy XI Tydzie\u0144 Wychowania w Polsce pod\nhas\u0142em <em>\u201eJa jestem drog\u0105 i prawd\u0105, i \u017cyciem\u201d (J 14, 6)<\/em>.<\/p>\n\n\n\n<p><strong>2<\/strong><strong>.<\/strong> Msze \u015bw. w\ntygodniu&nbsp; o <strong>7<sup>00<\/sup><\/strong> i <strong>18<sup>00<\/sup><\/strong>.\n&nbsp;<\/p>\n\n\n\n<p><strong>3.<\/strong>\nCodziennie spowied\u017a i adoracja Naj\u015bwi\u0119tszego Sakramentu o godz. <strong>17<sup>00<\/sup>.<\/strong><\/p>\n\n\n\n<p><strong>4. <\/strong><strong>W tym tygodniu nabo\u017ce\u0144stwa: <\/strong><\/p>\n\n\n\n<p><strong>&#8211; w poniedzia\u0142ek &nbsp;&nbsp; &#8211; <\/strong>nabo\u017ce\u0144stwo<strong>\n<em>do Bo\u017cego Mi\u0142osierdzia<\/em> <\/strong>o godz. <strong>17<sup>30<\/sup>. <\/strong><\/p>\n\n\n\n<p><strong>&#8211; we wtorek&nbsp;&nbsp;&nbsp;&nbsp;&nbsp;&nbsp;&nbsp;&nbsp;&nbsp;&nbsp;&nbsp; &#8211;<\/strong> nabo\u017ce\u0144stwo<strong>fatimskie 13 dnia miesi\u0105ca<\/strong><em> po Mszy \u015bw.<\/em> o godz. <strong>18<sup>30<\/sup><\/strong><\/p>\n\n\n\n<p><strong>&#8211;<\/strong> <strong>w \u015brod\u0119<\/strong>\n&nbsp;&nbsp;&nbsp;&nbsp;&nbsp;&nbsp;&nbsp;&nbsp;&nbsp;&nbsp;&nbsp;&nbsp;&nbsp;&nbsp; &#8211; Nowenna do <strong><em>NMP\nNieustaj\u0105cej Pomocy<\/em><\/strong> o godz. <strong>17<sup>30<\/sup><\/strong>.<\/p>\n\n\n\n<p><strong>&#8211; w pi\u0105tek &nbsp;&nbsp;&nbsp; &nbsp;&nbsp;&nbsp;&nbsp;&nbsp;&nbsp;&nbsp;&nbsp;&nbsp; &#8211; <\/strong>nabo\u017ce\u0144stwo<strong><em>\ndo \u015bw. Jana Paw\u0142a II o godz. <\/em><\/strong><strong>17<sup>30<\/sup><em><\/em><\/strong><\/p>\n\n\n\n<p><strong>5<\/strong><strong>.<\/strong> <strong>&nbsp;<\/strong>W tym tygodniu obchodzimy:<\/p>\n\n\n\n<p>&#8211; <strong>we\nwtorek <\/strong>\u2013 wspomnienie \u015bw. Jana\nChryzostoma, biskupa i doktora Ko\u015bcio\u0142a<\/p>\n\n\n\n<p>&#8211; <strong>w \u015brod\u0119&nbsp;&nbsp;\n<\/strong>&nbsp;&nbsp;\u2013 <strong><em>w naszej parafii uroczysto\u015b\u0107 Podwy\u017cszenia Krzy\u017ca \u015awi\u0119tego. &nbsp;<\/em><\/strong><\/p>\n\n\n\n<p><strong><em>&nbsp;&nbsp;&nbsp;&nbsp;&nbsp;&nbsp;&nbsp;&nbsp;&nbsp;&nbsp;&nbsp;&nbsp;&nbsp;&nbsp;&nbsp;&nbsp;&nbsp;&nbsp; &nbsp;&nbsp;&nbsp;&nbsp;&nbsp;&nbsp;Msze \u015bw. o <\/em><\/strong><strong>&nbsp;7<sup>00<\/sup> <\/strong>&nbsp;i <strong>u<em>roczysta\nMsza odpustowa <a>o godz. 18<sup>00<\/sup><\/a><\/em><\/strong><strong><em>.<\/em><\/strong><\/p>\n\n\n\n<p>&#8211; <strong>w\nczwartek<\/strong> \u2013 wspomnienie NMP\nBolesnej. Odpust w Tymowej <strong><em>o godz. 18<sup>00<\/sup>.<\/em><\/strong>\n<\/p>\n\n\n\n<p>&#8211; <strong>w\npi\u0105tek<\/strong> &nbsp;&nbsp;&nbsp;&nbsp;&nbsp;&#8211; wspomnienie \u015bw. m\u0119czennik\u00f3w Korneliusza,\npapie\u017ca i Cypriana, biskupa, <\/p>\n\n\n\n<p>&nbsp;&nbsp;&nbsp;&nbsp;&nbsp;&nbsp;&nbsp;&nbsp;&nbsp;&nbsp;&nbsp;&nbsp;&nbsp;&nbsp;&nbsp;&nbsp;&nbsp;&nbsp;&nbsp;&nbsp;&nbsp;\n&nbsp;&nbsp;imieniny s. Kornelii<\/p>\n\n\n\n<p><strong>6<\/strong><strong>. <\/strong><a>W\nprzysz\u0142\u0105 niedziel\u0119<\/a> b\u0119dziemy prze\u017cywa\u0107 <strong>25 Niedziel\u0119 zwyk\u0142\u0105<\/strong>. Msze \u015bw. wg porz\u0105dku niedzielnego. <\/p>\n\n\n\n<p><strong>7<\/strong><strong>.<\/strong> Kancelaria\nczynna codziennie po Mszy \u015bw. wieczornej z wyj\u0105tkiem niedziel, uroczysto\u015bci i\n\u015bwi\u0105t.<\/p>\n\n\n\n<p><strong>8<\/strong><strong>.<\/strong> Do nabycia jest\nprasa katolicka: Niedziela, Go\u015b\u0107 Niedzielny i R\u00f3\u017caniec. <\/p>\n\n\n\n<p><strong>9<\/strong><strong>.<\/strong> Dzi\u0119kuj\u0119 wszystkim,\nkt\u00f3rzy w tym tygodniu sprz\u0105tali \u015bwi\u0105tyni\u0119 i przygotowali j\u0105 na nasze spotkanie\neucharystyczne.<\/p>\n\n\n\n<p><strong>10<\/strong><strong>.<\/strong> Serdeczne B\u00f3g\nzap\u0142a\u0107 za ofiary sk\u0142adane na remonty w naszej parafii. <\/p>\n\n\n\n<p><strong>11.<\/strong>\nIntencje mszalne, obrazki \u2013 pami\u0105tki odprawionej Mszy \u015bw.<\/p>\n\n\n\n<p><strong>12.<\/strong>\n1 pa\u017adziernika 2022r. (sobota) odb\u0119dzie si\u0119 wyjazd&nbsp; do Krzeszowa na Diecezjaln\u0105 Pielgrzymk\u0119\n\u017bywego R\u00f3\u017ca\u0144ca. Wszystkich ch\u0119tnych zapraszamy&nbsp;\nna wyjazd Koszt pielgrzymki 65 z\u0142. Wyjazd o 7:00 rano w&nbsp; sobot\u0119.&nbsp;\nZapisy u p. Doroty Kr\u0119\u017cel i u p. Czes\u0142awy Kaczanowskiej.<\/p>\n\n\n\n<p><strong>13.<\/strong>\nWszystkich ch\u0142opc\u00f3w chc\u0105cych zosta\u0107 ministrantem, zapraszamy do wst\u0105pienia w\nszeregi Liturgicznej S\u0142u\u017cby O\u0142tarza. Zbi\u00f3rki kandydat\u00f3w i&nbsp; ministrant\u00f3w m\u0142odszych <strong>w<\/strong> <strong>ka\u017cdy\nwtorek o godzinie 16,<\/strong> za\u015b ministrant\u00f3w starszych i lektor\u00f3w <strong>w ka\u017cdy\nczwartek o godzinie 16<\/strong>. <\/p>\n\n\n\n<p><strong>14.<\/strong><strong>\nW \u015brod\u0119 po Mszy \u015bwi\u0119tej odpustowej<\/strong>, przy g\u0142\u00f3wnych\ndrzwiach ko\u015bcio\u0142a odb\u0119dzie si\u0119 kiermasz ciast. Ofiary zebrane ze sprzeda\u017cy\nciasta zostan\u0105 przekazane na dzieci i m\u0142odzie\u017c z naszej parafii. Zach\u0119camy do\nwspierania tego dzie\u0142a.<\/p>\n\n\n\n<p><em>\u017byczymy mi\u0142ego tygodnia\ni obfitych \u0142ask Bo\u017cych.<\/em><\/p>\n","protected":false},"excerpt":{"rendered":"<p>1. Dzi\u015b prze\u017cywamy 24 Niedziel\u0119 zwyk\u0142\u0105. Msze \u015bw. wg porz\u0105dku niedzielnego.Dzisiaj rozpoczniemy XI Tydzie\u0144 Wychowania w Polsce pod has\u0142em \u201eJa jestem drog\u0105 i prawd\u0105, i \u017cyciem\u201d (J 14, 6). 2. Msze \u015bw. w tygodniu&nbsp; o 700 i 1800. &nbsp; 3. Codziennie spowied\u017a i adoracja Naj\u015bwi\u0119tszego Sakramentu o godz. 1700. 4&#8230;. <a class=\"continue-reading-link\" href=\"http:\/\/parafia.scinawa.info\/index.php\/2022\/09\/11\/ogloszenia-duszpasterskie-24-niedziela-zwykla-11-09-2022\/\">Czytaj dalej <span class=\"meta-nav\">&rarr; <\/span><\/a><\/p>\n","protected":false},"author":2,"featured_media":0,"comment_status":"closed","ping_status":"closed","sticky":false,"template":"","format":"standard","meta":{"footnotes":""},"categories":[40],"tags":[],"class_list":["post-2125","post","type-post","status-publish","format-standard","hentry","category-ogloszenia-duszpasterskie"],"_links":{"self":[{"href":"http:\/\/parafia.scinawa.info\/index.php\/wp-json\/wp\/v2\/posts\/2125","targetHints":{"allow":["GET"]}}],"collection":[{"href":"http:\/\/parafia.scinawa.info\/index.php\/wp-json\/wp\/v2\/posts"}],"about":[{"href":"http:\/\/parafia.scinawa.info\/index.php\/wp-json\/wp\/v2\/types\/post"}],"author":[{"embeddable":true,"href":"http:\/\/parafia.scinawa.info\/index.php\/wp-json\/wp\/v2\/users\/2"}],"replies":[{"embeddable":true,"href":"http:\/\/parafia.scinawa.info\/index.php\/wp-json\/wp\/v2\/comments?post=2125"}],"version-history":[{"count":1,"href":"http:\/\/parafia.scinawa.info\/index.php\/wp-json\/wp\/v2\/posts\/2125\/revisions"}],"predecessor-version":[{"id":2126,"href":"http:\/\/parafia.scinawa.info\/index.php\/wp-json\/wp\/v2\/posts\/2125\/revisions\/2126"}],"wp:attachment":[{"href":"http:\/\/parafia.scinawa.info\/index.php\/wp-json\/wp\/v2\/media?parent=2125"}],"wp:term":[{"taxonomy":"category","embeddable":true,"href":"http:\/\/parafia.scinawa.info\/index.php\/wp-json\/wp\/v2\/categories?post=2125"},{"taxonomy":"post_tag","embeddable":true,"href":"http:\/\/parafia.scinawa.info\/index.php\/wp-json\/wp\/v2\/tags?post=2125"}],"curies":[{"name":"wp","href":"https:\/\/api.w.org\/{rel}","templated":true}]}}