{"id":2127,"date":"2022-09-11T00:25:52","date_gmt":"2022-09-10T22:25:52","guid":{"rendered":"http:\/\/parafia.scinawa.info\/?p=2127"},"modified":"2022-09-11T00:25:52","modified_gmt":"2022-09-10T22:25:52","slug":"intencje-mszalne-11-09-18-09-2022","status":"publish","type":"post","link":"http:\/\/parafia.scinawa.info\/index.php\/2022\/09\/11\/intencje-mszalne-11-09-18-09-2022\/","title":{"rendered":"INTENCJE MSZALNE 11.09 \u2013 18.09. 2022"},"content":{"rendered":"\n<p><strong><em>Sk\u0142adaj\u0105c\nOfiar\u0119, kt\u00f3ra nam przypomina niezmierzon\u0105 mi\u0142o\u015b\u0107 Twojego Syna, pokornie prosimy\nCi\u0119, Bo\u017ce, przyjmij intencje Twoich wiernych i spraw przez dzia\u0142anie\nEucharystii, aby w naszych rodzinach wzrasta\u0142a prawdziwa wiara, \u015bwi\u0119to\u015b\u0107 \u017cycia,\nbraterska mi\u0142o\u015b\u0107 i duch modlitwy. <\/em><\/strong><strong>Niech\nMatka Naj\u015bwi\u0119tsza wyprosi \u0142aski, o kt\u00f3re modlili\u015bmy si\u0119 w tej Mszy \u015bw. dla \u2026\nZa\u015b zmar\u0142ym \u2026 za kt\u00f3rych odprawiali\u015bmy Msz\u0119 \u015bw.: wieczny odpoczynek racz im\nda\u0107 Panie (\u2026); niech odpoczywaj\u0105 w pokoju wiecznym. Amen<\/strong><\/p>\n\n\n\n<p><strong>11.09<em>. &#8211; NIEDZIELA&nbsp; <\/em><\/strong><em><\/em><\/p>\n\n\n\n<p><strong>&nbsp; 8.oo \u2013 1) <\/strong>+ Teodor\u0119 Je\u017cyn\u0119 w rocz. \u015bm. oraz ++ z rodziny Je\u017cyn\u00f3w i Szynkler\u00f3w \u2013 modl\u0105\nsi\u0119 dzieci <\/p>\n\n\n\n<p><strong>&nbsp;&nbsp;&nbsp;&nbsp;&nbsp;&nbsp;&nbsp;&nbsp;&nbsp;&nbsp;&nbsp; &nbsp;\n2)<\/strong> ++ Bogdana w 19 rocz. \u015bm., ++ rodzic\u00f3w z obu stron:\nKatarzyn\u0119 i Andrzeja, Kazimier\u0119 <\/p>\n\n\n\n<p>&nbsp;&nbsp;&nbsp;&nbsp;&nbsp;&nbsp;&nbsp;&nbsp;&nbsp;&nbsp;&nbsp;&nbsp;&nbsp;&nbsp;&nbsp;&nbsp;&nbsp; i Wac\u0142awa oraz ++ z rodziny \u2013\nmodli si\u0119 rodzina<\/p>\n\n\n\n<p><strong>&nbsp; 9.3o \u2013 <\/strong>&nbsp;++ z rodziny Droni\u00f3w oraz W\u0142adys\u0142aw\u0119 i Jolant\u0119\nz rodziny Laszczy\u0144skich \u2013 modli si\u0119 J\u00f3zefa<\/p>\n\n\n\n<p>&nbsp;&nbsp;&nbsp;&nbsp;&nbsp;&nbsp;&nbsp;&nbsp;&nbsp;&nbsp;&nbsp;&nbsp;&nbsp;&nbsp; &nbsp;z m\u0119\u017cem <\/p>\n\n\n\n<p><strong>11.oo\n\u2013 1) <\/strong>w rocz. urodzin m\u0119\u017ca Jana,\nc\u00f3rki Oli i wnuczki Nadii dzi\u0119kczynna z pro\u015bb\u0105 o zdrowie, dary<\/p>\n\n\n\n<p>&nbsp;&nbsp;&nbsp;&nbsp;&nbsp;&nbsp;&nbsp;&nbsp;&nbsp;&nbsp;&nbsp;&nbsp;&nbsp; &nbsp;Ducha \u015awi\u0119tego, Bo\u017ce b\u0142ogos\u0142awie\u0144stwo, opiek\u0119\nNMP i \u015bw. Patron\u00f3w \u2013 modli si\u0119 \u017cona z synem<\/p>\n\n\n\n<p><strong>&nbsp;&nbsp;&nbsp;&nbsp;&nbsp;&nbsp;&nbsp;&nbsp;&nbsp;&nbsp;&nbsp; &nbsp;\n2) <\/strong>++ Micha\u0142a w 5 rocz. \u015bm. i\nKazimier\u0119 oraz ++ z rodziny Babij\u00f3w, Arciszewskich, <\/p>\n\n\n\n<p>&nbsp;&nbsp;&nbsp;&nbsp;&nbsp; &nbsp;&nbsp;&nbsp;&nbsp;&nbsp;&nbsp;&nbsp;&nbsp;&nbsp;&nbsp;&nbsp;&nbsp;Chrzanowskich, siostr\u0119 Agnieszk\u0119\nJadwi\u017cank\u0119 i dusze w czy\u015b\u0107cu cierpi\u0105ce<\/p>\n\n\n\n<p><strong>12.3o\n\u2013 1) <\/strong>w 18 rocz. urodzin Paw\u0142a dzi\u0119kczynna\nza otrzymane \u0142aski z pro\u015bb\u0105 o zdrowie, dary Ducha &nbsp;<\/p>\n\n\n\n<p>&nbsp;&nbsp; \u015awi\u0119tego, Bo\u017ce b\u0142ogos\u0142awie\u0144stwo,\nopiek\u0119 NMP i \u015bw. Patron\u00f3w \u2013 modl\u0105 si\u0119 rodzice, siostra i dziadkowie<\/p>\n\n\n\n<p><strong>&nbsp;&nbsp;&nbsp;&nbsp;&nbsp;&nbsp;&nbsp;&nbsp;&nbsp;&nbsp;&nbsp; &nbsp;\n2)<\/strong> ++ rodzic\u00f3w: Tekl\u0119 i Micha\u0142a Nowak\u00f3w oraz ++ z ich\nrodzin \u2013 modl\u0105 si\u0119 syn i c\u00f3rka z rodzinami<\/p>\n\n\n\n<p>&nbsp;&nbsp;&nbsp;&nbsp;&nbsp;&nbsp;&nbsp;&nbsp;&nbsp;&nbsp;&nbsp;&nbsp;&nbsp;&nbsp;&nbsp;&nbsp;&nbsp;&nbsp;&nbsp;&nbsp;&nbsp;&nbsp;&nbsp;&nbsp;&nbsp;&nbsp;&nbsp;&nbsp;&nbsp;&nbsp;&nbsp;&nbsp;&nbsp;&nbsp; <strong><em>Chrzest po Mszy: Marcelina Podbor\u0105czy\u0144ska<\/em><\/strong><\/p>\n\n\n\n<p><strong>18.oo\n\u2013 1) <\/strong>+ J\u00f3zefa oraz ++ z rodziny\nChmielowskich i Sto\u017ck\u00f3w \u2013 modli si\u0119 rodzina <\/p>\n\n\n\n<p><strong>&nbsp;&nbsp;&nbsp; 2) <\/strong>w 60 rocz. urodzin m\u0119\u017ca Krzysztofa dzi\u0119kczynna za otrzymane \u0142aski z pro\u015bb\u0105 o\nzdrowie, dary Ducha<\/p>\n\n\n\n<p>&nbsp;&nbsp;&nbsp;&nbsp;&nbsp;&nbsp;&nbsp; &nbsp;\u015awi\u0119tego, Bo\u017ce b\u0142ogos\u0142awie\u0144stwo, opiek\u0119 NMP i\n\u015bw. Patron\u00f3w \u2013 modl\u0105 si\u0119 \u017cona, dzieci i rodzice<strong>\n&nbsp;&nbsp;<\/strong>&nbsp;<\/p>\n\n\n\n<p><strong>12.09<em>. \u2013 PONIEDZIA\u0141EK<\/em><\/strong><\/p>\n\n\n\n<p><strong>&nbsp; 7.oo \u2013 + Wojciecha Gom\u00f3\u0142k\u0119 <\/strong>gregorianka 1 \u2013 modli si\u0119 Jan Wielosik<\/p>\n\n\n\n<p><strong>18.oo\n\u2013 1) <\/strong>+ Janusza Pawlikowskiego\n<\/p>\n\n\n\n<p><strong>&nbsp;&nbsp;&nbsp;&nbsp;&nbsp;&nbsp;&nbsp;&nbsp;&nbsp;&nbsp;&nbsp; &nbsp;\n2)<\/strong> w 70 rocz. urodzin mamy i\nbabci dzi\u0119kczynna z pro\u015bb\u0105 o zdrowie, dary Ducha \u015awi\u0119tego, Bo\u017ce<\/p>\n\n\n\n<p>&nbsp;&nbsp;&nbsp;&nbsp;&nbsp;&nbsp; &nbsp;&nbsp;&nbsp;&nbsp;&nbsp;&nbsp;&nbsp;&nbsp;&nbsp;&nbsp;&nbsp;b\u0142ogos\u0142awie\u0144stwo, opiek\u0119 NMP i \u015bw. Patron\u00f3w \u2013\nmodl\u0105 si\u0119 dzieci i wnuki<\/p>\n\n\n\n<p><strong>13.09<em>. &#8211; WTOREK<\/em><\/strong><em><\/em><\/p>\n\n\n\n<p><strong>7.oo\n\u2013 + Wojciecha Gom\u00f3\u0142k\u0119 <\/strong>gregorianka\n2 \u2013\nmodli si\u0119 J\u00f3zefa Gom\u00f3\u0142ka<\/p>\n\n\n\n<p><strong>18.oo\n\u2013 <\/strong>++ rodzic\u00f3w: Katarzyn\u0119 i Edwarda Beni\u00f3w i brata Kazimierza\n\u2013 modli si\u0119 syn z rodzina<\/p>\n\n\n\n<p><strong>14.09<em>. \u2013 \u015aRODA <\/em><\/strong><\/p>\n\n\n\n<p><strong>&nbsp; 7.oo \u2013 + Wojciecha Gom\u00f3\u0142k\u0119 <\/strong>gregorianka 3 \u2013 modli si\u0119 kuzyn\nKrzysztof z narzeczon\u0105<\/p>\n\n\n\n<p><strong>18.oo\n\u2013&nbsp; intencja zbiorowa nowennowa:<\/strong><\/p>\n\n\n\n<p><strong>1)<\/strong>\nza Parafian<\/p>\n\n\n\n<p><strong>2)<\/strong>\n+ Micha\u0142a Czuczo\u0142\u0119 w 1 rocz. \u015bm. \u2013 modli si\u0119 c\u00f3rka Dorota z rodzin\u0105<\/p>\n\n\n\n<p><strong>3)<\/strong> ++ Witolda w 33 rocz. \u015bm., rodzic\u00f3w: Magdalen\u0119 i\nKorneliusza oraz syna Mariusza<\/p>\n\n\n\n<p><strong>4)<\/strong> + Halin\u0119 Cir\u00f3g w 1 rocz. \u015bm. oraz ++ z rodziny \u2013\nmodli si\u0119 rodzina<\/p>\n\n\n\n<p>5) ++ Bronis\u0142awa i Halin\u0119 Bednarskich \u2013 modli si\u0119 rodzina<\/p>\n\n\n\n<p><strong>6)<\/strong> ++ rodzic\u00f3w: Petronel\u0119 i Leona Kasprzak\u00f3w,\nKatarzyn\u0119 i Karola Podulk\u00f3w oraz ich najbli\u017cszych \u2013 modli si\u0119 rodzina<\/p>\n\n\n\n<p><strong>7)<\/strong> ++ Franciszk\u0119, Micha\u0142a, Stanis\u0142awa, Jana i J\u00f3zefa z\nrodziny Bilewicz\u00f3w \u2013 modli si\u0119 rodzina<\/p>\n\n\n\n<p><strong>15.09<em>. \u2013 CZWARTEK <\/em><\/strong><em>&nbsp;<\/em><\/p>\n\n\n\n<p><strong>&nbsp; 7.oo \u2013<\/strong> &nbsp;<strong>+ Wojciecha\nGom\u00f3\u0142k\u0119 <\/strong>gregorianka 4 \u2013\nmodli si\u0119 kuzyn Tomasz<\/p>\n\n\n\n<p><strong>18.oo\n\u2013 <\/strong>++ rodzic\u00f3w z obu stron \u2013 modl\u0105 si\u0119 dzieci i wnuki<\/p>\n\n\n\n<p><strong>16.09<em>. \u2013 PI\u0104TEK<\/em><\/strong><\/p>\n\n\n\n<p><strong>&nbsp; &nbsp;&nbsp;7.oo\n\u2013<\/strong>\n<strong>+ Wojciecha Gom\u00f3\u0142k\u0119 <\/strong>gregorianka 5 \u2013 modli si\u0119 Helena\n\u0141atka<\/p>\n\n\n\n<p><strong>18.oo\n\u2013 1) <\/strong>&nbsp;za siostr\u0119 Korneli\u0119 z okazji imienin dzi\u0119kczynna\nz pro\u015bb\u0105 o zdrowie, dary Ducha \u015awi\u0119tego, <\/p>\n\n\n\n<p>&nbsp;&nbsp;&nbsp;&nbsp;&nbsp;&nbsp;&nbsp;&nbsp;&nbsp;&nbsp;&nbsp;&nbsp;&nbsp;&nbsp; &nbsp;&nbsp;&nbsp;Bo\u017ce b\u0142ogos\u0142awie\u0144stwo\ni&nbsp; opiek\u0119 NMP<\/p>\n\n\n\n<p><strong>&nbsp;&nbsp;&nbsp;&nbsp;&nbsp;&nbsp;&nbsp;&nbsp;&nbsp;&nbsp;&nbsp; &nbsp;\n2)<\/strong> ++ tat\u0119 Aleksandra w 34 rocz. \u015bm. oraz brata Karola\nw 4 miesi\u0105ce po pogrzebie <\/p>\n\n\n\n<p>&nbsp;&nbsp;&nbsp;&nbsp; &nbsp;&nbsp;&nbsp;&nbsp;&nbsp;&nbsp;&nbsp;&nbsp;&nbsp;&nbsp;&nbsp;&nbsp;&nbsp;oraz ++ z rodziny Sienkiewicz\u00f3w i\nIlkowskich \u2013 modli si\u0119 c\u00f3rka z rodzin\u0105 <\/p>\n\n\n\n<p><strong><em>17.09.\n\u2013 SOBOTA<\/em><\/strong><\/p>\n\n\n\n<p><strong>&nbsp; &nbsp;&nbsp;7.oo\n\u2013<\/strong>\n<strong>1) + Wojciecha Gom\u00f3\u0142k\u0119 <\/strong>gregorianka 6 \u2013 modli si\u0119 kuzynka\nMagda Gom\u00f3\u0142ka z narzeczonym<\/p>\n\n\n\n<p>&nbsp;&nbsp;&nbsp;&nbsp;&nbsp;&nbsp;&nbsp;&nbsp;&nbsp;&nbsp;&nbsp;&nbsp;&nbsp;&nbsp;&nbsp;&nbsp;&nbsp;&nbsp;&nbsp; &nbsp;Kamilem<\/p>\n\n\n\n<p><strong>&nbsp;&nbsp; 2) <\/strong>w 70 rocz. urodzin Teresy dzi\u0119kczynna za otrzymane \u0142aski z pro\u015bb\u0105 o\nzdrowie, dary Ducha \u015awi\u0119tego,<\/p>\n\n\n\n<p>&nbsp;&nbsp;&nbsp;&nbsp;&nbsp;&nbsp; &nbsp;Bo\u017ce b\u0142ogos\u0142awie\u0144stwo, opiek\u0119 NMP i \u015bw.\nPatron\u00f3w na dalsze lata \u017cycia \u2013 modli si\u0119 W\u0142adys\u0142awa<\/p>\n\n\n\n<p><strong>18.oo\n\u2013 1) <\/strong>++ Eugeni\u0119, J\u00f3zefa,\nZdzis\u0142awa i Jana z rodziny K\u0119pk\u00f3w \u2013 modli si\u0119 c\u00f3rka z m\u0119\u017cem i dzie\u0107mi\n<\/p>\n\n\n\n<p><strong>&nbsp;&nbsp;&nbsp;&nbsp;&nbsp;&nbsp;&nbsp;&nbsp;&nbsp;&nbsp;&nbsp; &nbsp;\n2)<\/strong> &nbsp;+ Jana\nJastrz\u0119bskiego w 3 rocz. \u015bm., ++ rodzic\u00f3w: Pelagie i W\u0142adys\u0142awa, te\u015bci\u00f3w: Joann\u0119<\/p>\n\n\n\n<p>&nbsp;&nbsp;&nbsp;&nbsp;&nbsp;&nbsp;&nbsp;&nbsp;&nbsp;&nbsp;&nbsp;&nbsp;&nbsp;&nbsp;&nbsp;&nbsp;&nbsp; &nbsp;i Piotra, rodze\u0144stwo: Wand\u0119 i Kazimierza \u2013\nmodli si\u0119 \u017cona i syn z rodzin\u0105<\/p>\n\n\n\n<p><strong><em>18.09.\n\u2013 NIEDZIELA&nbsp; <\/em><\/strong><\/p>\n\n\n\n<p><strong>&nbsp; 8.oo \u2013 1) <\/strong>++ J\u00f3zefa w 21\nrocz. \u015bm. i Kazimier\u0119 Szymczak\u00f3w, ++ dziadk\u00f3w: Weronik\u0119 i Stanis\u0142awa<\/p>\n\n\n\n<p>&nbsp;&nbsp;&nbsp;&nbsp;&nbsp;&nbsp;&nbsp;&nbsp;&nbsp;&nbsp;&nbsp;&nbsp;&nbsp;&nbsp;&nbsp; &nbsp;Jakubowicz\u00f3w oraz Maryl\u0119 Sta\u0144czyk z domu\nSzymczak \u2013 modli si\u0119 rodzina <\/p>\n\n\n\n<p><strong>&nbsp;&nbsp;&nbsp;&nbsp;&nbsp;&nbsp;&nbsp;&nbsp;&nbsp;&nbsp;&nbsp; &nbsp;\n2)<\/strong> w 40 rocz.\n\u015blubu Gra\u017cyny i Jana Dudziak\u00f3w dzi\u0119kczynna z pro\u015bb\u0105 o zdrowie, Bo\u017ce<\/p>\n\n\n\n<p>&nbsp;&nbsp;&nbsp;&nbsp;&nbsp;&nbsp;&nbsp;&nbsp;&nbsp;&nbsp;&nbsp;&nbsp;&nbsp;&nbsp; &nbsp;&nbsp;b\u0142ogos\u0142awie\u0144stwo,\ndary Ducha \u015awi\u0119tego,&nbsp; opiek\u0119 NMP i \u015bw.\nPatron\u00f3w<\/p>\n\n\n\n<p><strong>&nbsp; 9.3o \u2013 <\/strong>&nbsp;+ Jana Cie\u015bli\u0144skiego w 23 rocz. \u015bm. oraz ++ z\nrodziny Cie\u015bli\u0144skich, \u0141oz\u00f3w, Wr\u00f3blewskich <\/p>\n\n\n\n<p>&nbsp;&nbsp;&nbsp;&nbsp;&nbsp;&nbsp;&nbsp;&nbsp;&nbsp;&nbsp;&nbsp;&nbsp;&nbsp;&nbsp;&nbsp; i Wojciechowskich \u2013 modli si\u0119 rodzina\n<\/p>\n\n\n\n<p><strong>11.oo\n\u2013 1) <\/strong>w intencji Malwinki w 3\nrocz. urodzin dzi\u0119kczynna z pro\u015bb\u0105 o zdrowie, Bo\u017ce<\/p>\n\n\n\n<p>&nbsp;&nbsp;&nbsp;&nbsp;&nbsp;&nbsp;&nbsp;&nbsp;&nbsp;&nbsp;&nbsp;&nbsp;&nbsp;&nbsp; &nbsp;&nbsp;b\u0142ogos\u0142awie\u0144stwo,\ndary Ducha \u015awi\u0119tego,&nbsp; opiek\u0119 NMP i \u015bw.\nPatron\u00f3w<\/p>\n\n\n\n<p><strong>&nbsp;&nbsp;&nbsp;&nbsp;&nbsp;&nbsp;&nbsp;&nbsp;&nbsp;&nbsp;&nbsp; &nbsp;\n2) <\/strong>w intencji cz\u0142onk\u00f3w Ko\u0142a\nZwi\u0105zku Sybirak\u00f3w i ich rodzin dzi\u0119kczynna z pro\u015bb\u0105 o zdrowie,<\/p>\n\n\n\n<p>&nbsp;&nbsp;&nbsp;&nbsp;&nbsp;&nbsp;&nbsp;&nbsp;&nbsp;&nbsp;&nbsp;&nbsp; dary Ducha \u015awi\u0119tego,\nBo\u017ce b\u0142ogos\u0142awie\u0144stwo, opiek\u0119 NMP oraz ++ Sybirak\u00f3w i z ich rodzin<\/p>\n\n\n\n<p>&nbsp;&nbsp;&nbsp;&nbsp;&nbsp;&nbsp;&nbsp;&nbsp;&nbsp;&nbsp;&nbsp;&nbsp;&nbsp; &nbsp;\u2013 modli si\u0119 Ko\u0142o Sybirak\u00f3w w \u015acinawie\n<\/p>\n\n\n\n<p><strong>12.3o\n\u2013 1) <\/strong>++ rodzic\u00f3w: Jana i Helen\u0119\nSt\u0119pieni\u00f3w, Olg\u0119 i Karola Kogut\u00f3w &#8211; modl\u0105 si\u0119 dzieci i wnuki<\/p>\n\n\n\n<p><strong>&nbsp;&nbsp;&nbsp;&nbsp;&nbsp;&nbsp;&nbsp;&nbsp;&nbsp;&nbsp;&nbsp; &nbsp;\n2)<\/strong> w intencji rodziny Ko\u0142acz\u00f3w z pro\u015bb\u0105 o pomno\u017cenie wiary,\npobo\u017cno\u015bci, pokoju i nadziei <\/p>\n\n\n\n<p>&nbsp;&nbsp;&nbsp;&nbsp;&nbsp;&nbsp;&nbsp;&nbsp;&nbsp;&nbsp;&nbsp;&nbsp;&nbsp;&nbsp;&nbsp;&nbsp; oraz z pro\u015bb\u0105 o \u0142ask\u0119\nnawr\u00f3cenia dla syna i jego rodziny<\/p>\n\n\n\n<p>&nbsp;&nbsp;&nbsp;&nbsp;&nbsp;&nbsp;&nbsp;&nbsp;&nbsp;&nbsp;&nbsp; &nbsp; <strong>3)<\/strong> w 30 rocz. \u015blubu Marzeny i Tadeusza Musia\u0142\u00f3w dzi\u0119kczynna\nz pro\u015bb\u0105 o zdrowie, Bo\u017ce<\/p>\n\n\n\n<p>&nbsp; &nbsp;&nbsp;&nbsp;&nbsp;&nbsp;&nbsp;&nbsp;&nbsp;b\u0142ogos\u0142awie\u0144stwo,\ndary Ducha \u015awi\u0119tego,&nbsp; opiek\u0119 NMP i \u015bw.\nPatron\u00f3w \u2013 modl\u0105 si\u0119 dzieci i wnuczka<\/p>\n\n\n\n<p>&nbsp;&nbsp;&nbsp;&nbsp;&nbsp;&nbsp;&nbsp;&nbsp;&nbsp;&nbsp;&nbsp;&nbsp;&nbsp;&nbsp;&nbsp;&nbsp;&nbsp;&nbsp;&nbsp;&nbsp;&nbsp;&nbsp;&nbsp; &nbsp;&nbsp;&nbsp;&nbsp;&nbsp;&nbsp;&nbsp;&nbsp;&nbsp;&nbsp;&nbsp; <strong><em>Chrzest\npo Mszy: Pola Mazur<\/em><\/strong><\/p>\n\n\n\n<p><strong>18.oo\n\u2013 1) + Wojciecha Gom\u00f3\u0142k\u0119 <\/strong>gregorianka\n7\n\u2013 modli si\u0119 modli si\u0119 kuzynka Magda Gom\u00f3\u0142ka <\/p>\n\n\n\n<p>&nbsp;&nbsp;&nbsp;&nbsp;&nbsp;&nbsp;&nbsp;&nbsp;&nbsp;&nbsp;&nbsp;&nbsp;&nbsp;&nbsp;&nbsp;&nbsp;&nbsp; z narzeczonym Kamilem<\/p>\n\n\n\n<p><strong>&nbsp;&nbsp;&nbsp;&nbsp;&nbsp;&nbsp;&nbsp;&nbsp;&nbsp;&nbsp;&nbsp; &nbsp;2)<\/strong> ++ rodzic\u00f3w: Piotra w\n21 rocz. \u015bm. i Joann\u0119 w 25 rocz. \u015bm. Jastrz\u0119bskich, Mari\u0119 w 28 rocz. \u015bm. <\/p>\n\n\n\n<p>&nbsp;&nbsp;&nbsp;&nbsp;&nbsp;&nbsp;&nbsp;&nbsp;&nbsp;&nbsp;&nbsp;&nbsp;&nbsp;&nbsp;&nbsp;&nbsp; i J\u00f3zefa w 7 rocz. \u015bm. Mizier\u00f3w,,\nsiostr\u0119 Mari\u0119 Szpularz w 7 rocz. \u015bm., brata Jana <\/p>\n\n\n\n<p>&nbsp;&nbsp;&nbsp;&nbsp;&nbsp;&nbsp;&nbsp;&nbsp;&nbsp;&nbsp;&nbsp;&nbsp; &nbsp;&nbsp;&nbsp;Jastrz\u0119bskiego w 2 rocz. \u015bm. oraz kuzynk\u0119\nKrystyn\u0119 Brzezi\u0144sk\u0105 w 2 rocz. \u015bm. i siostr\u0119 J\u00f3zi\u0119<\/p>\n","protected":false},"excerpt":{"rendered":"<p>Sk\u0142adaj\u0105c Ofiar\u0119, kt\u00f3ra nam przypomina niezmierzon\u0105 mi\u0142o\u015b\u0107 Twojego Syna, pokornie prosimy Ci\u0119, Bo\u017ce, przyjmij intencje Twoich wiernych i spraw przez dzia\u0142anie Eucharystii, aby w naszych rodzinach wzrasta\u0142a prawdziwa wiara, \u015bwi\u0119to\u015b\u0107 \u017cycia, braterska mi\u0142o\u015b\u0107 i duch modlitwy. Niech Matka Naj\u015bwi\u0119tsza wyprosi \u0142aski, o kt\u00f3re modlili\u015bmy si\u0119 w tej Mszy \u015bw. dla&#8230; <a class=\"continue-reading-link\" href=\"http:\/\/parafia.scinawa.info\/index.php\/2022\/09\/11\/intencje-mszalne-11-09-18-09-2022\/\">Czytaj dalej <span class=\"meta-nav\">&rarr; <\/span><\/a><\/p>\n","protected":false},"author":2,"featured_media":0,"comment_status":"closed","ping_status":"closed","sticky":false,"template":"","format":"standard","meta":{"footnotes":""},"categories":[39],"tags":[],"class_list":["post-2127","post","type-post","status-publish","format-standard","hentry","category-intencje"],"_links":{"self":[{"href":"http:\/\/parafia.scinawa.info\/index.php\/wp-json\/wp\/v2\/posts\/2127","targetHints":{"allow":["GET"]}}],"collection":[{"href":"http:\/\/parafia.scinawa.info\/index.php\/wp-json\/wp\/v2\/posts"}],"about":[{"href":"http:\/\/parafia.scinawa.info\/index.php\/wp-json\/wp\/v2\/types\/post"}],"author":[{"embeddable":true,"href":"http:\/\/parafia.scinawa.info\/index.php\/wp-json\/wp\/v2\/users\/2"}],"replies":[{"embeddable":true,"href":"http:\/\/parafia.scinawa.info\/index.php\/wp-json\/wp\/v2\/comments?post=2127"}],"version-history":[{"count":1,"href":"http:\/\/parafia.scinawa.info\/index.php\/wp-json\/wp\/v2\/posts\/2127\/revisions"}],"predecessor-version":[{"id":2128,"href":"http:\/\/parafia.scinawa.info\/index.php\/wp-json\/wp\/v2\/posts\/2127\/revisions\/2128"}],"wp:attachment":[{"href":"http:\/\/parafia.scinawa.info\/index.php\/wp-json\/wp\/v2\/media?parent=2127"}],"wp:term":[{"taxonomy":"category","embeddable":true,"href":"http:\/\/parafia.scinawa.info\/index.php\/wp-json\/wp\/v2\/categories?post=2127"},{"taxonomy":"post_tag","embeddable":true,"href":"http:\/\/parafia.scinawa.info\/index.php\/wp-json\/wp\/v2\/tags?post=2127"}],"curies":[{"name":"wp","href":"https:\/\/api.w.org\/{rel}","templated":true}]}}