{"id":2129,"date":"2022-09-17T14:47:11","date_gmt":"2022-09-17T12:47:11","guid":{"rendered":"http:\/\/parafia.scinawa.info\/?p=2129"},"modified":"2022-09-17T14:47:11","modified_gmt":"2022-09-17T12:47:11","slug":"intencje-mszalne-18-09-25-09-2022","status":"publish","type":"post","link":"http:\/\/parafia.scinawa.info\/index.php\/2022\/09\/17\/intencje-mszalne-18-09-25-09-2022\/","title":{"rendered":"INTENCJE MSZALNE 18.09 \u2013 25.09. 2022"},"content":{"rendered":"\n<p><strong><em>Sk\u0142adaj\u0105c\nOfiar\u0119, kt\u00f3ra nam przypomina niezmierzon\u0105 mi\u0142o\u015b\u0107 Twojego Syna, pokornie prosimy\nCi\u0119, Bo\u017ce, przyjmij intencje Twoich wiernych i spraw przez dzia\u0142anie\nEucharystii, aby w naszych rodzinach wzrasta\u0142a prawdziwa wiara, \u015bwi\u0119to\u015b\u0107 \u017cycia,\nbraterska mi\u0142o\u015b\u0107 i duch modlitwy. <\/em><\/strong><strong>Niech\nMatka Naj\u015bwi\u0119tsza wyprosi \u0142aski, o kt\u00f3re modlili\u015bmy si\u0119 w tej Mszy \u015bw. dla \u2026\nZa\u015b zmar\u0142ym \u2026 za kt\u00f3rych odprawiali\u015bmy Msz\u0119 \u015bw.: wieczny odpoczynek racz im\nda\u0107 Panie (\u2026); niech odpoczywaj\u0105 w pokoju wiecznym. Amen<\/strong><\/p>\n\n\n\n<p><strong>18.09<em>. &#8211; NIEDZIELA&nbsp; <\/em><\/strong><em><\/em><\/p>\n\n\n\n<p><strong>&nbsp; 8.oo \u2013 1) <\/strong>++ J\u00f3zefa w 21\nrocz. \u015bm. i Kazimier\u0119 Szymczak\u00f3w, ++ dziadk\u00f3w: Weronik\u0119 i Stanis\u0142awa<\/p>\n\n\n\n<p>&nbsp;&nbsp;&nbsp;&nbsp;&nbsp;&nbsp;&nbsp;&nbsp;&nbsp;&nbsp;&nbsp;&nbsp;&nbsp;&nbsp;&nbsp; &nbsp;Jakubowicz\u00f3w oraz Maryl\u0119 Sta\u0144czyk z domu\nSzymczak \u2013 modli si\u0119 rodzina <\/p>\n\n\n\n<p><strong>&nbsp;&nbsp;&nbsp;&nbsp;&nbsp;&nbsp;&nbsp;&nbsp;&nbsp;&nbsp;&nbsp; &nbsp;\n2)<\/strong> w 40 rocz.\n\u015blubu Gra\u017cyny i Jana Dudziak\u00f3w dzi\u0119kczynna z pro\u015bb\u0105 o zdrowie, Bo\u017ce<\/p>\n\n\n\n<p>&nbsp;&nbsp;&nbsp;&nbsp;&nbsp;&nbsp;&nbsp;&nbsp;&nbsp;&nbsp;&nbsp;&nbsp;&nbsp;&nbsp; &nbsp;&nbsp;b\u0142ogos\u0142awie\u0144stwo,\ndary Ducha \u015awi\u0119tego,&nbsp; opiek\u0119 NMP i \u015bw.\nPatron\u00f3w<\/p>\n\n\n\n<p><strong>&nbsp; 9.3o \u2013 <\/strong>&nbsp;+ Jana Cie\u015bli\u0144skiego w 23 rocz. \u015bm. oraz ++ z\nrodziny Cie\u015bli\u0144skich, \u0141oz\u00f3w, Wr\u00f3blewskich <\/p>\n\n\n\n<p>&nbsp;&nbsp;&nbsp;&nbsp;&nbsp;&nbsp;&nbsp;&nbsp;&nbsp;&nbsp;&nbsp;&nbsp;&nbsp;&nbsp;&nbsp; i Wojciechowskich \u2013 modli si\u0119 rodzina\n<\/p>\n\n\n\n<p><strong>11.oo\n\u2013 1) <\/strong>w intencji Malwinki w 3\nrocz. urodzin dzi\u0119kczynna z pro\u015bb\u0105 o zdrowie, Bo\u017ce<\/p>\n\n\n\n<p>&nbsp;&nbsp;&nbsp;&nbsp;&nbsp;&nbsp;&nbsp;&nbsp;&nbsp;&nbsp;&nbsp;&nbsp;&nbsp;&nbsp; &nbsp;&nbsp;b\u0142ogos\u0142awie\u0144stwo,\ndary Ducha \u015awi\u0119tego,&nbsp; opiek\u0119 NMP i \u015bw.\nPatron\u00f3w<\/p>\n\n\n\n<p><strong>&nbsp;&nbsp;&nbsp;&nbsp;&nbsp;&nbsp;&nbsp;&nbsp;&nbsp;&nbsp;&nbsp; &nbsp;\n2) <\/strong>w intencji cz\u0142onk\u00f3w Ko\u0142a\nZwi\u0105zku Sybirak\u00f3w i ich rodzin dzi\u0119kczynna z pro\u015bb\u0105 o zdrowie,<\/p>\n\n\n\n<p>&nbsp;&nbsp;&nbsp;&nbsp;&nbsp;&nbsp;&nbsp;&nbsp;&nbsp;&nbsp;&nbsp;&nbsp; dary Ducha \u015awi\u0119tego,\nBo\u017ce b\u0142ogos\u0142awie\u0144stwo, opiek\u0119 NMP oraz ++ Sybirak\u00f3w i z ich rodzin<\/p>\n\n\n\n<p>&nbsp;&nbsp;&nbsp;&nbsp;&nbsp;&nbsp;&nbsp;&nbsp;&nbsp;&nbsp;&nbsp;&nbsp;&nbsp; &nbsp;\u2013 modli si\u0119 Ko\u0142o Sybirak\u00f3w w \u015acinawie\n<\/p>\n\n\n\n<p><strong>12.3o\n\u2013 1) <\/strong>++ rodzic\u00f3w: Jana i Helen\u0119\nSt\u0119pieni\u00f3w, Olg\u0119 i Karola Kogut\u00f3w &#8211; modl\u0105 si\u0119 dzieci i wnuki<\/p>\n\n\n\n<p><strong>&nbsp;&nbsp;&nbsp;&nbsp;&nbsp;&nbsp;&nbsp;&nbsp;&nbsp;&nbsp;&nbsp; &nbsp;\n2)<\/strong> w intencji rodziny Ko\u0142acz\u00f3w z pro\u015bb\u0105 o pomno\u017cenie wiary,\npobo\u017cno\u015bci, pokoju i nadziei <\/p>\n\n\n\n<p>&nbsp;&nbsp;&nbsp;&nbsp;&nbsp;&nbsp;&nbsp;&nbsp;&nbsp;&nbsp;&nbsp;&nbsp;&nbsp;&nbsp;&nbsp;&nbsp; oraz z pro\u015bb\u0105 o \u0142ask\u0119\nnawr\u00f3cenia dla syna i jego rodziny<\/p>\n\n\n\n<p>&nbsp;&nbsp;&nbsp;&nbsp;&nbsp;&nbsp;&nbsp;&nbsp;&nbsp;&nbsp;&nbsp; &nbsp; <strong>3)<\/strong> w 30 rocz. \u015blubu Marzeny i Tadeusza Musia\u0142\u00f3w dzi\u0119kczynna\nz pro\u015bb\u0105 o zdrowie, Bo\u017ce<\/p>\n\n\n\n<p>&nbsp; &nbsp;&nbsp;&nbsp;&nbsp;&nbsp;&nbsp;&nbsp;&nbsp;b\u0142ogos\u0142awie\u0144stwo,\ndary Ducha \u015awi\u0119tego,&nbsp; opiek\u0119 NMP i \u015bw.\nPatron\u00f3w \u2013 modl\u0105 si\u0119 dzieci i wnuczka<\/p>\n\n\n\n<p>&nbsp;&nbsp;&nbsp;&nbsp;&nbsp;&nbsp;&nbsp;&nbsp;&nbsp;&nbsp;&nbsp;&nbsp;&nbsp;&nbsp;&nbsp;&nbsp;&nbsp;&nbsp;&nbsp;&nbsp;&nbsp;&nbsp;&nbsp; &nbsp;&nbsp;&nbsp;&nbsp;&nbsp;&nbsp;&nbsp;&nbsp;&nbsp;&nbsp;&nbsp; <strong><em>Chrzest\npo Mszy: Pola Mazur<\/em><\/strong><\/p>\n\n\n\n<p><strong>18.oo\n\u2013 1) + Wojciecha Gom\u00f3\u0142k\u0119 <\/strong>gregorianka\n7\n\u2013 modli si\u0119 kuzynka Magda Gom\u00f3\u0142ka <\/p>\n\n\n\n<p>&nbsp;&nbsp;&nbsp;&nbsp;&nbsp;&nbsp;&nbsp;&nbsp;&nbsp;&nbsp;&nbsp;&nbsp;&nbsp;&nbsp;&nbsp;&nbsp;&nbsp; z narzeczonym Kamilem<\/p>\n\n\n\n<p><strong>&nbsp;&nbsp;&nbsp;&nbsp;&nbsp;&nbsp;&nbsp;&nbsp;&nbsp;&nbsp;&nbsp; &nbsp;2)<\/strong> ++ rodzic\u00f3w: Piotra w\n21 rocz. \u015bm. i Joann\u0119 w 25 rocz. \u015bm. Jastrz\u0119bskich, Mari\u0119 w 28 rocz. \u015bm. <\/p>\n\n\n\n<p>&nbsp;&nbsp;&nbsp;&nbsp;&nbsp;&nbsp;&nbsp;&nbsp;&nbsp;&nbsp;&nbsp;&nbsp;&nbsp;&nbsp;&nbsp;&nbsp; i J\u00f3zefa w 7 rocz. \u015bm. Mizier\u00f3w,,\nsiostr\u0119 Mari\u0119 Szpularz w 7 rocz. \u015bm., brata Jana <\/p>\n\n\n\n<p>&nbsp;&nbsp;&nbsp;&nbsp;&nbsp;&nbsp;&nbsp;&nbsp;&nbsp;&nbsp; &nbsp;&nbsp;&nbsp;&nbsp;&nbsp;Jastrz\u0119bskiego\nw 2 rocz. \u015bm. oraz kuzynk\u0119 Krystyn\u0119 Brzezi\u0144sk\u0105 w 2 rocz. \u015bm. i siostr\u0119 J\u00f3zi\u0119<strong> &nbsp;&nbsp;<\/strong>&nbsp;<\/p>\n\n\n\n<p><strong>19.09<em>. \u2013 PONIEDZIA\u0141EK<\/em><\/strong><\/p>\n\n\n\n<p><strong>&nbsp; 7.oo \u2013 <\/strong>&nbsp;<strong>+ Wojciecha\nGom\u00f3\u0142k\u0119 <\/strong>gregorianka 8 \u2013 modli\nsi\u0119 kuzynki Anna Gom\u00f3\u0142ka<\/p>\n\n\n\n<p><strong>18.oo\n\u2013 1) <\/strong>++ Czes\u0142aw\u0119 Machowiak, Franciszk\u0119 Jaks, Agnieszk\u0119,\nJana i J\u00f3zefa M\u0142ynark\u00f3w<\/p>\n\n\n\n<p><strong>&nbsp;&nbsp;&nbsp;&nbsp;&nbsp;&nbsp;&nbsp;&nbsp;&nbsp;&nbsp;&nbsp; &nbsp;\n2)<\/strong> + Stanis\u0142awa Fenglera &#8211;\n30 dzie\u0144 od pogrzebu &#8211; intencja od uczestnik\u00f3w Mszy pogrzebowej<\/p>\n\n\n\n<p><strong>20.09<em>. &#8211; WTOREK<\/em><\/strong><em><\/em><\/p>\n\n\n\n<p><strong>&nbsp; 7.oo \u2013 + Wojciecha Gom\u00f3\u0142k\u0119 <\/strong>gregorianka 9 \u2013 modli\nsi\u0119 ciocia Maria Gom\u00f3\u0142ka<\/p>\n\n\n\n<p><strong>13.oo\n\u2013<\/strong> + Ryszarda Wielgusa &#8211; pogrzebowa<\/p>\n\n\n\n<p><strong>18.oo\n\u2013 <\/strong>+ W\u0142adys\u0142awa Pa\u0144czyszyna &#8211;\n30 dzie\u0144 od pogrzebu &#8211; intencja od uczestnik\u00f3w Mszy pogrzebowej<\/p>\n\n\n\n<p><strong>21.09<em>. \u2013 \u015aRODA <\/em><\/strong><\/p>\n\n\n\n<p><strong>&nbsp; 7.oo \u20131) + Wojciecha Gom\u00f3\u0142k\u0119 <\/strong>gregorianka 10 \u2013 modli si\u0119 kuzynka\nMa\u0142gorzata<\/p>\n\n\n\n<p><strong>&nbsp;&nbsp;&nbsp;&nbsp;&nbsp;&nbsp;&nbsp;&nbsp;&nbsp;&nbsp;&nbsp; &nbsp;\n2)<\/strong><\/p>\n\n\n\n<p><strong>18.oo\n\u2013&nbsp; intencja zbiorowa nowennowa:<\/strong><\/p>\n\n\n\n<p><strong>&nbsp;1)<\/strong> + Henryka\nKochma\u0144skiego &#8211; 30 dzie\u0144 od pogrzebu &#8211; intencja od uczestnik\u00f3w Mszy pogrzebowej<\/p>\n\n\n\n<p><strong>&nbsp;2)<\/strong> + Stanis\u0142awa Fenglera \u2013\nmodli si\u0119 El\u017cbieta z Osieka<\/p>\n\n\n\n<p><strong>&nbsp;3)<\/strong> + W\u0142adys\u0142awa Pa\u0144czyszyna \u2013 modl\u0105 si\u0119 Urszula i Ryszard Adamczykowie<\/p>\n\n\n\n<p><strong>&nbsp;4)<\/strong><\/p>\n\n\n\n<p><strong>22.09<em>. \u2013 CZWARTEK <\/em><\/strong><em>&nbsp;<\/em><\/p>\n\n\n\n<p><strong>&nbsp; 7.oo \u2013<\/strong> <strong>1) <\/strong>&nbsp;<strong>+ Wojciecha Gom\u00f3\u0142k\u0119 <\/strong>gregorianka\n11 \u2013 kole\u017canki i koledzy ze SP w Kadczy rocznik 1971<\/p>\n\n\n\n<p><strong>&nbsp;&nbsp;&nbsp;&nbsp;&nbsp;&nbsp;&nbsp;&nbsp;&nbsp;&nbsp;&nbsp; &nbsp;\n2)<\/strong><\/p>\n\n\n\n<p><strong>18.oo\n\u2013 <\/strong>++ rodzic\u00f3w: W\u0142adys\u0142aw\u0119 w 4 rocz. \u015bm. i Tadeusza w\n23 rocz. \u015bm. z rodziny Mazurkiewicz\u00f3w,<\/p>\n\n\n\n<p>&nbsp;&nbsp;&nbsp;&nbsp;&nbsp;&nbsp;&nbsp;&nbsp;&nbsp;&nbsp;&nbsp; &nbsp;++ dziadk\u00f3w z obu stron oraz Teres\u0119 Kurman w 3\nrocz. \u015bm. \u2013 modli si\u0119 c\u00f3rka z rodzin\u0105<\/p>\n\n\n\n<p><strong>23.09<em>. \u2013 PI\u0104TEK<\/em><\/strong><\/p>\n\n\n\n<p><strong>&nbsp;7.oo \u2013<\/strong> &nbsp;<strong>1) <\/strong>&nbsp;<strong>+ Wojciecha\nGom\u00f3\u0142k\u0119 <\/strong>gregorianka 12 \u2013\nmodl\u0105 si\u0119 Stanis\u0142awa i Marek Witaszkowie<\/p>\n\n\n\n<p><strong>&nbsp;&nbsp;&nbsp;&nbsp;&nbsp;&nbsp;&nbsp;&nbsp;&nbsp;&nbsp;&nbsp; &nbsp;\n2)<\/strong><\/p>\n\n\n\n<p><strong>18.oo\n\u2013 1) <\/strong>++ rodzic\u00f3w: Jana i Helen\u0119\n\u0141ani\u00f3w, te\u015bci\u00f3w: Antonin\u0119 i Daniela W\u0142odarskich, m\u0119\u017ca Mariana<\/p>\n\n\n\n<p>&nbsp;&nbsp;&nbsp;&nbsp;&nbsp;&nbsp;&nbsp;&nbsp;&nbsp;&nbsp;&nbsp;&nbsp;&nbsp;&nbsp;&nbsp;&nbsp; &nbsp;oraz c\u00f3rk\u0119 Ann\u0119 \u2013 modli si\u0119 rodzina\n<\/p>\n\n\n\n<p><strong>&nbsp;&nbsp;&nbsp;&nbsp;&nbsp;&nbsp;&nbsp;&nbsp;&nbsp;&nbsp;&nbsp; &nbsp;\n2)<\/strong> w 16 rocz. \u015blubu Edyty i Marcina Chmielewskich &nbsp;dzi\u0119kczynna\nz pro\u015bb\u0105 o zdrowie, dary Ducha<\/p>\n\n\n\n<p>&nbsp;&nbsp;&nbsp;&nbsp;&nbsp;&nbsp;&nbsp;&nbsp;&nbsp;&nbsp;&nbsp;&nbsp;&nbsp;&nbsp;&nbsp; &nbsp;\u015awi\u0119tego, Bo\u017ce b\u0142ogos\u0142awie\u0144stwo, opiek\u0119 NMP \u2013\nmodli si\u0119 rodzina<\/p>\n\n\n\n<p><strong><em>24.09.\n\u2013 SOBOTA<\/em><\/strong><\/p>\n\n\n\n<p><strong>&nbsp;7.oo \u2013<\/strong> <strong>1) <\/strong>+ Bronis\u0142aw\u0119 Zio\u0142\u0119w 1 rocz. \u015bm. \u2013 modli si\u0119 rodzina &nbsp;<\/p>\n\n\n\n<p><strong>&nbsp;&nbsp;&nbsp;&nbsp;&nbsp;&nbsp;&nbsp;&nbsp;&nbsp;&nbsp;&nbsp; &nbsp;\n2)<\/strong> + Tadeusza Zielonego<\/p>\n\n\n\n<p><strong>&nbsp; &nbsp;&nbsp;&nbsp;&nbsp;&nbsp;&nbsp;&nbsp;&nbsp;&nbsp; &nbsp;&nbsp;3) + Wojciecha Gom\u00f3\u0142k\u0119 <\/strong>gregorianka 13 \u2013 modl\u0105\nsi\u0119&nbsp;&nbsp;&nbsp;&nbsp;&nbsp;&nbsp;&nbsp;&nbsp;&nbsp;&nbsp; Lucyna I Leszek Zemburowie<\/p>\n\n\n\n<p><strong>18.oo\n\u2013 1) <\/strong>++ Kazimierza, Czes\u0142aw\u0119,\nHelen\u0119, Stanis\u0142awa i J\u00f3zef\u0119 z rodziny Piast\u00f3w <\/p>\n\n\n\n<p><strong>&nbsp;&nbsp;&nbsp; 2)<\/strong> ++ Mari\u0119 w 1 rocz. \u015bm.\ni Stanis\u0142awa Laszczy\u0144skich oraz ++ dziadk\u00f3w z obu stron \u2013 modli si\u0119 rodzina <\/p>\n\n\n\n<p><strong><em>25.09.\n\u2013 NIEDZIELA&nbsp; <\/em><\/strong><\/p>\n\n\n\n<p><strong>&nbsp; 8.oo \u2013 1) <\/strong>zaj. P. St\u0119pie\u0144 <\/p>\n\n\n\n<p><strong>&nbsp;&nbsp;&nbsp;&nbsp;&nbsp;&nbsp;&nbsp;&nbsp;&nbsp;&nbsp;&nbsp; &nbsp;\n2)<\/strong> dzi\u0119kczynna z pro\u015bb\u0105 o\nzdrowie, dary Ducha \u015awi\u0119tego, Bo\u017ce b\u0142ogos\u0142awie\u0144stwo, opiek\u0119 NMP <\/p>\n\n\n\n<p>&nbsp;&nbsp;&nbsp;&nbsp;&nbsp;&nbsp;&nbsp;&nbsp;&nbsp;&nbsp;&nbsp;&nbsp;&nbsp;&nbsp;&nbsp;&nbsp;&nbsp; na ka\u017cdy dzie\u0144 \u017cycia\ndla Marii i Edwarda <\/p>\n\n\n\n<p><strong>&nbsp; 9.3o \u2013 <\/strong>&nbsp;+ Kazimierza G\u00f3r\u0119 w 16 rocz. \u015bm. oraz ++ z\nrodziny G\u00f3r\u00f3w \u2013 modli si\u0119 rodzina <\/p>\n\n\n\n<p><strong>11.oo\n\u2013 1) <\/strong>++ Micha\u0142a i Bronis\u0142aw\u0119\nRaks\u00f3w, J\u00f3zef\u0119 Dobrzy\u0144sk\u0105, El\u017cbiet\u0119 Demczak oraz ++ z rodziny &nbsp;&nbsp;&nbsp;&nbsp;&nbsp;&nbsp;&nbsp;&nbsp;&nbsp;&nbsp;&nbsp;&nbsp;<\/p>\n\n\n\n<p>&nbsp;&nbsp;&nbsp;&nbsp;&nbsp;&nbsp;&nbsp;&nbsp;&nbsp;&nbsp;&nbsp;&nbsp;&nbsp;&nbsp;&nbsp;&nbsp;&nbsp; Raks\u00f3w,\nKoz\u0142owskich, Trubickich i \u017bybort\u00f3w<\/p>\n\n\n\n<p><strong>&nbsp;&nbsp;&nbsp;&nbsp;&nbsp;&nbsp;&nbsp;&nbsp;&nbsp;&nbsp;&nbsp; &nbsp;\n2) <\/strong>+ Henryka Chomicza oraz ++\nBarbar\u0119 i Stanis\u0142aw\u0119 \u2013 modli si\u0119 rodzina <\/p>\n\n\n\n<p><strong>12.3o\n\u2013 1) <\/strong>w 30 rocz. \u015blubu Renaty i\nJana Paliszkiewicz\u00f3w, w 5 rocz. \u015blubu Kamili i Roberta Sow\u00f3w <\/p>\n\n\n\n<p>&nbsp;&nbsp;&nbsp;&nbsp;&nbsp;&nbsp;&nbsp;&nbsp;&nbsp;&nbsp;&nbsp;&nbsp;&nbsp;&nbsp;&nbsp; &nbsp;&nbsp;dzi\u0119kczynna z pro\u015bb\u0105 o zdrowie, Bo\u017ce b\u0142ogos\u0142awie\u0144stwo,\ndary Ducha \u015awi\u0119tego,&nbsp; opiek\u0119 NMP <\/p>\n\n\n\n<p>&nbsp;&nbsp;&nbsp;&nbsp;&nbsp;&nbsp;&nbsp;&nbsp;&nbsp;&nbsp;&nbsp;&nbsp;&nbsp;&nbsp;&nbsp;&nbsp;&nbsp; i \u015bw. Patron\u00f3w\noraz + Tomasza Ma\u017carskiego w 2 rocz. \u015bm. \u2013 modli si\u0119 rodzina<\/p>\n\n\n\n<p><strong>&nbsp;&nbsp;&nbsp;&nbsp;&nbsp;&nbsp;&nbsp;&nbsp;&nbsp;&nbsp;&nbsp; &nbsp;\n2)<\/strong> + Micha\u0142a Czuczo\u0142\u0119 w 1 rocz. \u015bm.<\/p>\n\n\n\n<p><strong>18.oo\n\u2013 &nbsp;1) <\/strong>&nbsp;<strong>+ Wojciecha\nGom\u00f3\u0142k\u0119 <\/strong>gregorianka 14 \u2013\nmodl\u0105\nsi\u0119 Anna i Jerzy Ramsowie<\/p>\n\n\n\n<p><strong>&nbsp;&nbsp;&nbsp;&nbsp;&nbsp;&nbsp;&nbsp;&nbsp;&nbsp;&nbsp;&nbsp; &nbsp;\n2)<\/strong> ++ Franciszk\u0119, Jana, J\u00f3zefa i Andrzeja z rodziny\nLis\u00f3w \u2013 modli si\u0119 rodzina<\/p>\n","protected":false},"excerpt":{"rendered":"<p>Sk\u0142adaj\u0105c Ofiar\u0119, kt\u00f3ra nam przypomina niezmierzon\u0105 mi\u0142o\u015b\u0107 Twojego Syna, pokornie prosimy Ci\u0119, Bo\u017ce, przyjmij intencje Twoich wiernych i spraw przez dzia\u0142anie Eucharystii, aby w naszych rodzinach wzrasta\u0142a prawdziwa wiara, \u015bwi\u0119to\u015b\u0107 \u017cycia, braterska mi\u0142o\u015b\u0107 i duch modlitwy. Niech Matka Naj\u015bwi\u0119tsza wyprosi \u0142aski, o kt\u00f3re modlili\u015bmy si\u0119 w tej Mszy \u015bw. dla&#8230; <a class=\"continue-reading-link\" href=\"http:\/\/parafia.scinawa.info\/index.php\/2022\/09\/17\/intencje-mszalne-18-09-25-09-2022\/\">Czytaj dalej <span class=\"meta-nav\">&rarr; <\/span><\/a><\/p>\n","protected":false},"author":2,"featured_media":0,"comment_status":"closed","ping_status":"closed","sticky":false,"template":"","format":"standard","meta":{"footnotes":""},"categories":[39],"tags":[],"class_list":["post-2129","post","type-post","status-publish","format-standard","hentry","category-intencje"],"_links":{"self":[{"href":"http:\/\/parafia.scinawa.info\/index.php\/wp-json\/wp\/v2\/posts\/2129","targetHints":{"allow":["GET"]}}],"collection":[{"href":"http:\/\/parafia.scinawa.info\/index.php\/wp-json\/wp\/v2\/posts"}],"about":[{"href":"http:\/\/parafia.scinawa.info\/index.php\/wp-json\/wp\/v2\/types\/post"}],"author":[{"embeddable":true,"href":"http:\/\/parafia.scinawa.info\/index.php\/wp-json\/wp\/v2\/users\/2"}],"replies":[{"embeddable":true,"href":"http:\/\/parafia.scinawa.info\/index.php\/wp-json\/wp\/v2\/comments?post=2129"}],"version-history":[{"count":1,"href":"http:\/\/parafia.scinawa.info\/index.php\/wp-json\/wp\/v2\/posts\/2129\/revisions"}],"predecessor-version":[{"id":2130,"href":"http:\/\/parafia.scinawa.info\/index.php\/wp-json\/wp\/v2\/posts\/2129\/revisions\/2130"}],"wp:attachment":[{"href":"http:\/\/parafia.scinawa.info\/index.php\/wp-json\/wp\/v2\/media?parent=2129"}],"wp:term":[{"taxonomy":"category","embeddable":true,"href":"http:\/\/parafia.scinawa.info\/index.php\/wp-json\/wp\/v2\/categories?post=2129"},{"taxonomy":"post_tag","embeddable":true,"href":"http:\/\/parafia.scinawa.info\/index.php\/wp-json\/wp\/v2\/tags?post=2129"}],"curies":[{"name":"wp","href":"https:\/\/api.w.org\/{rel}","templated":true}]}}