{"id":2135,"date":"2022-09-24T14:09:12","date_gmt":"2022-09-24T12:09:12","guid":{"rendered":"http:\/\/parafia.scinawa.info\/?p=2135"},"modified":"2022-09-24T14:09:12","modified_gmt":"2022-09-24T12:09:12","slug":"ogloszenia-duszpasterskie-26-niedziela-zwykla-25-09-2022","status":"publish","type":"post","link":"http:\/\/parafia.scinawa.info\/index.php\/2022\/09\/24\/ogloszenia-duszpasterskie-26-niedziela-zwykla-25-09-2022\/","title":{"rendered":"Og\u0142oszenia duszpasterskie  26 Niedziela zwyk\u0142a \u2013 25.09. 2022"},"content":{"rendered":"\n<p><strong>1<\/strong><strong>.<\/strong> Dzi\u015b prze\u017cywamy\n<strong>26 Niedziel\u0119 zwyk\u0142\u0105<\/strong>. Msze \u015bw. wg\nporz\u0105dku niedzielnego.<\/p>\n\n\n\n<p><strong>2<\/strong><strong>.<\/strong> Msze \u015bw. w\ntygodniu&nbsp; o <strong>7<sup>00<\/sup><\/strong> i <strong>18<sup>00<\/sup><\/strong>.\n&nbsp;<\/p>\n\n\n\n<p><strong>3.<\/strong>\nCodziennie spowied\u017a i <a>adoracja Naj\u015bwi\u0119tszego Sakramentu\no godz. <strong>17<sup>00<\/sup><\/strong><\/a><strong>.<\/strong><\/p>\n\n\n\n<p><strong>4. <\/strong><strong>W tym tygodniu nabo\u017ce\u0144stwa: <\/strong><\/p>\n\n\n\n<p><strong>&#8211; w poniedzia\u0142ek &nbsp;&nbsp; &#8211; <\/strong>nabo\u017ce\u0144stwo<strong>\n<em>do Bo\u017cego Mi\u0142osierdzia<\/em> <\/strong>o godz. <strong>17<sup>30<\/sup>. <\/strong><\/p>\n\n\n\n<p><strong>&#8211;<\/strong> <strong>w \u015brod\u0119<\/strong>\n&nbsp;&nbsp;&nbsp;&nbsp;&nbsp;&nbsp;&nbsp;&nbsp;&nbsp;&nbsp;&nbsp;&nbsp;&nbsp; <strong><sup>&#8211; &nbsp;<\/sup><\/strong>Nowenna do <strong><em>NMP Nieustaj\u0105cej Pomocy\ni \u015bw. Ojca Szarbela<\/em><\/strong> o godz. <strong>17<sup>30<\/sup><\/strong><\/p>\n\n\n\n<p>&#8211; <strong>w czwartek<\/strong>\n&nbsp;&nbsp;&nbsp;&nbsp;&nbsp;&nbsp;&nbsp;&nbsp; &#8211; nabo\u017ce\u0144stwo do <strong>\u015bw. Micha\u0142a\nArchanio\u0142a <\/strong>o godz. <strong>17<sup>30<\/sup><\/strong><\/p>\n\n\n\n<p>&#8211; <strong>w sobot\u0119<\/strong>\n&nbsp;&nbsp;&nbsp;&nbsp;&nbsp;&nbsp;&nbsp;&nbsp;&nbsp;&nbsp;&nbsp; &#8211; nabo\u017ce\u0144stwo <strong>I soboty\nmiesi\u0105ca<\/strong> <em>o godz.<\/em><strong>17<sup>00<\/sup><\/strong><\/p>\n\n\n\n<p><strong>5<\/strong><strong>.<\/strong> <strong>&nbsp;<\/strong>W tym tygodniu obchodzimy:<\/p>\n\n\n\n<p>&#8211; <strong>we\nwtorek<\/strong> \u2013 wspomnienie \u015bw.\nWincentego a Paulo, prezbitera<\/p>\n\n\n\n<p>&#8211; <strong>w\n\u015brod\u0119<\/strong> \u2013 wspomnienie \u015bw. Wac\u0142awa, m\u0119czennika<\/p>\n\n\n\n<p>&#8211; <strong>w czwartek<\/strong> \u2013 \u015bwi\u0119to \u015bw. Archanio\u0142\u00f3w Micha\u0142a, Gabriela i Rafa\u0142a<\/p>\n\n\n\n<p>&#8211; <strong>w pi\u0105tek<\/strong> \u2013 wspomnienie \u015bw. Hieronima, prezbitera i doktora Ko\u015bcio\u0142a<\/p>\n\n\n\n<p>&#8211;<strong> w\nsobot\u0119<\/strong>\n\u2013 wspomnienie \u015bw. Teresy od Dzieci\u0105tka Jezus, dziewicy i doktora Ko\u015bcio\u0142a<\/p>\n\n\n\n<p><strong>8<\/strong><strong>. <\/strong><strong>Od 1 pa\u017adziernika nabo\u017ce\u0144stwa\nr\u00f3\u017ca\u0144cowe o <\/strong><strong>17<sup>30<\/sup>.<\/strong><strong><\/strong><\/p>\n\n\n\n<p><strong>9<\/strong><strong>. <\/strong><a>W\nprzysz\u0142\u0105 niedziel\u0119<\/a> b\u0119dziemy prze\u017cywa\u0107 <strong>27 Niedziel\u0119 zwyk\u0142\u0105<\/strong>. Msze \u015bw. wg porz\u0105dku niedzielnego. Zmiana tajemnic \u017bywego R\u00f3\u017ca\u0144ca po\nMszy o <strong>10<sup>30<\/sup>.<\/strong> &nbsp;<\/p>\n\n\n\n<p>W\nprzysz\u0142\u0105 niedziel\u0119 <strong><em>spotkanie dla rodzic\u00f3w\ni dzieci Pierwszokomunijnych o godz. 12<sup>30<\/sup> po\u0142\u0105czone z po\u015bwi\u0119ceniem i\nprzekazaniem dzieciom r\u00f3\u017ca\u0144ca.<\/em><\/strong><\/p>\n\n\n\n<p><strong>10<\/strong><strong>.<\/strong> Kancelaria\nczynna codziennie po Mszy \u015bw. wieczornej z wyj\u0105tkiem niedziel, uroczysto\u015bci i\n\u015bwi\u0105t.<\/p>\n\n\n\n<p><strong>11<\/strong><strong>.<\/strong> Do nabycia jest\nprasa katolicka: Niedziela, Go\u015b\u0107 Niedzielny, Ma\u0142y Go\u015b\u0107 Niedzielny i R\u00f3\u017caniec. <\/p>\n\n\n\n<p><strong>12<\/strong><strong>.<\/strong> Dzi\u0119kuj\u0119 wszystkim,\nkt\u00f3rzy w tym tygodniu sprz\u0105tali \u015bwi\u0105tyni\u0119 i przygotowali j\u0105 na nasze spotkanie\neucharystyczne.<\/p>\n\n\n\n<p><strong>13<\/strong><strong>.<\/strong> Serdeczne B\u00f3g\nzap\u0142a\u0107 za ofiary sk\u0142adane na remonty w naszej parafii. <\/p>\n\n\n\n<p><strong>14.<\/strong>\nIntencje mszalne, obrazki \u2013 pami\u0105tki odprawionej Mszy \u015bw.<\/p>\n\n\n\n<p><em>\u017byczymy mi\u0142ego tygodnia\ni obfitych \u0142ask Bo\u017cych.<\/em><\/p>\n","protected":false},"excerpt":{"rendered":"<p>1. Dzi\u015b prze\u017cywamy 26 Niedziel\u0119 zwyk\u0142\u0105. Msze \u015bw. wg porz\u0105dku niedzielnego. 2. Msze \u015bw. w tygodniu&nbsp; o 700 i 1800. &nbsp; 3. Codziennie spowied\u017a i adoracja Naj\u015bwi\u0119tszego Sakramentu o godz. 1700. 4. W tym tygodniu nabo\u017ce\u0144stwa: &#8211; w poniedzia\u0142ek &nbsp;&nbsp; &#8211; nabo\u017ce\u0144stwo do Bo\u017cego Mi\u0142osierdzia o godz. 1730. &#8211; w&#8230; <a class=\"continue-reading-link\" href=\"http:\/\/parafia.scinawa.info\/index.php\/2022\/09\/24\/ogloszenia-duszpasterskie-26-niedziela-zwykla-25-09-2022\/\">Czytaj dalej <span class=\"meta-nav\">&rarr; <\/span><\/a><\/p>\n","protected":false},"author":2,"featured_media":0,"comment_status":"closed","ping_status":"closed","sticky":false,"template":"","format":"standard","meta":{"footnotes":""},"categories":[40],"tags":[],"class_list":["post-2135","post","type-post","status-publish","format-standard","hentry","category-ogloszenia-duszpasterskie"],"_links":{"self":[{"href":"http:\/\/parafia.scinawa.info\/index.php\/wp-json\/wp\/v2\/posts\/2135","targetHints":{"allow":["GET"]}}],"collection":[{"href":"http:\/\/parafia.scinawa.info\/index.php\/wp-json\/wp\/v2\/posts"}],"about":[{"href":"http:\/\/parafia.scinawa.info\/index.php\/wp-json\/wp\/v2\/types\/post"}],"author":[{"embeddable":true,"href":"http:\/\/parafia.scinawa.info\/index.php\/wp-json\/wp\/v2\/users\/2"}],"replies":[{"embeddable":true,"href":"http:\/\/parafia.scinawa.info\/index.php\/wp-json\/wp\/v2\/comments?post=2135"}],"version-history":[{"count":1,"href":"http:\/\/parafia.scinawa.info\/index.php\/wp-json\/wp\/v2\/posts\/2135\/revisions"}],"predecessor-version":[{"id":2136,"href":"http:\/\/parafia.scinawa.info\/index.php\/wp-json\/wp\/v2\/posts\/2135\/revisions\/2136"}],"wp:attachment":[{"href":"http:\/\/parafia.scinawa.info\/index.php\/wp-json\/wp\/v2\/media?parent=2135"}],"wp:term":[{"taxonomy":"category","embeddable":true,"href":"http:\/\/parafia.scinawa.info\/index.php\/wp-json\/wp\/v2\/categories?post=2135"},{"taxonomy":"post_tag","embeddable":true,"href":"http:\/\/parafia.scinawa.info\/index.php\/wp-json\/wp\/v2\/tags?post=2135"}],"curies":[{"name":"wp","href":"https:\/\/api.w.org\/{rel}","templated":true}]}}