{"id":2137,"date":"2022-09-24T14:10:07","date_gmt":"2022-09-24T12:10:07","guid":{"rendered":"http:\/\/parafia.scinawa.info\/?p=2137"},"modified":"2022-09-24T14:13:55","modified_gmt":"2022-09-24T12:13:55","slug":"intencje-mszalne-25-09-02-10-2022","status":"publish","type":"post","link":"http:\/\/parafia.scinawa.info\/index.php\/2022\/09\/24\/intencje-mszalne-25-09-02-10-2022\/","title":{"rendered":"INTENCJE MSZALNE 25.09 \u2013 02.10. 2022"},"content":{"rendered":"\n<p><strong><em>Sk\u0142adaj\u0105c\nOfiar\u0119, kt\u00f3ra nam przypomina niezmierzon\u0105 mi\u0142o\u015b\u0107 Twojego Syna, pokornie prosimy\nCi\u0119, Bo\u017ce, przyjmij intencje Twoich wiernych i spraw przez dzia\u0142anie\nEucharystii, aby w naszych rodzinach wzrasta\u0142a prawdziwa wiara, \u015bwi\u0119to\u015b\u0107 \u017cycia,\nbraterska mi\u0142o\u015b\u0107 i duch modlitwy. <\/em><\/strong><strong>Niech\nMatka Naj\u015bwi\u0119tsza wyprosi \u0142aski, o kt\u00f3re modlili\u015bmy si\u0119 w tej Mszy \u015bw. dla \u2026\nZa\u015b zmar\u0142ym \u2026 za kt\u00f3rych odprawiali\u015bmy Msz\u0119 \u015bw.: wieczny odpoczynek racz im\nda\u0107 Panie (\u2026); niech odpoczywaj\u0105 w pokoju wiecznym. Amen<\/strong><\/p>\n\n\n\n<p><strong>25.09<em>. &#8211; NIEDZIELA&nbsp; <\/em><\/strong><em><\/em><\/p>\n\n\n\n<p><strong>&nbsp;8.oo \u2013 1)<\/strong> dzi\u0119kczynna z pro\u015bb\u0105 o zdrowie, dary Ducha\n\u015awi\u0119tego, Bo\u017ce b\u0142ogos\u0142awie\u0144stwo, opiek\u0119 NMP <\/p>\n\n\n\n<p>&nbsp;&nbsp;&nbsp;&nbsp;&nbsp;&nbsp;&nbsp;&nbsp;&nbsp;&nbsp;&nbsp;&nbsp;&nbsp;&nbsp;&nbsp;&nbsp;&nbsp; na ka\u017cdy dzie\u0144 \u017cycia\ndla Marii i Edwarda<\/p>\n\n\n\n<p><strong>&nbsp;&nbsp;&nbsp;&nbsp;&nbsp;&nbsp;&nbsp;&nbsp;&nbsp;&nbsp;&nbsp; 2)<\/strong> ++ rodzic\u00f3w: Helen\u0119 i Jerzego Kaczmarskich oraz ++ dziadk\u00f3w z rodziny\nDyl\u00f3w i Kaczmarskich<\/p>\n\n\n\n<p><strong>&nbsp; 9.3o \u2013 <\/strong>&nbsp;+ Kazimierza G\u00f3r\u0119 w 16 rocz. \u015bm. oraz ++ z\nrodziny G\u00f3r\u00f3w \u2013 modli si\u0119 rodzina <\/p>\n\n\n\n<p><strong>11.oo \u2013 1) <\/strong>++ Micha\u0142a i Bronis\u0142aw\u0119 Raks\u00f3w, J\u00f3zef\u0119 Dobrzy\u0144sk\u0105, El\u017cbiet\u0119 Demczak oraz ++ z rodziny Raks\u00f3w, Koz\u0142owskich, Trubickich i \u017bybort\u00f3w<\/p>\n\n\n\n<p><strong>&nbsp;&nbsp;&nbsp;&nbsp;&nbsp;&nbsp;&nbsp;&nbsp;&nbsp;&nbsp;&nbsp; &nbsp;\n2) <\/strong>+ Henryka Chomicza oraz ++\nBarbar\u0119 i Stanis\u0142aw\u0119 \u2013 modli si\u0119 rodzina <\/p>\n\n\n\n<p><strong>12.3o\n\u2013 1) <\/strong>w 30 rocz. \u015blubu Renaty i\nJana Paliszkiewicz\u00f3w, w 5 rocz. \u015blubu Kamili i Roberta Sow\u00f3w dzi\u0119kczynna z pro\u015bb\u0105 o zdrowie, Bo\u017ce b\u0142ogos\u0142awie\u0144stwo, dary Ducha \u015awi\u0119tego,\u00a0 opiek\u0119 NMP \u00a0i \u015bw. Patron\u00f3w oraz + Tomasza Ma\u017carskiego w 2 rocz. \u015bm. \u2013 modli si\u0119 rodzina<\/p>\n\n\n\n<p><strong>&nbsp;&nbsp;&nbsp;&nbsp;&nbsp;&nbsp;&nbsp;&nbsp;&nbsp;&nbsp;&nbsp; &nbsp;\n2)<\/strong> + Micha\u0142a Czuczo\u0142\u0119 w 1 rocz. \u015bm.<\/p>\n\n\n\n<p><strong>18.oo\n\u2013 &nbsp;1) <\/strong>&nbsp;<strong>+ Wojciecha\nGom\u00f3\u0142k\u0119 <\/strong>gregorianka 14 \u2013\nmodl\u0105\nsi\u0119 Anna i Jerzy Ramsowie<\/p>\n\n\n\n<p><strong>&nbsp;&nbsp;&nbsp;&nbsp;&nbsp;&nbsp;&nbsp;&nbsp;&nbsp;&nbsp;&nbsp; &nbsp;\n2)<\/strong> ++ Franciszk\u0119, Jana, J\u00f3zefa i Andrzeja z rodziny\nLis\u00f3w \u2013 modli si\u0119 rodzina<strong> &nbsp;&nbsp;<\/strong>&nbsp;<\/p>\n\n\n\n<p><strong>26.09<em>. \u2013 PONIEDZIA\u0141EK<\/em><\/strong><\/p>\n\n\n\n<p><strong>&nbsp; 7.oo \u2013 1) <\/strong>&nbsp;o szcz\u0119\u015bliw\u0105 operacj\u0119 i szybki powr\u00f3t do\nzdrowia oraz o Bo\u017ce b\u0142ogos\u0142awie\u0144stwo i \u015bwiat\u0142o\u00a0Ducha \u015awi\u0119tego dla lekarzy i ca\u0142ego zespo\u0142u medycznego\u00a0\u00a0\u00a0\u00a0\u00a0\u00a0\u00a0\u00a0\u00a0\u00a0\u00a0 <\/p>\n\n\n\n<p><strong>&nbsp;&nbsp;&nbsp;&nbsp;&nbsp;&nbsp;&nbsp;&nbsp;&nbsp;&nbsp;&nbsp; &nbsp;\n2)<\/strong> <strong>+ Wojciecha\nGom\u00f3\u0142k\u0119 <\/strong>gregorianka 15 \u2013\nmodl\u0105 si\u0119 s\u0105siedzi Mordarakowie<\/p>\n\n\n\n<p><strong>18.oo\n\u2013 1) <\/strong>++ rodzic\u00f3w: Magdalen\u0119 i\nStanis\u0142awa Partyk\u00f3w, siostry: Janin\u0119 i Mari\u0119, szwagr\u00f3w: Marcina,  Edmunda, Henryka oraz bratanka Miros\u0142awa Partyk\u0119 \u2013 modli si\u0119 Aniela z rodzin\u0105 <\/p>\n\n\n\n<p><strong>&nbsp;&nbsp;&nbsp;&nbsp;&nbsp;&nbsp;&nbsp;&nbsp;&nbsp;&nbsp;&nbsp; &nbsp;2)<\/strong> + Barbar\u0119 \u0141azarek w 1 rocz. \u015bm. oraz ++ z rodziny Bielawskich \u2013 modli si\u0119\nbrat Janek z rodzin\u0105<\/p>\n\n\n\n<p><strong>27.09<em>. &#8211; WTOREK<\/em><\/strong><em><\/em><\/p>\n\n\n\n<p><strong>7.oo\n\u2013 1) <\/strong>&nbsp;<strong>+ Wojciecha Gom\u00f3\u0142k\u0119 <\/strong>gregorianka 16 \u2013 modli si\u0119 Ryszard\nKozyra<\/p>\n\n\n\n<p><strong>&nbsp;&nbsp;&nbsp;&nbsp;&nbsp;&nbsp;&nbsp;&nbsp;&nbsp;&nbsp;&nbsp; 2)<\/strong> w 40 rocz. urodzin Anny dzi\u0119kczynna z pro\u015bb\u0105 o zdrowie, Bo\u017ce b\u0142ogos\u0142awie\u0144stwo,\ndary Ducha\u00a0\u015awi\u0119tego,\u00a0 opiek\u0119 NMP \u00a0i \u015bw. Patron\u00f3w <\/p>\n\n\n\n<p><strong>18.oo\n\u2013 <\/strong>++ Ew\u0119 i Wac\u0142awa Kazimierczak\u00f3w oraz ++ z rodziny\nSamselskich i Kazimierczak\u00f3w <\/p>\n\n\n\n<p><strong>28.09<em>. \u2013 \u015aRODA <\/em><\/strong><\/p>\n\n\n\n<p><strong>&nbsp; 7.oo \u2013 + Wojciecha Gom\u00f3\u0142k\u0119 <\/strong>gregorianka 17 \u2013 modli si\u0119 Wojciech\nMajerski<\/p>\n\n\n\n<p><strong>18.oo\n\u2013&nbsp; intencja zbiorowa nowennowa:<\/strong><\/p>\n\n\n\n<p><strong>&nbsp;1)<\/strong> + W\u0142adys\u0142awa\nPa\u0144czyszyna \u2013 modl\u0105 si\u0119 Joanna i Dariusz \u015awierczkowie<\/p>\n\n\n\n<p><strong>&nbsp;2)<\/strong> + Piotra Dynia &#8211; 30\ndzie\u0144 od pogrzebu &#8211; intencja od uczestnik\u00f3w Mszy pogrzebowej<\/p>\n\n\n\n<p><strong>\u00a03) <\/strong>w 87 rocz. urodzin siostry Ancilii dzi\u0119kczynna z pro\u015bb\u0105 o zdrowie, dary Ducha \u015awi\u0119tego, Bo\u017ce\u00a0b\u0142ogos\u0142awie\u0144stwo, opiek\u0119 NMP \u2013 modli si\u0119 Hania<\/p>\n\n\n\n<p><strong>&nbsp;4)<\/strong> o zdrowie dla c\u00f3rki Barbary i wnuczki Natalii \u2013 modli si\u0119 rodzina<\/p>\n\n\n\n<p><strong>29.09<em>. \u2013 CZWARTEK <\/em><\/strong><em>&nbsp;<\/em><\/p>\n\n\n\n<p><strong>7.oo\n\u2013<\/strong>\n&nbsp;<strong>1)\n<\/strong>++ Antonin\u0119, Genowef\u0119, Micha\u0142a i\nZbigniewa \u2013 modli si\u0119 rodzina <\/p>\n\n\n\n<p><strong>&nbsp;&nbsp;&nbsp;&nbsp;&nbsp;&nbsp;&nbsp;&nbsp;&nbsp;&nbsp;&nbsp; &nbsp;\n2)<\/strong> ++ El\u017cbiet\u0119, Jana,\nStanis\u0142awa Krechowicz\u00f3w \u2013 modli si\u0119 rodzina<\/p>\n\n\n\n<p><strong>18.oo\n\u2013 1) + Wojciecha Gom\u00f3\u0142k\u0119 <\/strong>gregorianka\n18\n\u2013 modl\u0105 si\u0119 Kryspina i Stanis\u0142aw Majerscy<\/p>\n\n\n\n<p><strong>&nbsp;&nbsp;&nbsp;&nbsp;&nbsp;&nbsp;&nbsp;&nbsp;&nbsp;&nbsp;&nbsp; &nbsp;\n2)<\/strong> + m\u0119\u017ca Walentego w 27\nrocz. \u015bm., ++ rodzic\u00f3w: Zofi\u0119, J\u00f3zefa i J\u00f3zef\u0119 z rodziny Ka\u0142\u00f3w,  Szrajnert\u00f3w i \u017bukowskich oraz Jana B\u0142aszczyszyna \u2013 modli si\u0119 rodzina<\/p>\n\n\n\n<p><strong>30.09<em>. \u2013 PI\u0104TEK<\/em><\/strong><\/p>\n\n\n\n<p><strong>&nbsp; &nbsp;&nbsp;7.oo\n\u2013<\/strong>\n<strong>+ Wojciecha Gom\u00f3\u0142k\u0119 <\/strong>gregorianka 19 \u2013 modl\u0105 si\u0119 Lucyna i Stefan\nMadziarowie<\/p>\n\n\n\n<p><strong>18.oo \u2013 1) <\/strong>+ te\u015bciow\u0105 J\u00f3zef\u0119 Golczyk w 19 rocz. \u015bm. oraz ++ z rodziny Golczyk\u00f3w i Janik\u00f3w \u2013 modli si\u0119\u00a0synowa z rodzin\u0105 <\/p>\n\n\n\n<p><strong>&nbsp;&nbsp;&nbsp;&nbsp;&nbsp;&nbsp;&nbsp;&nbsp;&nbsp; 2)<\/strong> + syna Tadeusza\nWies\u0142awa w 1 rocz. \u015bm. i m\u0119\u017ca Henryka w 30 rocz. \u015bm. z rodziny Jackiewicz\u00f3w\u00a0\u2013 modli si\u0119 matka i \u017cona Maria Jackiewicz <\/p>\n\n\n\n<p><strong><em>01.10.\n\u2013 SOBOTA<\/em><\/strong><\/p>\n\n\n\n<p><strong>&nbsp; 7.oo \u2013<\/strong> <strong>1) <\/strong>&nbsp;<strong>+ Wojciecha Gom\u00f3\u0142k\u0119 <\/strong>gregorianka\n20 \u2013 modl\u0105 si\u0119 s\u0105siedzi Ramsowie i Ci\u0105g\u0142owie<\/p>\n\n\n\n<p><strong>&nbsp;&nbsp;&nbsp;&nbsp;&nbsp;&nbsp;&nbsp;&nbsp;&nbsp;&nbsp;&nbsp; &nbsp;\n2)<\/strong> intencja wynagradzaj\u0105ca\nNiepokalanemu Sercu NMP<\/p>\n\n\n\n<p><strong>18.oo\n\u2013 1) <\/strong>+ Tadeusza Zielonego &#8211;\n30 dzie\u0144 od pogrzebu &#8211; intencja od uczestnik\u00f3w Mszy pogrzebowej <\/p>\n\n\n\n<p><strong>&nbsp;&nbsp;&nbsp;&nbsp;&nbsp;&nbsp;&nbsp;&nbsp;&nbsp;&nbsp;&nbsp; &nbsp;\n2)<\/strong> w 55 rocz. urodzin Stanis\u0142awa dzi\u0119kczynna za otrzymane \u0142aski z pro\u015bb\u0105 o\nzdrowie, dary Ducha\u00a0 \u015awi\u0119tego, Bo\u017ce b\u0142ogos\u0142awie\u0144stwo, opiek\u0119 NMP i \u015bw. Patron\u00f3w na dalsze lata \u017cycia \u2013 modli si\u0119 mama<\/p>\n\n\n\n<p><strong><em>02.10.\n\u2013 NIEDZIELA&nbsp; <\/em><\/strong><\/p>\n\n\n\n<p><strong>&nbsp; 8.oo \u2013 1)<\/strong> ++ rodzic\u00f3w: Tekl\u0119 i Antoniego, Franciszka, Janin\u0119, Adama oraz ++ z\nrodziny Tyndyk\u00f3w,  S\u0142odownik\u00f3w, Rabiejewskich i Skowro\u0144skich<strong> <\/strong><\/p>\n\n\n\n<p><strong>&nbsp;&nbsp;&nbsp;&nbsp;&nbsp;&nbsp;&nbsp;&nbsp;&nbsp;&nbsp;&nbsp; &nbsp;\n2) <\/strong>++ z rodziny Chirowskich \u2013\nmodli si\u0119 rodzina <\/p>\n\n\n\n<p><strong>&nbsp; 9.3o \u2013 <\/strong>&nbsp;++ rodzic\u00f3w: Eugeni\u0119 i Franciszka Woch\u00f3w \u2013\nmodli si\u0119 rodzina <\/p>\n\n\n\n<p><strong>11.oo\n\u2013 1) <\/strong>za siostry Korneli\u0119 i\nLudmi\u0142\u0119, za siostry, kt\u00f3re pracowa\u0142y w naszej parafii, ca\u0142y zakon si\u00f3str<\/p>\n\n\n\n<p>&nbsp;&nbsp;&nbsp;&nbsp;&nbsp;&nbsp;&nbsp; &nbsp;&nbsp;&nbsp;&nbsp;&nbsp;&nbsp;&nbsp;&nbsp;&nbsp;Jadwi\u017canek i ich rodziny &#8211; dzi\u0119kczynna z\npro\u015bb\u0105 o zdrowie, dary Ducha \u015awi\u0119tego, Bo\u017ce  b\u0142ogos\u0142awie\u0144stwo, opiek\u0119 NMP oraz o nowe powo\u0142ania zakonne \u2013 modli si\u0119 \u017bywy R\u00f3\u017caniec<\/p>\n\n\n\n<p><strong>&nbsp;&nbsp;&nbsp;&nbsp;&nbsp;&nbsp;&nbsp;&nbsp;&nbsp;&nbsp;&nbsp; &nbsp;\n2) <\/strong>+ Wac\u0142awa Jagie\u0142\u0142\u0119 w 30 rocz. \u015bm. \u2013 modli si\u0119 syn\nW\u0142odzimierz i wnuczki<\/p>\n\n\n\n<p><strong>12.3o\n\u2013 1) <\/strong>w 10 rocz. urodzin Dawida dzi\u0119kczynna\nz pro\u015bb\u0105 o zdrowie, dary Ducha \u015awi\u0119tego, Bo\u017ce\u00a0\u00a0b\u0142ogos\u0142awie\u0144stwo, opiek\u0119 NMP \u2013 modl\u0105 si\u0119 rodzice i dziadkowie <\/p>\n\n\n\n<p><strong>&nbsp;&nbsp;&nbsp;&nbsp;&nbsp;&nbsp;&nbsp;&nbsp;&nbsp;&nbsp;&nbsp; &nbsp;\n2)<\/strong> w 10 rocz. urodzin Zosi J\u00f3zefiak dzi\u0119kczynna z pro\u015bb\u0105 o zdrowie, dary Ducha\n\u015awi\u0119tego, Bo\u017ce\u00a0\u00a0b\u0142ogos\u0142awie\u0144stwo, opiek\u0119 NMP \u2013 modl\u0105 si\u0119 rodzice i dziadkowie<\/p>\n\n\n\n<p>&nbsp;&nbsp;&nbsp;&nbsp;&nbsp;&nbsp;&nbsp;&nbsp;&nbsp;&nbsp;&nbsp;&nbsp;&nbsp;&nbsp;&nbsp;&nbsp;&nbsp;&nbsp;&nbsp;&nbsp;&nbsp;&nbsp;&nbsp;&nbsp;&nbsp;&nbsp;&nbsp;&nbsp;&nbsp;&nbsp;&nbsp;&nbsp;&nbsp;&nbsp; <strong><em>chrzest po Mszy: Elena\nBaran<\/em><\/strong><\/p>\n\n\n\n<p><strong>18.oo\n\u2013 1) <\/strong>&nbsp;<strong>+ Wojciecha Gom\u00f3\u0142k\u0119 <\/strong>gregorianka 21 \u2013 modli si\u0119 kuzynka\nEl\u017cbieta Warcho\u0142 z m\u0119\u017cem<\/p>\n\n\n\n<p><strong>\u00a0\u00a0\u00a0\u00a0\u00a0\u00a0\u00a0\u00a0\u00a0\u00a0\u00a0 \u00a0 2)<\/strong> ++ rodzic\u00f3w: Stanis\u0142aw\u0119 w 4 rocz. \u015bm. i Mariana Posto\u0142\u00f3w oraz ++ z rodziny Posto\u0142\u00f3w,  Rataj\u00f3w i Czarneckich<\/p>\n","protected":false},"excerpt":{"rendered":"<p>Sk\u0142adaj\u0105c Ofiar\u0119, kt\u00f3ra nam przypomina niezmierzon\u0105 mi\u0142o\u015b\u0107 Twojego Syna, pokornie prosimy Ci\u0119, Bo\u017ce, przyjmij intencje Twoich wiernych i spraw przez dzia\u0142anie Eucharystii, aby w naszych rodzinach wzrasta\u0142a prawdziwa wiara, \u015bwi\u0119to\u015b\u0107 \u017cycia, braterska mi\u0142o\u015b\u0107 i duch modlitwy. Niech Matka Naj\u015bwi\u0119tsza wyprosi \u0142aski, o kt\u00f3re modlili\u015bmy si\u0119 w tej Mszy \u015bw. dla&#8230; <a class=\"continue-reading-link\" href=\"http:\/\/parafia.scinawa.info\/index.php\/2022\/09\/24\/intencje-mszalne-25-09-02-10-2022\/\">Czytaj dalej <span class=\"meta-nav\">&rarr; <\/span><\/a><\/p>\n","protected":false},"author":2,"featured_media":0,"comment_status":"closed","ping_status":"closed","sticky":false,"template":"","format":"standard","meta":{"footnotes":""},"categories":[39],"tags":[],"class_list":["post-2137","post","type-post","status-publish","format-standard","hentry","category-intencje"],"_links":{"self":[{"href":"http:\/\/parafia.scinawa.info\/index.php\/wp-json\/wp\/v2\/posts\/2137","targetHints":{"allow":["GET"]}}],"collection":[{"href":"http:\/\/parafia.scinawa.info\/index.php\/wp-json\/wp\/v2\/posts"}],"about":[{"href":"http:\/\/parafia.scinawa.info\/index.php\/wp-json\/wp\/v2\/types\/post"}],"author":[{"embeddable":true,"href":"http:\/\/parafia.scinawa.info\/index.php\/wp-json\/wp\/v2\/users\/2"}],"replies":[{"embeddable":true,"href":"http:\/\/parafia.scinawa.info\/index.php\/wp-json\/wp\/v2\/comments?post=2137"}],"version-history":[{"count":2,"href":"http:\/\/parafia.scinawa.info\/index.php\/wp-json\/wp\/v2\/posts\/2137\/revisions"}],"predecessor-version":[{"id":2139,"href":"http:\/\/parafia.scinawa.info\/index.php\/wp-json\/wp\/v2\/posts\/2137\/revisions\/2139"}],"wp:attachment":[{"href":"http:\/\/parafia.scinawa.info\/index.php\/wp-json\/wp\/v2\/media?parent=2137"}],"wp:term":[{"taxonomy":"category","embeddable":true,"href":"http:\/\/parafia.scinawa.info\/index.php\/wp-json\/wp\/v2\/categories?post=2137"},{"taxonomy":"post_tag","embeddable":true,"href":"http:\/\/parafia.scinawa.info\/index.php\/wp-json\/wp\/v2\/tags?post=2137"}],"curies":[{"name":"wp","href":"https:\/\/api.w.org\/{rel}","templated":true}]}}