{"id":2140,"date":"2022-10-01T10:44:11","date_gmt":"2022-10-01T08:44:11","guid":{"rendered":"http:\/\/parafia.scinawa.info\/?p=2140"},"modified":"2022-10-01T10:47:18","modified_gmt":"2022-10-01T08:47:18","slug":"intencje-mszalne-02-10-09-10-2022","status":"publish","type":"post","link":"http:\/\/parafia.scinawa.info\/index.php\/2022\/10\/01\/intencje-mszalne-02-10-09-10-2022\/","title":{"rendered":"INTENCJE MSZALNE 02.10 \u2013 09.10. 2022"},"content":{"rendered":"\n<p><strong><em>Sk\u0142adaj\u0105c\nOfiar\u0119, kt\u00f3ra nam przypomina niezmierzon\u0105 mi\u0142o\u015b\u0107 Twojego Syna, pokornie prosimy\nCi\u0119, Bo\u017ce, przyjmij intencje Twoich wiernych i spraw przez dzia\u0142anie\nEucharystii, aby w naszych rodzinach wzrasta\u0142a prawdziwa wiara, \u015bwi\u0119to\u015b\u0107 \u017cycia,\nbraterska mi\u0142o\u015b\u0107 i duch modlitwy. <\/em><\/strong><strong>Niech\nMatka Naj\u015bwi\u0119tsza wyprosi \u0142aski, o kt\u00f3re modlili\u015bmy si\u0119 w tej Mszy \u015bw. dla \u2026\nZa\u015b zmar\u0142ym \u2026 za kt\u00f3rych odprawiali\u015bmy Msz\u0119 \u015bw.: wieczny odpoczynek racz im\nda\u0107 Panie (\u2026); niech odpoczywaj\u0105 w pokoju wiecznym. Amen<\/strong><\/p>\n\n\n\n<p><strong>02.10<em>. &#8211; NIEDZIELA&nbsp; <\/em><\/strong><em><\/em><\/p>\n\n\n\n<p><strong>\u00a0 8.oo \u2013 1)<\/strong> ++ rodzic\u00f3w: Tekl\u0119 i Antoniego, Franciszka, Janin\u0119, Adama oraz ++ z rodziny Tyndyk\u00f3w, \u00a0S\u0142odownik\u00f3w, Rabiejewskich i Skowro\u0144skich<strong> <\/strong><\/p>\n\n\n\n<p><strong>&nbsp;&nbsp;&nbsp;&nbsp;&nbsp;&nbsp;&nbsp;&nbsp;&nbsp;&nbsp;&nbsp; &nbsp;\n2) <\/strong>++ z rodziny Chirowskich \u2013\nmodli si\u0119 rodzina <\/p>\n\n\n\n<p><strong>&nbsp; 9.3o \u2013 <\/strong>&nbsp;++ rodzic\u00f3w: Eugeni\u0119 i Franciszka Woch\u00f3w \u2013\nmodli si\u0119 rodzina <\/p>\n\n\n\n<p><strong>11.oo \u2013 1) <\/strong>za siostry Korneli\u0119 i Ludmi\u0142\u0119, za siostry, kt\u00f3re pracowa\u0142y w naszej parafii, ca\u0142y zakon si\u00f3str\u00a0\u00a0Jadwi\u017canek i ich rodziny &#8211; dzi\u0119kczynna z pro\u015bb\u0105 o zdrowie, dary Ducha \u015awi\u0119tego, Bo\u017ce b\u0142ogos\u0142awie\u0144stwo, opiek\u0119 NMP oraz o nowe powo\u0142ania zakonne \u2013 modli si\u0119 \u017bywy R\u00f3\u017caniec<\/p>\n\n\n\n<p><strong>&nbsp;&nbsp;&nbsp;&nbsp;&nbsp;&nbsp;&nbsp;&nbsp;&nbsp;&nbsp;&nbsp; &nbsp;\n2) <\/strong>+ Wac\u0142awa Jagie\u0142\u0142\u0119 w 30 rocz. \u015bm. \u2013 modli si\u0119 syn\nW\u0142odzimierz i wnuczki<\/p>\n\n\n\n<p><strong>12.3o\n\u2013 1) <\/strong>w 10 rocz. urodzin Dawida dzi\u0119kczynna\nz pro\u015bb\u0105 o zdrowie, dary Ducha \u015awi\u0119tego, Bo\u017ce\u00a0b\u0142ogos\u0142awie\u0144stwo, opiek\u0119 NMP \u2013 modl\u0105 si\u0119 rodzice i dziadkowie <\/p>\n\n\n\n<p><strong>&nbsp;&nbsp;&nbsp;&nbsp;&nbsp;&nbsp;&nbsp;&nbsp;&nbsp;&nbsp;&nbsp; &nbsp;\n2)<\/strong> w 10 rocz. urodzin Zosi J\u00f3zefiak dzi\u0119kczynna z pro\u015bb\u0105 o zdrowie, dary Ducha\n\u015awi\u0119tego, Bo\u017ce\u00a0\u00a0b\u0142ogos\u0142awie\u0144stwo, opiek\u0119 NMP \u2013 modl\u0105 si\u0119 rodzice i dziadkowie<\/p>\n\n\n\n<p>&nbsp;&nbsp;&nbsp;&nbsp;&nbsp;&nbsp;&nbsp;&nbsp;&nbsp;&nbsp;&nbsp;&nbsp;&nbsp;&nbsp;&nbsp;&nbsp;&nbsp;&nbsp;&nbsp;&nbsp;&nbsp;&nbsp;&nbsp;&nbsp;&nbsp;&nbsp;&nbsp;&nbsp;&nbsp;&nbsp;&nbsp;&nbsp;&nbsp;&nbsp; <strong><em>chrzest po Mszy: Elena\nBaran<\/em><\/strong><\/p>\n\n\n\n<p><strong>18.oo\n\u2013 1) <\/strong>&nbsp;<strong>+ Wojciecha Gom\u00f3\u0142k\u0119 <\/strong>gregorianka 21 \u2013 modli si\u0119 kuzynka\nEl\u017cbieta Warcho\u0142 z m\u0119\u017cem<\/p>\n\n\n\n<p><strong>&nbsp;&nbsp;&nbsp;&nbsp;&nbsp;&nbsp;&nbsp;&nbsp;&nbsp;&nbsp;&nbsp; &nbsp;\n2)<\/strong> ++ rodzic\u00f3w: Stanis\u0142aw\u0119 w 4 rocz. \u015bm. i Mariana\nPosto\u0142\u00f3w oraz ++ z rodziny Posto\u0142\u00f3w, \u00a0Rataj\u00f3w i Czarneckich<strong> \u00a0\u00a0<\/strong>\u00a0<\/p>\n\n\n\n<p><strong>03.10<em>. \u2013 PONIEDZIA\u0141EK<\/em><\/strong><\/p>\n\n\n\n<p><strong>&nbsp; &nbsp;&nbsp;7.oo \u2013 <\/strong>&nbsp;<strong>+ Wojciecha\nGom\u00f3\u0142k\u0119 <\/strong>gregorianka 22 \u2013\nmodli si\u0119 rodzina Piszczk\u00f3w<\/p>\n\n\n\n<p><strong>18.oo\n\u2013 1) <\/strong>++ rodzic\u00f3w: Janin\u0119 w 25\nrocz. \u015bm. i Wac\u0142awa w 46 rocz. \u015bm. oraz Barbar\u0119, Kazimierza,  Agnieszk\u0119, Jadwig\u0119, Krystyn\u0119, Andrzeja i Zofi\u0119 z rodziny Golczy\u0144skich \u2013 modli si\u0119 rodzina <\/p>\n\n\n\n<p><strong>&nbsp;&nbsp;&nbsp;&nbsp;&nbsp;&nbsp;&nbsp;&nbsp;&nbsp;&nbsp;&nbsp; &nbsp;\n2)<\/strong> + Ryszarda Olka \u2013 modli si\u0119\n\u017cona z rodzin\u0105<\/p>\n\n\n\n<p><strong>04.10<em>. &#8211; WTOREK<\/em><\/strong><em><\/em><\/p>\n\n\n\n<p><strong>7.oo\n\u2013 1) <\/strong>+ J\u00f3zefa Pisul\u0119 w 8 rocz. \u015bm. \u2013 modli si\u0119 rodzina<\/p>\n\n\n\n<p><strong>&nbsp;&nbsp;&nbsp;&nbsp;&nbsp;&nbsp;&nbsp;&nbsp;&nbsp;&nbsp;&nbsp; &nbsp;\n2)+ Wojciecha Gom\u00f3\u0142k\u0119 <\/strong>gregorianka 23 \u2013 modl\u0105 si\u0119 Maria i Stanis\u0142awa S\u0142abi<\/p>\n\n\n\n<p><strong>18.oo\n\u2013 <\/strong>++ rodzic\u00f3w: Mari\u0119 i Jana \u2013 modl\u0105 si\u0119 dzieci<\/p>\n\n\n\n<p><strong>05.10<em>. \u2013 \u015aRODA <\/em><\/strong><\/p>\n\n\n\n<p><strong>&nbsp; 7.oo \u2013 1) <\/strong>&nbsp;w intencji Klaudii w rocz. urodzin dzi\u0119kczynna z pro\u015bb\u0105 o zdrowie, dary Ducha \u015awi\u0119tego,\nBo\u017ce \u00a0b\u0142ogos\u0142awie\u0144stwo, opiek\u0119 NMP<\/p>\n\n\n\n<p><strong>&nbsp;&nbsp;&nbsp;&nbsp;&nbsp;&nbsp;&nbsp;&nbsp;&nbsp;&nbsp;&nbsp; &nbsp;\n2)+ Wojciecha Gom\u00f3\u0142k\u0119 <\/strong>gregorianka 24 \u2013 modli si\u0119 Zofia Pierzcha\u0142a z rodzin\u0105<\/p>\n\n\n\n<p><strong>18.oo\n\u2013&nbsp; intencja zbiorowa nowennowa:<\/strong><\/p>\n\n\n\n<p><strong>1)<\/strong> w 32 rocz. \u015blubu i w intencji ca\u0142ej rodziny dzi\u0119kczynna\nz pro\u015bb\u0105 o zdrowie, Bo\u017ce b\u0142ogos\u0142awie\u0144stwo,\u00a0dary Ducha \u015awi\u0119tego,\u00a0 opiek\u0119 NMP i \u015bw. Patron\u00f3w <\/p>\n\n\n\n<p><strong>&nbsp;2)<\/strong> + W\u0142adys\u0142awa\nPa\u0144czyszyna \u2013 modli si\u0119 Zenobia Chlastacz<\/p>\n\n\n\n<p><strong>3)<\/strong> ++ Zofi\u0119\ni Franciszka Blok\u00f3w, brata Andrzeja, Mari\u0119 i Feliksa J\u00f3zefiak\u00f3w oraz cioci\u0119 Bronis\u0142aw\u0119\nz rodzin\u0105<\/p>\n\n\n\n<p><strong>4)<\/strong> ++ Franciszka Bloka i Franciszka Pietkowskiego z racji imienin oraz ++ z\nrodziny z obu stron &#8211; modli si\u0119 rodzina<\/p>\n\n\n\n<p><strong>06.10<em>. \u2013 CZWARTEK <\/em><\/strong><em>&nbsp;<\/em><\/p>\n\n\n\n<p><strong>&nbsp; 7.oo \u2013<\/strong> &nbsp;<strong>+ Wojciecha\nGom\u00f3\u0142k\u0119 <\/strong>gregorianka 25 \u2013\nmodl\u0105 si\u0119 koledzy z pracy z firmy Batpol<\/p>\n\n\n\n<p><strong>18.oo\n\u2013 1) <\/strong>+ W\u0142adys\u0142awa \u0141ukawskiego \u2013\nmodli si\u0119 Alicja Maciejczyk <\/p>\n\n\n\n<p><strong>&nbsp;&nbsp;&nbsp;&nbsp;&nbsp;&nbsp;&nbsp;&nbsp;&nbsp;&nbsp;&nbsp; &nbsp;\n2)<\/strong><\/p>\n\n\n\n<p><strong>07.10<em>. \u2013 PI\u0104TEK<\/em><\/strong><\/p>\n\n\n\n<p><strong>&nbsp; &nbsp;&nbsp;7.oo\n\u2013<\/strong>\n&nbsp;+ Grzegorza i dusze w czy\u015b\u0107cu cierpi\u0105ce<\/p>\n\n\n\n<p><strong>18.oo\n\u2013 1) <\/strong>&nbsp;<strong>+ Wojciecha Gom\u00f3\u0142k\u0119 <\/strong>gregorianka 26 \u2013 modl\u0105 si\u0119 koledzy z\npracy z firmy Batpol<\/p>\n\n\n\n<p><strong>&nbsp;&nbsp;&nbsp;&nbsp;&nbsp;&nbsp;&nbsp;&nbsp;&nbsp;&nbsp;&nbsp; &nbsp;\n2)<\/strong> + Ryszarda Olka \u2013 modli si\u0119 rodzina<\/p>\n\n\n\n<p><strong><em>08.10. \u2013 SOBOTA<\/em><\/strong><\/p>\n\n\n\n<p><strong>&nbsp; &nbsp;&nbsp;7.oo\n\u2013<\/strong>\n<strong>+ Wojciecha Gom\u00f3\u0142k\u0119 <\/strong>gregorianka 27 \u2013 modli si\u0119 kolega Tadeusz\nBodziony z Go\u0142kowic<\/p>\n\n\n\n<p><strong>15.oo\n\u2013<\/strong> <strong><em>\u015blub<\/em><\/strong>: Piotr Pola\u0144ski \u2013 Marta Kasperek<\/p>\n\n\n\n<p><strong>18.oo \u2013 1) <\/strong>w 81 rocz. urodzin Marii oraz za dzieci i wnuki dzi\u0119kczynna z pro\u015bb\u0105 o zdrowie, Bo\u017ce b\u0142ogos\u0142awie\u0144stwo, dary Ducha \u015awi\u0119tego,\u00a0 opiek\u0119 NMP \u2013 modli si\u0119 rodzina <\/p>\n\n\n\n<p><strong>&nbsp;&nbsp;&nbsp;&nbsp;&nbsp;&nbsp;&nbsp;&nbsp; 2)<\/strong> + m\u0119\u017ca\nStanis\u0142awa, ++ jego rodzic\u00f3w: Tekl\u0119 i Jana oraz brata Mariana \u2013 modli si\u0119 \u017cona\nz rodzin\u0105<\/p>\n\n\n\n<p><strong><em>09.10. \u2013 NIEDZIELA&nbsp; <\/em><\/strong><\/p>\n\n\n\n<p><strong>\u00a0 8.oo \u2013 1) <\/strong>w 89 rocz. urodzin Janiny Bilewicz dzi\u0119kczynna z pro\u015bb\u0105 o zdrowie, Bo\u017ce b\u0142ogos\u0142awie\u0144stwo, dary Ducha \u015awi\u0119tego,\u00a0 opiek\u0119 NMP \u00a0i \u015bw. Patron\u00f3w \u2013 modli si\u0119 rodzina<\/p>\n\n\n\n<p><strong>&nbsp;&nbsp;&nbsp;&nbsp;&nbsp;&nbsp;&nbsp;&nbsp;&nbsp;&nbsp;&nbsp; &nbsp;\n2)<\/strong> ++ W\u0142adys\u0142aw\u0119 w 9 rocz.\n\u015bm., Kazimier\u0119, Stanis\u0142awa i J\u00f3zefa z rodziny Szymczak\u00f3w oraz  + siostr\u0119 Mari\u0119 \u2013 modli si\u0119 rodzina <\/p>\n\n\n\n<p><strong>&nbsp; 9.3o \u2013 <\/strong>&nbsp;++ rodzic\u00f3w z obu stron: Weronik\u0119 i\nFranciszka, Janin\u0119 i Micha\u0142a oraz ++ z rodziny Bry\u0142\u00f3w:\u00a0Paw\u0142a, Gra\u017cyn\u0119, Tadeusza, dziadk\u00f3w: Ann\u0119 i Bart\u0142omieja<\/p>\n\n\n\n<p><strong>11.oo\n\u2013 1) <\/strong>++rodzic\u00f3w: Mari\u0119 w 10\nrocz. \u015bm i Adama, brata Andrzeja z rodziny Rogalskich \u00a0 oraz + m\u0119\u017ca Jana \u015awi\u0119talskiego<\/p>\n\n\n\n<p><strong>&nbsp;&nbsp;&nbsp;&nbsp;&nbsp;&nbsp;&nbsp;&nbsp;&nbsp;&nbsp; 2) <\/strong>++ Albin\u0119 w 7 rocz. \u015bm. i Edwarda Kale\u0144czuk\u00f3w,\nJ\u00f3zefa, Tadeusza oraz J\u00f3zefa i Zofi\u0119 J\u0119dryk\u00f3w <\/p>\n\n\n\n<p><strong>12.3o \u2013 1) <\/strong>w 15 rocz. urodzin Katarzyny Pytlarz dzi\u0119kczynna z pro\u015bb\u0105 o zdrowie, Bo\u017ce b\u0142ogos\u0142awie\u0144stwo, dary Ducha \u015awi\u0119tego,\u00a0 opiek\u0119 NMP \u00a0i \u015bw. Patron\u00f3w \u2013 modli si\u0119 rodzina<\/p>\n\n\n\n<p><strong>&nbsp;&nbsp;&nbsp;&nbsp;&nbsp;&nbsp;&nbsp;&nbsp;&nbsp;&nbsp;&nbsp; &nbsp;\n2)<\/strong> + Kazimierza Sempika w 3 rocz. \u015bm. oraz ++ rodzic\u00f3w\nz obu stron: Ann\u0119 i Micha\u0142a, Katarzyn\u0119  i Stanis\u0142awa, brata Zbigniewa, dusze w czy\u015b\u0107cu cierpi\u0105ce \u2013 modli si\u0119 rodzina<\/p>\n\n\n\n<p><strong>18.oo\n\u2013 &nbsp;+ Wojciecha Gom\u00f3\u0142k\u0119 <\/strong>gregorianka 28 \u2013 modl\u0105 si\u0119 Dorota i\nAndrzej S\u0142abi <\/p>\n","protected":false},"excerpt":{"rendered":"<p>Sk\u0142adaj\u0105c Ofiar\u0119, kt\u00f3ra nam przypomina niezmierzon\u0105 mi\u0142o\u015b\u0107 Twojego Syna, pokornie prosimy Ci\u0119, Bo\u017ce, przyjmij intencje Twoich wiernych i spraw przez dzia\u0142anie Eucharystii, aby w naszych rodzinach wzrasta\u0142a prawdziwa wiara, \u015bwi\u0119to\u015b\u0107 \u017cycia, braterska mi\u0142o\u015b\u0107 i duch modlitwy. Niech Matka Naj\u015bwi\u0119tsza wyprosi \u0142aski, o kt\u00f3re modlili\u015bmy si\u0119 w tej Mszy \u015bw. dla&#8230; <a class=\"continue-reading-link\" href=\"http:\/\/parafia.scinawa.info\/index.php\/2022\/10\/01\/intencje-mszalne-02-10-09-10-2022\/\">Czytaj dalej <span class=\"meta-nav\">&rarr; <\/span><\/a><\/p>\n","protected":false},"author":2,"featured_media":0,"comment_status":"closed","ping_status":"closed","sticky":false,"template":"","format":"standard","meta":{"footnotes":""},"categories":[39],"tags":[],"class_list":["post-2140","post","type-post","status-publish","format-standard","hentry","category-intencje"],"_links":{"self":[{"href":"http:\/\/parafia.scinawa.info\/index.php\/wp-json\/wp\/v2\/posts\/2140","targetHints":{"allow":["GET"]}}],"collection":[{"href":"http:\/\/parafia.scinawa.info\/index.php\/wp-json\/wp\/v2\/posts"}],"about":[{"href":"http:\/\/parafia.scinawa.info\/index.php\/wp-json\/wp\/v2\/types\/post"}],"author":[{"embeddable":true,"href":"http:\/\/parafia.scinawa.info\/index.php\/wp-json\/wp\/v2\/users\/2"}],"replies":[{"embeddable":true,"href":"http:\/\/parafia.scinawa.info\/index.php\/wp-json\/wp\/v2\/comments?post=2140"}],"version-history":[{"count":2,"href":"http:\/\/parafia.scinawa.info\/index.php\/wp-json\/wp\/v2\/posts\/2140\/revisions"}],"predecessor-version":[{"id":2142,"href":"http:\/\/parafia.scinawa.info\/index.php\/wp-json\/wp\/v2\/posts\/2140\/revisions\/2142"}],"wp:attachment":[{"href":"http:\/\/parafia.scinawa.info\/index.php\/wp-json\/wp\/v2\/media?parent=2140"}],"wp:term":[{"taxonomy":"category","embeddable":true,"href":"http:\/\/parafia.scinawa.info\/index.php\/wp-json\/wp\/v2\/categories?post=2140"},{"taxonomy":"post_tag","embeddable":true,"href":"http:\/\/parafia.scinawa.info\/index.php\/wp-json\/wp\/v2\/tags?post=2140"}],"curies":[{"name":"wp","href":"https:\/\/api.w.org\/{rel}","templated":true}]}}