{"id":2147,"date":"2022-10-08T10:45:21","date_gmt":"2022-10-08T08:45:21","guid":{"rendered":"http:\/\/parafia.scinawa.info\/?p=2147"},"modified":"2022-10-08T10:48:13","modified_gmt":"2022-10-08T08:48:13","slug":"intencje-mszalne-09-10-16-10-2022","status":"publish","type":"post","link":"http:\/\/parafia.scinawa.info\/index.php\/2022\/10\/08\/intencje-mszalne-09-10-16-10-2022\/","title":{"rendered":"INTENCJE MSZALNE 09.10 \u2013 16.10. 2022"},"content":{"rendered":"\n<p><strong><em>Sk\u0142adaj\u0105c\nOfiar\u0119, kt\u00f3ra nam przypomina niezmierzon\u0105 mi\u0142o\u015b\u0107 Twojego Syna, pokornie prosimy\nCi\u0119, Bo\u017ce, przyjmij intencje Twoich wiernych i spraw przez dzia\u0142anie\nEucharystii, aby w naszych rodzinach wzrasta\u0142a prawdziwa wiara, \u015bwi\u0119to\u015b\u0107 \u017cycia,\nbraterska mi\u0142o\u015b\u0107 i duch modlitwy. <\/em><\/strong><strong>Niech\nMatka Naj\u015bwi\u0119tsza wyprosi \u0142aski, o kt\u00f3re modlili\u015bmy si\u0119 w tej Mszy \u015bw. dla \u2026\nZa\u015b zmar\u0142ym \u2026 za kt\u00f3rych odprawiali\u015bmy Msz\u0119 \u015bw.: wieczny odpoczynek racz im\nda\u0107 Panie (\u2026); niech odpoczywaj\u0105 w pokoju wiecznym. Amen<\/strong><\/p>\n\n\n\n<p><strong>09.10<em>. &#8211; NIEDZIELA&nbsp; <\/em><\/strong><em><\/em><\/p>\n\n\n\n<p><strong>&nbsp; 8.oo \u2013 1) <\/strong>w 89 rocz. urodzin Janiny Bilewicz dzi\u0119kczynna za otrzymane \u0142aski z pro\u015bb\u0105 o zdrowie,\nBo\u017ce <\/p>\n\n\n\n<p>&nbsp;&nbsp;&nbsp;&nbsp;&nbsp;&nbsp;&nbsp;&nbsp;&nbsp;&nbsp;&nbsp;&nbsp;&nbsp;&nbsp;&nbsp;&nbsp;&nbsp; b\u0142ogos\u0142awie\u0144stwo,\ndary Ducha \u015awi\u0119tego,&nbsp; opiek\u0119 NMP &nbsp;i \u015bw. Patron\u00f3w \u2013 modli si\u0119 rodzina<\/p>\n\n\n\n<p><strong>\u00a0\u00a0\u00a0\u00a0\u00a0\u00a0\u00a0\u00a0\u00a0\u00a0\u00a0 \u00a0 2)<\/strong> ++ W\u0142adys\u0142aw\u0119 w 9 rocz. \u015bm., Kazimier\u0119, Stanis\u0142awa i J\u00f3zefa z rodziny Szymczak\u00f3w oraz  + siostr\u0119 Mari\u0119 \u2013 modli si\u0119 rodzina<\/p>\n\n\n\n<p><strong>\u00a0 9.3o \u2013 <\/strong>\u00a0++ rodzic\u00f3w z obu stron: Weronik\u0119 i Franciszka, Janin\u0119 i Micha\u0142a oraz ++ z rodziny Bry\u0142\u00f3w: Paw\u0142a, Gra\u017cyn\u0119, Tadeusza, dziadk\u00f3w: Ann\u0119 i Bart\u0142omieja<\/p>\n\n\n\n<p><strong>11.oo\n\u2013 1) <\/strong>++rodzic\u00f3w: Mari\u0119 w 10\nrocz. \u015bm i Adama, brata Andrzeja z rodziny Rogalskich \u00a0 oraz + m\u0119\u017ca Jana \u015awi\u0119talskiego<\/p>\n\n\n\n<p><strong>&nbsp;&nbsp;&nbsp;&nbsp;&nbsp;&nbsp;&nbsp;&nbsp;&nbsp;&nbsp; 2) <\/strong>++ Albin\u0119 w 7 rocz. \u015bm. i Edwarda Kale\u0144czuk\u00f3w,\nJ\u00f3zefa, Tadeusza oraz J\u00f3zefa i Zofi\u0119 J\u0119dryk\u00f3w <\/p>\n\n\n\n<p><strong>12.3o\n\u2013 1) <\/strong>w 15 rocz. urodzin\nKatarzyny Pytlarz dzi\u0119kczynna z pro\u015bb\u0105 o zdrowie, Bo\u017ce b\u0142ogos\u0142awie\u0144stwo, \u00a0 dary Ducha \u015awi\u0119tego,\u00a0 opiek\u0119 NMP \u00a0i \u015bw. Patron\u00f3w \u2013 modli si\u0119 rodzina<\/p>\n\n\n\n<p><strong>\u00a0\u00a0\u00a0\u00a0\u00a0\u00a0\u00a0\u00a0\u00a0\u00a0\u00a0 \u00a0 2)<\/strong> + Kazimierza Sempika w 3 rocz. \u015bm. oraz ++ rodzic\u00f3w z obu stron: Ann\u0119 i Micha\u0142a, Katarzyn\u0119 i Stanis\u0142awa, brata Zbigniewa, dusze w czy\u015b\u0107cu cierpi\u0105ce \u2013 modli si\u0119 rodzina<\/p>\n\n\n\n<p><strong>18.oo\n\u2013 &nbsp;+ Wojciecha Gom\u00f3\u0142k\u0119 <\/strong>gregorianka 28 \u2013 modl\u0105 si\u0119 Dorota i\nAndrzej S\u0142abi<strong> &nbsp;&nbsp;<\/strong>&nbsp;<\/p>\n\n\n\n<p><strong>10.10<em>. \u2013 PONIEDZIA\u0141EK<\/em><\/strong><\/p>\n\n\n\n<p><strong>&nbsp; &nbsp;&nbsp;7.oo \u2013 <\/strong>&nbsp;<strong>+ Wojciecha\nGom\u00f3\u0142k\u0119 <\/strong>gregorianka 29 \u2013\nmodl\u0105 si\u0119&nbsp;&nbsp;&nbsp;&nbsp;&nbsp;&nbsp;&nbsp;&nbsp;&nbsp;&nbsp; Jadwiga i Jan Gomolowie\nz Go\u0142kowic<\/p>\n\n\n\n<p><strong>18.oo \u2013 1) <\/strong>+ Mari\u0119 Cierlik w 2 rocz. \u015bm., \u00a0++ rodzic\u00f3w z obu stron: Juli\u0119 i W\u0142adys\u0142awa oraz Mari\u0119 i Mariana \u2013 modli si\u0119 rodzina <\/p>\n\n\n\n<p><strong>&nbsp;&nbsp;&nbsp;&nbsp;&nbsp;&nbsp;&nbsp;&nbsp;&nbsp;&nbsp;&nbsp; &nbsp;\n2)<\/strong> + Mariana Krygiela &#8211;\n30 dzie\u0144 od pogrzebu &#8211; intencja od uczestnik\u00f3w Mszy pogrzebowej<\/p>\n\n\n\n<p><strong>11.10<em>. &#8211; WTOREK<\/em><\/strong><em><\/em><\/p>\n\n\n\n<p><strong>7.oo\n\u2013 + Wojciecha Gom\u00f3\u0142k\u0119 <\/strong>gregorianka\n30\n\u2013 modl\u0105 si\u0119 znajomi<\/p>\n\n\n\n<p><strong>18.oo\n\u2013 <\/strong>+ Monik\u0119 Barbar\u0119 Wojtowicz \u2013 modl\u0105 si\u0119 Danuta,\nTadeusz i Magdalena Puchalscy<\/p>\n\n\n\n<p><strong>12.10<em>. \u2013 \u015aRODA <\/em><\/strong><\/p>\n\n\n\n<p><strong>&nbsp;7.oo \u2013 <\/strong>+ syna Miros\u0142awa w dniu jego ziemskich urodzin i za dusze w czy\u015b\u0107cu\ncierpi\u0105ce \u2013 modli si\u0119 mama<\/p>\n\n\n\n<p><strong>18.oo\n\u2013&nbsp; intencja zbiorowa nowennowa:<\/strong><\/p>\n\n\n\n<p><strong>1)<\/strong>\n+ W\u0142adys\u0142awa Pa\u0144czyszyna \u2013 modl\u0105 si\u0119 Anna i Maciej Pacakowie<\/p>\n\n\n\n<p><strong>2)<\/strong>\ndzi\u0119kczynna za 26 lat \u017cycia Karoliny z pro\u015bb\u0105 o znalezienie pracy i powr\u00f3t do\nBoga<\/p>\n\n\n\n<p><strong>3)<\/strong> + Jana Drabika &#8211; 30 dzie\u0144 od pogrzebu &#8211;\nintencja od uczestnik\u00f3w Mszy pogrzebowej<\/p>\n\n\n\n<p><strong>4)<\/strong> + Romana W\u00f3jcika oraz ++ z rodziny W\u00f3jcik\u00f3w i\nB\u0142a\u017cejewskich<\/p>\n\n\n\n<p><strong>5)<\/strong> ++ Mari\u0119 i Micha\u0142a Mazep\u00f3w \u2013 modli si\u0119 Maria z rodzin\u0105<\/p>\n\n\n\n<p><strong>6)<\/strong> dzi\u0119kczynna za \u0142ask\u0119 powrotu do zdrowia po ci\u0119\u017ckiej\nchorobie \u2013 modl\u0105 si\u0119 dziadkowie<\/p>\n\n\n\n<p><strong>7)<\/strong> pro\u015bba o Bo\u017ce b\u0142ogos\u0142awie\u0144stwo i opiek\u0119 NMP dla\ndzieci i wnuk\u00f3w \u2013 modl\u0105 si\u0119 dziadkowie<\/p>\n\n\n\n<p><strong>13.10<em>. \u2013 CZWARTEK <\/em><\/strong><em>&nbsp;<\/em><\/p>\n\n\n\n<p><strong>&nbsp; 7.oo \u2013<\/strong> &nbsp;za dusze w czy\u015b\u0107cu cierpi\u0105ce<\/p>\n\n\n\n<p><strong>18.oo\n\u2013 1) <\/strong>+ Helen\u0119 Mariasik \u2013 modli si\u0119\nsiostra Anna z rodzina z Czeladzi <\/p>\n\n\n\n<p><strong>&nbsp;&nbsp;&nbsp;&nbsp;&nbsp;&nbsp;&nbsp;&nbsp;&nbsp;&nbsp;&nbsp; &nbsp;\n2)<\/strong> + Zbigniewa Samka w 1\nrocz. \u015bm. \u2013 modli si\u0119 \u017cona z rodzin\u0105<\/p>\n\n\n\n<p><strong>14.10<em>. \u2013 PI\u0104TEK<\/em><\/strong><\/p>\n\n\n\n<p><strong>&nbsp; &nbsp;&nbsp;7.oo\n\u2013<\/strong>\n++ rodzic\u00f3w: Mari\u0119 i J\u00f3zefa, dziadk\u00f3w: Izydora i Juli\u0119 oraz Jana z rodziny\nGroszk\u00f3w <\/p>\n\n\n\n<p><strong>18.oo\n\u2013 1) <\/strong>+ m\u0119\u017ca Stanis\u0142awa Kozio\u0142a w 24 rocz. \u015bm., ++\nrodzic\u00f3w i synow\u0105 El\u017cbiet\u0119 \u2013 modli si\u0119 rodzina<\/p>\n\n\n\n<p><strong>&nbsp;&nbsp;&nbsp;&nbsp;&nbsp;&nbsp;&nbsp;&nbsp;&nbsp;&nbsp;&nbsp; &nbsp;\n2)<\/strong> w intencji Kamili o szcz\u0119\u015bliwe rozwi\u0105zanie,\nzdrowie, Bo\u017ce b\u0142ogos\u0142awie\u0144stwo i opiek\u0119 NMP dla\u00a0mamy i dziecka \u2013 modl\u0105 si\u0119 rodzice i siostra <\/p>\n\n\n\n<p><strong><em>15.10. \u2013 SOBOTA<\/em><\/strong><\/p>\n\n\n\n<p><strong>&nbsp; &nbsp;&nbsp;7.oo \u2013<\/strong> + Jadwig\u0119 Machtylsk\u0105 \u2013\nmodli si\u0119 rodzina<\/p>\n\n\n\n<p><strong>15.oo\n\u2013<\/strong> \u015blub: \u0141ukasz Jacek Kasycz \u2013 Aleksandra Agata Czech<\/p>\n\n\n\n<p><strong>18.oo\n\u2013 1) <\/strong>w 30 rocz. \u015blubu Bogus\u0142awy\ni Roberta Szelig\u00f3w dzi\u0119kczynna z pro\u015bb\u0105 o zdrowie, Bo\u017ce\u00a0b\u0142ogos\u0142awie\u0144stwo, dary Ducha \u015awi\u0119tego,\u00a0 opiek\u0119 NMP i \u015bw. Patron\u00f3w <\/p>\n\n\n\n<p><strong>&nbsp;&nbsp;&nbsp;&nbsp;&nbsp;&nbsp;&nbsp;&nbsp;&nbsp;&nbsp;&nbsp; &nbsp;\n2)<\/strong> zaj. P. Zdobylak<\/p>\n\n\n\n<p><strong><em>16.10. \u2013 NIEDZIELA&nbsp; <\/em><\/strong><\/p>\n\n\n\n<p><strong>&nbsp; 8.oo \u2013 1) <\/strong>++ Mari\u0119 w 45 rocz. \u015bm., Eugeni\u0119 w 45 rocz. \u015bm., Ludwika w 41 rocz. \u015bm. z\nrodziny Spanier\u00f3w \u00a0oraz Gabriel\u0119 Wypch\u0142o w 4 rocz. \u015bm. \u2013 modli si\u0119 rodzina<\/p>\n\n\n\n<p><strong>\u00a0 \u00a0\u00a0\u00a0\u00a0\u00a02)<\/strong> w 50 rocz. \u015blubu Haliny i Tadeusza Kani\u00f3w dzi\u0119kczynna z pro\u015bb\u0105 o zdrowie, dary Ducha \u015awi\u0119tego,  Bo\u017ce b\u0142ogos\u0142awie\u0144stwo,\u00a0 opiek\u0119 NMP i \u015bw. Patron\u00f3w &#8211; modl\u0105 si\u0119 Jasia i Janusz z Wroc\u0142awia<\/p>\n\n\n\n<p><strong>&nbsp; 9.3o \u2013 <\/strong>w 70 rocz.\nurodzin Stanis\u0142awa Bogacza dzi\u0119kczynna\nz pro\u015bb\u0105 o zdrowie, Bo\u017ce b\u0142ogos\u0142awie\u0144stwo, \u00a0dary Ducha \u015awi\u0119tego,\u00a0 opiek\u0119 NMP i \u015bw. Patron\u00f3w \u2013 modli si\u0119 \u017cona z dzie\u0107mi i wnukami <\/p>\n\n\n\n<p><strong>11.oo\n\u2013 1) <\/strong>za Siostry Jadwi\u017canki z racji patronalnego \u015bwi\u0119ta dzi\u0119kczynna z pro\u015bb\u0105 o zdrowie, dary Ducha\u00a0\u015awi\u0119tego, Bo\u017ce b\u0142ogos\u0142awie\u0144stwo, opiek\u0119 NMP i \u015bw. Jadwigi oraz o nowe powo\u0142ania do zakonu<\/p>\n\n\n\n<p><strong>&nbsp;&nbsp;&nbsp;&nbsp;&nbsp;&nbsp;&nbsp;&nbsp;&nbsp;&nbsp;&nbsp; &nbsp;\n2) <\/strong>+ Jana \u017bebrowskiego w 7\nrocz. \u015bm., ++ rodzic\u00f3w z obu stron: Stefani\u0119 i Stanis\u0142awa, Genowef\u0119 \u00a0i Wiktora \u2013 modli si\u0119 rodzina <\/p>\n\n\n\n<p><strong>12.3o\n\u2013 1) <\/strong>zaj. P. Ca\u0142a<\/p>\n\n\n\n<p><strong>&nbsp;&nbsp;&nbsp;&nbsp;&nbsp;&nbsp;&nbsp;&nbsp;&nbsp;&nbsp;&nbsp; &nbsp;\n2)<\/strong> + J\u00f3zefa Cie\u015bli\u0144skiego w 1 rocz. \u015bm., \u017con\u0119 Ludwik\u0119\noraz rodzic\u00f3w i rodze\u0144stwo z obu stron  \u2013 modli si\u0119 rodzina<\/p>\n\n\n\n<p>\u00a0\u00a0\u00a0\u00a0\u00a0\u00a0\u00a0\u00a0\u00a0\u00a0\u00a0\u00a0\u00a0\u00a0\u00a0\u00a0\u00a0\u00a0\u00a0\u00a0\u00a0\u00a0 <strong><em>Chrzest po Mszy: Pola Kami\u0144ska, \u0141ucja Edyta Pytlarz<\/em><\/strong><\/p>\n\n\n\n<p><strong>18.oo\n\u2013 <\/strong>++ rodzic\u00f3w w rocz. ich \u015bmierci \u2013 modli si\u0119 c\u00f3rka<strong> <\/strong>&nbsp;<\/p>\n","protected":false},"excerpt":{"rendered":"<p>Sk\u0142adaj\u0105c Ofiar\u0119, kt\u00f3ra nam przypomina niezmierzon\u0105 mi\u0142o\u015b\u0107 Twojego Syna, pokornie prosimy Ci\u0119, Bo\u017ce, przyjmij intencje Twoich wiernych i spraw przez dzia\u0142anie Eucharystii, aby w naszych rodzinach wzrasta\u0142a prawdziwa wiara, \u015bwi\u0119to\u015b\u0107 \u017cycia, braterska mi\u0142o\u015b\u0107 i duch modlitwy. Niech Matka Naj\u015bwi\u0119tsza wyprosi \u0142aski, o kt\u00f3re modlili\u015bmy si\u0119 w tej Mszy \u015bw. dla&#8230; <a class=\"continue-reading-link\" href=\"http:\/\/parafia.scinawa.info\/index.php\/2022\/10\/08\/intencje-mszalne-09-10-16-10-2022\/\">Czytaj dalej <span class=\"meta-nav\">&rarr; <\/span><\/a><\/p>\n","protected":false},"author":2,"featured_media":0,"comment_status":"closed","ping_status":"closed","sticky":false,"template":"","format":"standard","meta":{"footnotes":""},"categories":[39],"tags":[],"class_list":["post-2147","post","type-post","status-publish","format-standard","hentry","category-intencje"],"_links":{"self":[{"href":"http:\/\/parafia.scinawa.info\/index.php\/wp-json\/wp\/v2\/posts\/2147","targetHints":{"allow":["GET"]}}],"collection":[{"href":"http:\/\/parafia.scinawa.info\/index.php\/wp-json\/wp\/v2\/posts"}],"about":[{"href":"http:\/\/parafia.scinawa.info\/index.php\/wp-json\/wp\/v2\/types\/post"}],"author":[{"embeddable":true,"href":"http:\/\/parafia.scinawa.info\/index.php\/wp-json\/wp\/v2\/users\/2"}],"replies":[{"embeddable":true,"href":"http:\/\/parafia.scinawa.info\/index.php\/wp-json\/wp\/v2\/comments?post=2147"}],"version-history":[{"count":2,"href":"http:\/\/parafia.scinawa.info\/index.php\/wp-json\/wp\/v2\/posts\/2147\/revisions"}],"predecessor-version":[{"id":2149,"href":"http:\/\/parafia.scinawa.info\/index.php\/wp-json\/wp\/v2\/posts\/2147\/revisions\/2149"}],"wp:attachment":[{"href":"http:\/\/parafia.scinawa.info\/index.php\/wp-json\/wp\/v2\/media?parent=2147"}],"wp:term":[{"taxonomy":"category","embeddable":true,"href":"http:\/\/parafia.scinawa.info\/index.php\/wp-json\/wp\/v2\/categories?post=2147"},{"taxonomy":"post_tag","embeddable":true,"href":"http:\/\/parafia.scinawa.info\/index.php\/wp-json\/wp\/v2\/tags?post=2147"}],"curies":[{"name":"wp","href":"https:\/\/api.w.org\/{rel}","templated":true}]}}