{"id":2150,"date":"2022-10-08T10:59:55","date_gmt":"2022-10-08T08:59:55","guid":{"rendered":"http:\/\/parafia.scinawa.info\/?p=2150"},"modified":"2022-10-08T10:59:55","modified_gmt":"2022-10-08T08:59:55","slug":"ogloszenia-duszpasterskie-28-niedziela-zwykla-09-10-2022","status":"publish","type":"post","link":"http:\/\/parafia.scinawa.info\/index.php\/2022\/10\/08\/ogloszenia-duszpasterskie-28-niedziela-zwykla-09-10-2022\/","title":{"rendered":"Og\u0142oszenia duszpasterskie  28 Niedziela zwyk\u0142a \u2013 09.10. 2022"},"content":{"rendered":"\n<p><strong>1<\/strong><strong>.<\/strong> Dzi\u015b prze\u017cywamy\n<strong><em>28 Niedziel\u0119 zwyk\u0142\u0105<\/em><\/strong>.\nMsze \u015bw. wg porz\u0105dku niedzielnego.\n&nbsp;<strong><em>&nbsp;<\/em><\/strong><\/p>\n\n\n\n<p><strong>2<\/strong><strong>.<\/strong> Msze \u015bw. w\ntygodniu&nbsp; o <strong>7<sup>00<\/sup><\/strong> i <strong>18<sup>00<\/sup><\/strong>.\n<\/p>\n\n\n\n<p><strong>3.<\/strong>\nCodziennie spowied\u017a i adoracja Naj\u015bwi\u0119tszego Sakramentu o godz. <strong>17<sup>00<\/sup>,\na R\u00f3\u017caniec o <\/strong><strong>17<sup>30<\/sup>. <\/strong><\/p>\n\n\n\n<p><strong>4<\/strong><strong>.<\/strong> <strong>&nbsp;<\/strong>W tym tygodniu obchodzimy:<\/p>\n\n\n\n<p>&#8211; <strong>w\nczwartek<\/strong> \u2013 wspomnienie b\u0142. Honorata Ko\u017ami\u0144skiego, prezbitera<\/p>\n\n\n\n<p>&#8211; <strong>w\nsobot\u0119<\/strong> \u2013 wspomnienie \u015bw. Teresy\nod Jezusa, dziewicy i doktora Ko\u015bcio\u0142a<\/p>\n\n\n\n<p><strong>5.<\/strong><strong> <em>Nabo\u017ce\u0144stwo fatimskie w czwartek 13 pa\u017adziernika tradycyjnie po Mszy\nwieczornej.<\/em><\/strong><\/p>\n\n\n\n<p><strong>6<\/strong><strong>. <\/strong>W przysz\u0142\u0105 niedziel\u0119 b\u0119dziemy prze\u017cywa\u0107 <strong><em>uroczysto\u015b\u0107 \u015bw. Jadwigi \u015al\u0105skiej\n\u2013 g\u0142\u00f3wnej Patronki \u015al\u0105ska, Si\u00f3str Jadwi\u017canek<\/em><\/strong>\noraz Niedziel\u0119 papiesk\u0105. Msze \u015bw. wg\nporz\u0105dku niedzielnego. <strong><em>We wszystkich ko\u015bcio\u0142ach\nPolski zbierane s\u0105 ofiary do puszek przeznaczone na Fundacj\u0119 Jana Paw\u0142a II \u2013\nDzie\u0142o Nowego Tysi\u0105clecia.<\/em><\/strong> <\/p>\n\n\n\n<p><strong>7<\/strong><strong>.<\/strong> Kancelaria\nczynna codziennie po Mszy \u015bw. wieczornej z wyj\u0105tkiem niedziel, uroczysto\u015bci i\n\u015bwi\u0105t.<\/p>\n\n\n\n<p><strong>8<\/strong><strong>.<\/strong> Do nabycia jest\nprasa katolicka: Niedziela, Go\u015b\u0107 Niedzielny i R\u00f3\u017caniec. <\/p>\n\n\n\n<p><strong>9<\/strong><strong>.<\/strong> Dzi\u0119kuj\u0119 wszystkim,\nkt\u00f3rzy w tym tygodniu sprz\u0105tali \u015bwi\u0105tyni\u0119 i przygotowali j\u0105 na nasze spotkanie\neucharystyczne.<\/p>\n\n\n\n<p><strong>10<\/strong><strong>.<\/strong> Serdeczne B\u00f3g\nzap\u0142a\u0107 za ofiary sk\u0142adane na remonty w naszej parafii. <\/p>\n\n\n\n<p><strong>11.<\/strong>\n&nbsp;Intencje mszalne, obrazki \u2013 pami\u0105tki odprawionej\nMszy \u015bw.<\/p>\n\n\n\n<p><em>\u017byczymy mi\u0142ego tygodnia\ni obfitych \u0142ask Bo\u017cych.<\/em><\/p>\n","protected":false},"excerpt":{"rendered":"<p>1. Dzi\u015b prze\u017cywamy 28 Niedziel\u0119 zwyk\u0142\u0105. Msze \u015bw. wg porz\u0105dku niedzielnego. &nbsp;&nbsp; 2. Msze \u015bw. w tygodniu&nbsp; o 700 i 1800. 3. Codziennie spowied\u017a i adoracja Naj\u015bwi\u0119tszego Sakramentu o godz. 1700, a R\u00f3\u017caniec o 1730. 4. &nbsp;W tym tygodniu obchodzimy: &#8211; w czwartek \u2013 wspomnienie b\u0142. Honorata Ko\u017ami\u0144skiego, prezbitera &#8211;&#8230; <a class=\"continue-reading-link\" href=\"http:\/\/parafia.scinawa.info\/index.php\/2022\/10\/08\/ogloszenia-duszpasterskie-28-niedziela-zwykla-09-10-2022\/\">Czytaj dalej <span class=\"meta-nav\">&rarr; <\/span><\/a><\/p>\n","protected":false},"author":2,"featured_media":0,"comment_status":"closed","ping_status":"closed","sticky":false,"template":"","format":"standard","meta":{"footnotes":""},"categories":[40],"tags":[],"class_list":["post-2150","post","type-post","status-publish","format-standard","hentry","category-ogloszenia-duszpasterskie"],"_links":{"self":[{"href":"http:\/\/parafia.scinawa.info\/index.php\/wp-json\/wp\/v2\/posts\/2150","targetHints":{"allow":["GET"]}}],"collection":[{"href":"http:\/\/parafia.scinawa.info\/index.php\/wp-json\/wp\/v2\/posts"}],"about":[{"href":"http:\/\/parafia.scinawa.info\/index.php\/wp-json\/wp\/v2\/types\/post"}],"author":[{"embeddable":true,"href":"http:\/\/parafia.scinawa.info\/index.php\/wp-json\/wp\/v2\/users\/2"}],"replies":[{"embeddable":true,"href":"http:\/\/parafia.scinawa.info\/index.php\/wp-json\/wp\/v2\/comments?post=2150"}],"version-history":[{"count":1,"href":"http:\/\/parafia.scinawa.info\/index.php\/wp-json\/wp\/v2\/posts\/2150\/revisions"}],"predecessor-version":[{"id":2151,"href":"http:\/\/parafia.scinawa.info\/index.php\/wp-json\/wp\/v2\/posts\/2150\/revisions\/2151"}],"wp:attachment":[{"href":"http:\/\/parafia.scinawa.info\/index.php\/wp-json\/wp\/v2\/media?parent=2150"}],"wp:term":[{"taxonomy":"category","embeddable":true,"href":"http:\/\/parafia.scinawa.info\/index.php\/wp-json\/wp\/v2\/categories?post=2150"},{"taxonomy":"post_tag","embeddable":true,"href":"http:\/\/parafia.scinawa.info\/index.php\/wp-json\/wp\/v2\/tags?post=2150"}],"curies":[{"name":"wp","href":"https:\/\/api.w.org\/{rel}","templated":true}]}}