{"id":2263,"date":"2023-02-18T22:00:16","date_gmt":"2023-02-18T21:00:16","guid":{"rendered":"http:\/\/parafia.scinawa.info\/?p=2263"},"modified":"2023-02-18T22:03:50","modified_gmt":"2023-02-18T21:03:50","slug":"intencje-mszalne-19-02-26-02-2023","status":"publish","type":"post","link":"http:\/\/parafia.scinawa.info\/index.php\/2023\/02\/18\/intencje-mszalne-19-02-26-02-2023\/","title":{"rendered":"INTENCJE MSZALNE 19.02 \u2013 26.02. 2023"},"content":{"rendered":"\n<p><strong><em>Sk\u0142adaj\u0105c\nOfiar\u0119, kt\u00f3ra nam przypomina niezmierzon\u0105 mi\u0142o\u015b\u0107 Twojego Syna, pokornie prosimy\nCi\u0119, Bo\u017ce, przyjmij intencje Twoich wiernych i spraw przez dzia\u0142anie\nEucharystii, aby w naszych rodzinach wzrasta\u0142a prawdziwa wiara, \u015bwi\u0119to\u015b\u0107 \u017cycia,\nbraterska mi\u0142o\u015b\u0107 i duch modlitwy. <\/em><\/strong><strong>Niech\nMatka Naj\u015bwi\u0119tsza wyprosi \u0142aski, o kt\u00f3re modlili\u015bmy si\u0119 w tej Mszy \u015bw. dla \u2026\nZa\u015b zmar\u0142ym \u2026 za kt\u00f3rych odprawiali\u015bmy Msz\u0119 \u015bw.: wieczny odpoczynek racz im\nda\u0107 Panie (\u2026); niech odpoczywaj\u0105 w pokoju wiecznym. Amen<\/strong><\/p>\n\n\n\n<p><strong>19.02<em>. &#8211; NIEDZIELA&nbsp; <\/em><\/strong><em><\/em><\/p>\n\n\n\n<p><strong>8.oo\n\u2013 1) + Zofi\u0119 Skoczylas \u2013 gregorianka 17<\/strong>\n<\/p>\n\n\n\n<p><strong>&nbsp;2)<\/strong> o \u0142ask\u0119 zdrowia dla chorego Paw\u0142a i opiek\u0119 NMP<\/p>\n\n\n\n<p><strong>9.3o\n\u2013 1) <\/strong>+ Zbigniewa Majerskiego \u2013\ngregorianka 14 \u2013 od rodziny Cebul\u00f3w<\/p>\n\n\n\n<p><strong>&nbsp;&nbsp; 2)<\/strong> + Jana Bodniewicza w 17 rocz. \u015bm. oraz ++ z\nrodziny Mokrzyckich i Miszczuk\u00f3w \u2013 modli si\u0119 rodzina<\/p>\n\n\n\n<p><strong>11.oo\n\u2013 1) <\/strong>w 45 rocz. \u015blubu Marii i Bronis\u0142awa S\u0142obodzian\u00f3w\ndzi\u0119kczynna za otrzymane \u0142aski  z pro\u015bb\u0105 o zdrowie, Bo\u017ce \u00a0b\u0142ogos\u0142awie\u0144stwo i opiek\u0119 NMP i \u015bw. Patron\u00f3w \u2013 modl\u0105 si\u0119\u00a0dzieci z rodzinami<\/p>\n\n\n\n<p><strong>&nbsp;&nbsp;&nbsp;&nbsp;&nbsp;&nbsp;&nbsp;&nbsp;&nbsp;&nbsp;&nbsp; &nbsp;\n2) <\/strong>++ Mari\u0119 i Romana Kilian\u00f3w<\/p>\n\n\n\n<p><strong>&nbsp;&nbsp;&nbsp;&nbsp;&nbsp;&nbsp;&nbsp;&nbsp;&nbsp;&nbsp;&nbsp; &nbsp;&nbsp;3)<\/strong>\nw intencji mamy Danuty o powr\u00f3t do zdrowia i opieke NMP \u2013 modl\u0105 si\u0119 dzieci z\nrodzinami<\/p>\n\n\n\n<p><strong>12.3o\n\u2013 1) <\/strong>w 10 rocz. urodzin Magdaleny dzi\u0119kczynna za\notrzymane \u0142aski z pro\u015bb\u0105 o zdrowie, Bo\u017ce\u00a0b\u0142ogos\u0142awie\u0144stwo i opiek\u0119 NMP i \u015bw. Patron\u00f3w \u2013 modli si\u0119 rodzina<\/p>\n\n\n\n<p><strong>&nbsp;&nbsp;&nbsp;&nbsp;&nbsp;&nbsp;&nbsp;&nbsp;&nbsp;&nbsp;&nbsp; &nbsp;\n2)<\/strong> w 28 rocz. urodzin Kamili dzi\u0119kczynna za otrzymane\n\u0142aski z pro\u015bb\u0105 o zdrowie, Bo\u017ce\u00a0\u00a0b\u0142ogos\u0142awie\u0144stwo, dary Ducha \u015awi\u0119tego i opiek\u0119 NMP i \u015bw. Patron\u00f3w <\/p>\n\n\n\n<p><strong>&nbsp;3)<\/strong> + Kazimierza Waliszaka\nw 8 rocz. \u015bm. \u2013 modli si\u0119 \u017cona z rodzin\u0105<\/p>\n\n\n\n<p><strong><em>chrzest\npo Mszy: Wiktoria \u017bo\u0142\u0105dziejewska<\/em><\/strong><\/p>\n\n\n\n<p><strong>18.oo\n\u2013 <\/strong>++ m\u0119\u017ca Tadeusza, braci: Jana i\nMariana oraz ++ rodzic\u00f3w z obu stron \u2013 modli si\u0119 rodzina<strong> &nbsp;&nbsp;<\/strong>&nbsp;<\/p>\n\n\n\n<p><strong>20.02<em>. \u2013 PONIEDZIA\u0141EK<\/em><\/strong><\/p>\n\n\n\n<p><strong>&nbsp; &nbsp;&nbsp;7.oo \u2013 <\/strong>+ Zbigniewa Majerskiego \u2013 gregorianka 15 \u2013 od Zofii i Marka Cebul\u00f3w z\nrodzin\u0105<strong><\/strong><\/p>\n\n\n\n<p><strong>18.oo\n\u2013 + Zofi\u0119 Skoczylas \u2013 gregorianka 18<\/strong><\/p>\n\n\n\n<p><strong>21.02<em>. &#8211; WTOREK<\/em><\/strong><em><\/em><\/p>\n\n\n\n<p><strong>7.oo\n\u20131) <\/strong>++ Czes\u0142aw\u0119 i Henryka, ++ ich rodzic\u00f3w, + Jana oraz\n++ z rodziny Lipi\u0144skich \u2013 modli si\u0119 rodzina <\/p>\n\n\n\n<p><strong>2)<\/strong> + Zbigniewa Majerskiego \u2013 gregorianka 16 \u2013 od\nCeliny i Miros\u0142awa Cebul\u00f3w z rodzin\u0105<\/p>\n\n\n\n<p><strong>18.oo\n\u2013 + Zofi\u0119 Skoczylas \u2013 gregorianka 19<\/strong><\/p>\n\n\n\n<p><strong>22.02<em>. \u2013 \u015aRODA POPIELCOWA <\/em><\/strong><\/p>\n\n\n\n<p><strong>\u00a0 8.oo \u20131) <\/strong>++ Kazimier\u0119, Stanis\u0142awa, Rafa\u0142a, Janin\u0119 z rodziny Anielskich, Mariana i Mariann\u0119 Kocel\u00f3w \u00a0oraz Urszul\u0119 Laszczak <\/p>\n\n\n\n<p><strong>&nbsp;&nbsp;&nbsp;&nbsp;&nbsp;&nbsp;&nbsp;&nbsp;&nbsp;&nbsp;&nbsp; &nbsp;&nbsp;2)<\/strong> + Zbigniewa Majerskiego \u2013 gregorianka 17 \u2013 od\nAgnieszki i Dariusza Cebul\u00f3w z rodzin\u0105<strong><\/strong><\/p>\n\n\n\n<p><strong>&nbsp;9.3o \u2013 1)<\/strong> dzi\u0119kczynna za prze\u017cycie\n70 lat Stanis\u0142awy Ka\u0144skiej z pro\u015bb\u0105 o zdrowie, dary Ducha \u015awi\u0119tego,\u00a0Bo\u017ce b\u0142ogos\u0142awie\u0144stwo, , opiek\u0119 NMP i \u015bw. Patron\u00f3w na dalsze lata \u017cycia \u2013 modli si\u0119 m\u0105\u017c z rodzin\u0105<\/p>\n\n\n\n<p><strong>2) <\/strong><\/p>\n\n\n\n<p><strong>16.oo\n\u2013 + Zofi\u0119 Skoczylas \u2013 gregorianka 20\n<\/strong><\/p>\n\n\n\n<p><strong>18.oo\n\u2013&nbsp; intencja zbiorowa nowennowa:<\/strong><\/p>\n\n\n\n<p><strong>1)<\/strong>\nw 90 rocz. urodzin Piotra Madziara dzi\u0119kczynna z pro\u015bb\u0105 o zdrowie, Bo\u017ce b\u0142ogos\u0142awie\u0144stwo,\ndary  Ducha \u015awi\u0119tego \u00a0i opiek\u0119 NMP i \u015bw. Patron\u00f3w \u2013 modli si\u0119 siostra Wac\u0142awa z rodzin\u0105<\/p>\n\n\n\n<p><strong>2)<\/strong>\nw 50 rocz. urodzin Macieja Sienkiewicza dzi\u0119kczynna z pro\u015bb\u0105 o zdrowie, Bo\u017ce b\u0142ogos\u0142awie\u0144stwo,\n dary Ducha \u015awi\u0119tego \u00a0i opiek\u0119 NMP i \u015bw. Patron\u00f3w \u2013 modli si\u0119 matka chrzestna z rodzin\u0105<\/p>\n\n\n\n<p><strong>3)\n<\/strong>w\nintencji Wac\u0142awy Golczyk dzi\u0119kczynna z pro\u015bb\u0105 o zdrowie, Bo\u017ce b\u0142ogos\u0142awie\u0144stwo,\n dary Ducha \u015awi\u0119tego \u00a0i opiek\u0119 NMP i \u015bw. Patron\u00f3w<\/p>\n\n\n\n<p><strong>4)<\/strong>\nw intencji synowej Iwony i w 50 rocz. urodzin syna Roberta dzi\u0119kczynna z pro\u015bb\u0105\no zdrowie, Bo\u017ce b\u0142ogos\u0142awie\u0144stwo, dary Ducha \u015awi\u0119tego, opiek\u0119 NMP i \u015bw.\nPatron\u00f3w na dalsze lata \u017cycia \u2013 modli si\u0119 mama<\/p>\n\n\n\n<p><strong>5) <\/strong>o\nnawr\u00f3cenie w rodzinie&nbsp; oraz o wiar\u0119,\nnadziej\u0119 i mi\u0142o\u015b\u0107<\/p>\n\n\n\n<p><strong>6) <\/strong>+\nMieczys\u0142awa Makuchowskiego w 4 rocz. \u015bm., ++ rodzic\u00f3w: Karolin\u0119 i Micha\u0142a,\nW\u0142adys\u0142awa i Wiktori\u0119,\u00a0Zbigniewa i El\u017cbiet\u0119, Halin\u0119 i pozosta\u0142ych ++ z rodziny oraz dusze w czy\u015b\u0107cu cierpi\u0105ce<\/p>\n\n\n\n<p><strong>7)<\/strong>\n+ Jana Jasickiego \u2013 modli si\u0119 Stanis\u0142awa i Florian Ubikowie z rodzin\u0105<\/p>\n\n\n\n<p><strong>23.02<em>. \u2013 CZWARTEK <\/em><\/strong><em>&nbsp;<\/em><\/p>\n\n\n\n<p><strong>&nbsp; 7.oo \u2013<\/strong> &nbsp;+\nZbigniewa Majerskiego \u2013 gregorianka 18 \u2013 od Gra\u017cyny i Andrzeja Gro\u0144skich z rodzin\u0105<strong><\/strong><\/p>\n\n\n\n<p><strong>18.oo\n\u2013 1) + Zofi\u0119 Skoczylas \u2013 gregorianka 21<\/strong>\n<\/p>\n\n\n\n<p><strong>&nbsp;&nbsp;&nbsp;&nbsp;&nbsp;&nbsp;&nbsp;&nbsp;&nbsp;&nbsp;&nbsp; &nbsp;2) <\/strong>w intencji Cezarego w 2 rocz. urodzin dzi\u0119kczynna z pro\u015bb\u0105 o\nzdrowie, Bo\u017ce b\u0142ogos\u0142awie\u0144stwo, \u00a0 dary Ducha \u015awi\u0119tego, opiek\u0119 NMP i \u015bw. Patron\u00f3w \u2013 modl\u0105 si\u0119 rodzice i dziadkowie<\/p>\n\n\n\n<p><strong>24.02<em>. \u2013 PI\u0104TEK<\/em><\/strong><\/p>\n\n\n\n<p><strong>&nbsp; &nbsp;&nbsp;7.oo\n\u2013<\/strong>\n&nbsp;+\nZbigniewa Majerskiego \u2013 gregorianka 19 \u2013 od Anieli Tokarz<\/p>\n\n\n\n<p><strong>&nbsp; &nbsp;&nbsp;9.oo\n\u2013 <\/strong><\/p>\n\n\n\n<p><strong>18.oo\n\u2013 1) <\/strong>&nbsp;<strong>+ Zofi\u0119\nSkoczylas \u2013 gregorianka 22<\/strong><\/p>\n\n\n\n<p><strong>&nbsp;&nbsp;&nbsp;&nbsp;&nbsp;&nbsp;&nbsp;&nbsp;&nbsp;&nbsp;&nbsp; &nbsp;\n2)<\/strong> + Tadeusza Zielonego <\/p>\n\n\n\n<p><strong><em>25.02.\n\u2013 SOBOTA<\/em><\/strong><\/p>\n\n\n\n<p><strong>&nbsp; &nbsp;&nbsp;7.oo\n\u2013<\/strong>\n<strong>&nbsp;<\/strong>+ Zbigniewa Majerskiego \u2013 gregorianka 20 \u2013 od\nAnieli Tokarz<\/p>\n\n\n\n<p><strong>18.oo\n\u2013 1) + Zofi\u0119 Skoczylas \u2013 gregorianka 23<\/strong>\n<\/p>\n\n\n\n<p><strong>&nbsp;&nbsp;&nbsp;&nbsp;&nbsp;&nbsp;&nbsp;&nbsp;&nbsp;&nbsp;&nbsp; &nbsp;\n2)<\/strong> ++ dziadk\u00f3w z obu stron: J\u00f3zef\u0119 i Jana, Rozali\u0119 i Franciszka\noraz ++ z rodziny: Wiktori\u0119, \u00a0 Michalin\u0119, Stefani\u0119 i Jana \u00a0<\/p>\n\n\n\n<p><strong><em>26.02.\n\u2013 NIEDZIELA&nbsp; <\/em><\/strong><\/p>\n\n\n\n<p><strong>&nbsp; 8.oo \u2013 1) <\/strong>+ ks. Pra\u0142ata Stefana Zawadzkiego w 53 rocz. \u015bm. \u2013 modli si\u0119 parafianka\n<\/p>\n\n\n\n<p><strong>&nbsp;&nbsp;&nbsp;&nbsp;&nbsp;&nbsp;&nbsp;&nbsp;&nbsp;&nbsp;&nbsp; &nbsp;\n2)<\/strong> ++ rodzic\u00f3w oraz siostr\u0119 Bronis\u0142aw\u0119 \u2013 modli si\u0119 c\u00f3rka\nz rodzin\u0105<\/p>\n\n\n\n<p><strong>&nbsp; 9.3o \u2013 <\/strong>&nbsp;zaj. P. Koszty\u0142a <\/p>\n\n\n\n<p><strong>11.oo\n\u2013 1) + Zofi\u0119 Skoczylas \u2013 gregorianka 24<\/strong><\/p>\n\n\n\n<p><strong>&nbsp;&nbsp;&nbsp;&nbsp;&nbsp;&nbsp;&nbsp;&nbsp;&nbsp;&nbsp;&nbsp; &nbsp;\n2) <\/strong>w intencji Gabrieli z okazji urodzin dzi\u0119kczynna z\npro\u015bb\u0105 o zdrowie, Bo\u017ce b\u0142ogos\u0142awie\u0144stwo, \u00a0 dary Ducha \u015awi\u0119tego, opiek\u0119 NMP i \u015bw. Patron\u00f3w<\/p>\n\n\n\n<p><strong>12.3o\n\u2013 1)<\/strong> ++ Tadeusza, Mari\u0119, Jana, J\u00f3zefa, Stanis\u0142awa z\nrodziny B\u0142achut\u00f3w, Franciszka, Franciszk\u0119,\u00a0J\u00f3zefa i Jana Barabach\u00f3w \u2013 modli si\u0119 Krzysztof z rodzin\u0105<strong> <\/strong><\/p>\n\n\n\n<p><strong>&nbsp;2)<\/strong> ++ Kazimier\u0119 i\nCzes\u0142awa D\u0105browicz\u00f3w, Karolin\u0119 i Franciszka Sta\u0144czyk\u00f3w \u2013 modl\u0105 si\u0119 dzieci z\nrodzin\u0105<\/p>\n\n\n\n<p><strong>18.oo \u2013 1) <\/strong>++ Zenobi\u0119 Rze\u017anik i Helen\u0119 Mariasik \u2013 modl\u0105 si\u0119 Emeryci Ko\u0142a nr 2 w \u015acinawie<strong> <\/strong><\/p>\n\n\n\n<p><strong>&nbsp;&nbsp;&nbsp;&nbsp;&nbsp;&nbsp;&nbsp;&nbsp;&nbsp;&nbsp;&nbsp; &nbsp;\n2) <\/strong>&nbsp;+ Zbigniewa Majerskiego \u2013 gregorianka 21 \u2013 od\nsiostry Ma\u0142gorzaty z m\u0119\u017cem i dzie\u0107mi<\/p>\n","protected":false},"excerpt":{"rendered":"<p>Sk\u0142adaj\u0105c Ofiar\u0119, kt\u00f3ra nam przypomina niezmierzon\u0105 mi\u0142o\u015b\u0107 Twojego Syna, pokornie prosimy Ci\u0119, Bo\u017ce, przyjmij intencje Twoich wiernych i spraw przez dzia\u0142anie Eucharystii, aby w naszych rodzinach wzrasta\u0142a prawdziwa wiara, \u015bwi\u0119to\u015b\u0107 \u017cycia, braterska mi\u0142o\u015b\u0107 i duch modlitwy. Niech Matka Naj\u015bwi\u0119tsza wyprosi \u0142aski, o kt\u00f3re modlili\u015bmy si\u0119 w tej Mszy \u015bw. dla&#8230; <a class=\"continue-reading-link\" href=\"http:\/\/parafia.scinawa.info\/index.php\/2023\/02\/18\/intencje-mszalne-19-02-26-02-2023\/\">Czytaj dalej <span class=\"meta-nav\">&rarr; <\/span><\/a><\/p>\n","protected":false},"author":2,"featured_media":0,"comment_status":"closed","ping_status":"closed","sticky":false,"template":"","format":"standard","meta":{"footnotes":""},"categories":[39],"tags":[],"class_list":["post-2263","post","type-post","status-publish","format-standard","hentry","category-intencje"],"_links":{"self":[{"href":"http:\/\/parafia.scinawa.info\/index.php\/wp-json\/wp\/v2\/posts\/2263","targetHints":{"allow":["GET"]}}],"collection":[{"href":"http:\/\/parafia.scinawa.info\/index.php\/wp-json\/wp\/v2\/posts"}],"about":[{"href":"http:\/\/parafia.scinawa.info\/index.php\/wp-json\/wp\/v2\/types\/post"}],"author":[{"embeddable":true,"href":"http:\/\/parafia.scinawa.info\/index.php\/wp-json\/wp\/v2\/users\/2"}],"replies":[{"embeddable":true,"href":"http:\/\/parafia.scinawa.info\/index.php\/wp-json\/wp\/v2\/comments?post=2263"}],"version-history":[{"count":2,"href":"http:\/\/parafia.scinawa.info\/index.php\/wp-json\/wp\/v2\/posts\/2263\/revisions"}],"predecessor-version":[{"id":2265,"href":"http:\/\/parafia.scinawa.info\/index.php\/wp-json\/wp\/v2\/posts\/2263\/revisions\/2265"}],"wp:attachment":[{"href":"http:\/\/parafia.scinawa.info\/index.php\/wp-json\/wp\/v2\/media?parent=2263"}],"wp:term":[{"taxonomy":"category","embeddable":true,"href":"http:\/\/parafia.scinawa.info\/index.php\/wp-json\/wp\/v2\/categories?post=2263"},{"taxonomy":"post_tag","embeddable":true,"href":"http:\/\/parafia.scinawa.info\/index.php\/wp-json\/wp\/v2\/tags?post=2263"}],"curies":[{"name":"wp","href":"https:\/\/api.w.org\/{rel}","templated":true}]}}