{"id":2266,"date":"2023-02-18T22:27:50","date_gmt":"2023-02-18T21:27:50","guid":{"rendered":"http:\/\/parafia.scinawa.info\/?p=2266"},"modified":"2023-02-18T22:27:50","modified_gmt":"2023-02-18T21:27:50","slug":"ogloszenia-duszpasterskie-7-niedziela-zwykla-19-02-2023","status":"publish","type":"post","link":"http:\/\/parafia.scinawa.info\/index.php\/2023\/02\/18\/ogloszenia-duszpasterskie-7-niedziela-zwykla-19-02-2023\/","title":{"rendered":"Og\u0142oszenia duszpasterskie    7 Niedziela zwyk\u0142a \u2013 19. 02. 2023"},"content":{"rendered":"\n<p><strong>1<\/strong><strong>.<\/strong> Dzi\u015b prze\u017cywamy\n<strong><em>7 Niedziel\u0119 zwyk\u0142\u0105. <\/em><\/strong><strong><em>&nbsp;<\/em><\/strong>Msze \u015bw. wed\u0142ug\nporz\u0105dku niedzielnego. <\/p>\n\n\n\n<p><strong>2<\/strong><strong>.<\/strong> Msze \u015bw. w\ntygodniu&nbsp; o <strong>7<sup>00<\/sup><\/strong> i <strong>18<sup>00<\/sup><\/strong>.\n&nbsp;<\/p>\n\n\n\n<p><strong>3<\/strong><strong>. <\/strong>Codziennie\nspowied\u017a i adoracja Naj\u015bwi\u0119tszego Sakramentu o godz. <strong>17<sup>00<\/sup>.<\/strong> <\/p>\n\n\n\n<p><strong>4. <\/strong><strong>W tym tygodniu nabo\u017ce\u0144stwa: <\/strong><\/p>\n\n\n\n<p><strong>\u2013\nw poniedzia\u0142ek &nbsp;&nbsp; \u2013&nbsp;<\/strong>nabo\u017ce\u0144stwo&nbsp;<em>do Bo\u017cego Mi\u0142osierdzia<\/em>&nbsp;o godz.&nbsp;17<sup>30<\/sup><strong><\/strong><\/p>\n\n\n\n<p><strong>\u2013<\/strong><strong>&nbsp;w \u015brod\u0119&nbsp;&nbsp;&nbsp;&nbsp;\n&nbsp;&nbsp;&nbsp;&nbsp;&nbsp;&nbsp;&nbsp;&nbsp;&nbsp;&nbsp;\u2013&nbsp;<\/strong>Nowenna do&nbsp;<em>NMP Nieustaj\u0105cej Pomocy i \u015bw.\nRity<\/em>&nbsp;o godz.&nbsp;17<sup>30<\/sup><strong><\/strong><\/p>\n\n\n\n<p><strong>\u2013\nw czwartek &nbsp;&nbsp; &nbsp;&nbsp;&nbsp;&nbsp; &nbsp;\u2013&nbsp;<\/strong>nabo\u017ce\u0144stwo&nbsp;<em>do &nbsp;\u015bw. Ojca Pio<\/em>&nbsp;o\ngodz.&nbsp;17<sup>30<\/sup><\/p>\n\n\n\n<p><strong>5<\/strong><strong>.<\/strong> <strong><em>22 lutego\n&#8211; \u015arod\u0105 Popielcow\u0105 rozpoczynamy Wielki Post. Msze \u015bw. w naszej parafii:&nbsp; <\/em><\/strong>o <strong>8<sup>00<\/sup><\/strong>,<strong> 9<sup>30<\/sup>,<\/strong>\n<strong>16<sup>00 <\/sup><\/strong>i<strong> 18<sup>00<\/sup><\/strong>, w R\u0119szowie o <strong>17<sup>00<\/sup>.<\/strong><strong><em> &nbsp;Na ka\u017cdej Mszy \u015bw. posypanie g\u0142\u00f3w popio\u0142em na\nznak pokuty.<\/em><\/strong> <\/p>\n\n\n\n<p><strong>6<\/strong><strong>.<\/strong> W \u015brod\u0119\nobowi\u0105zuje post \u015bcis\u0142y. Przypominamy, \u017ce katolicy wszelkie zabawy ko\u0144cz\u0105 we\nwtorek do godz. 24.00. W \u015brod\u0119 rozpoczynamy dni modlitw o trze\u017awo\u015b\u0107 narodu i\nducha pokuty.<\/p>\n\n\n\n<p><strong>7<\/strong><strong>.<\/strong> W Wielkim\nPo\u015bcie nabo\u017ce\u0144stwa Drogi Krzy\u017cowej w pi\u0105tki:o <strong>8<sup>30<\/sup> <\/strong>dla doros\u0142ych ( Msza o <strong>9<sup>00<\/sup><\/strong>);<strong>\n16<sup>00 <\/sup>&nbsp;<\/strong>dla dzieci<strong>, 17<sup>30<\/sup>\n<\/strong>dla doros\u0142ych i m\u0142odzie\u017cy, w R\u0119szowie o <strong>17<sup>00<\/sup><\/strong><\/p>\n\n\n\n<p><strong>8<\/strong><strong>.<\/strong> Gorzkie \u017bale w\nniedziel\u0119 o godz. <strong>17<sup>15<\/sup>.<\/strong>Za udzia\u0142 w nabo\u017ce\u0144stwie\nGorzkich \u017bali w Wielkim Po\u015bcie oraz za odprawienie Drogi Krzy\u017cowej mo\u017cna\nuzyska\u0107 odpust zupe\u0142ny pod zwyk\u0142ymi warunkami.<\/p>\n\n\n\n<p><strong>9<\/strong><strong>.\n<\/strong>W przysz\u0142\u0105\nniedziel\u0119 b\u0119dziemy prze\u017cywa\u0107 <strong>1 Niedziel\u0119\nWielkiego Postu.<\/strong> Msze \u015bw. wed\u0142ug porz\u0105dku niedzielnego.\n<\/p>\n\n\n\n<p><strong>10<\/strong><strong>.<\/strong> Kancelaria\nczynna codziennie po Mszy \u015bw. wieczornej z wyj\u0105tkiem niedziel, uroczysto\u015bci i\n\u015bwi\u0105t.<\/p>\n\n\n\n<p><strong>11<\/strong><strong>.<\/strong> Do nabycia jest\nprasa katolicka: Niedziela, Go\u015b\u0107 Niedzielny i R\u00f3\u017caniec. <\/p>\n\n\n\n<p><strong>12<\/strong><strong>.<\/strong> Dzi\u0119kuj\u0119 wszystkim,\nkt\u00f3rzy w tym tygodniu sprz\u0105tali \u015bwi\u0105tyni\u0119 i przygotowali j\u0105 na nasze spotkanie\neucharystyczne.<\/p>\n\n\n\n<p><strong>13<\/strong><strong>.<\/strong> Serdeczne B\u00f3g zap\u0142a\u0107\nza ofiary sk\u0142adane na remonty w naszej parafii. <\/p>\n\n\n\n<p><strong>14<\/strong><strong>.<\/strong> Intencje\nmszalne, obrazki \u2013 pami\u0105tki odprawionej Mszy \u015bw.<\/p>\n\n\n\n<p><em>\u017byczymy mi\u0142ego tygodnia i obfitych \u0142ask Bo\u017cych.<\/em><\/p>\n","protected":false},"excerpt":{"rendered":"<p>1. Dzi\u015b prze\u017cywamy 7 Niedziel\u0119 zwyk\u0142\u0105. &nbsp;Msze \u015bw. wed\u0142ug porz\u0105dku niedzielnego. 2. Msze \u015bw. w tygodniu&nbsp; o 700 i 1800. &nbsp; 3. Codziennie spowied\u017a i adoracja Naj\u015bwi\u0119tszego Sakramentu o godz. 1700. 4. W tym tygodniu nabo\u017ce\u0144stwa: \u2013 w poniedzia\u0142ek &nbsp;&nbsp; \u2013&nbsp;nabo\u017ce\u0144stwo&nbsp;do Bo\u017cego Mi\u0142osierdzia&nbsp;o godz.&nbsp;1730 \u2013&nbsp;w \u015brod\u0119&nbsp;&nbsp;&nbsp;&nbsp; &nbsp;&nbsp;&nbsp;&nbsp;&nbsp;&nbsp;&nbsp;&nbsp;&nbsp;&nbsp;\u2013&nbsp;Nowenna do&nbsp;NMP Nieustaj\u0105cej Pomocy&#8230; <a class=\"continue-reading-link\" href=\"http:\/\/parafia.scinawa.info\/index.php\/2023\/02\/18\/ogloszenia-duszpasterskie-7-niedziela-zwykla-19-02-2023\/\">Czytaj dalej <span class=\"meta-nav\">&rarr; <\/span><\/a><\/p>\n","protected":false},"author":2,"featured_media":0,"comment_status":"closed","ping_status":"closed","sticky":false,"template":"","format":"standard","meta":{"footnotes":""},"categories":[40],"tags":[],"class_list":["post-2266","post","type-post","status-publish","format-standard","hentry","category-ogloszenia-duszpasterskie"],"_links":{"self":[{"href":"http:\/\/parafia.scinawa.info\/index.php\/wp-json\/wp\/v2\/posts\/2266","targetHints":{"allow":["GET"]}}],"collection":[{"href":"http:\/\/parafia.scinawa.info\/index.php\/wp-json\/wp\/v2\/posts"}],"about":[{"href":"http:\/\/parafia.scinawa.info\/index.php\/wp-json\/wp\/v2\/types\/post"}],"author":[{"embeddable":true,"href":"http:\/\/parafia.scinawa.info\/index.php\/wp-json\/wp\/v2\/users\/2"}],"replies":[{"embeddable":true,"href":"http:\/\/parafia.scinawa.info\/index.php\/wp-json\/wp\/v2\/comments?post=2266"}],"version-history":[{"count":1,"href":"http:\/\/parafia.scinawa.info\/index.php\/wp-json\/wp\/v2\/posts\/2266\/revisions"}],"predecessor-version":[{"id":2267,"href":"http:\/\/parafia.scinawa.info\/index.php\/wp-json\/wp\/v2\/posts\/2266\/revisions\/2267"}],"wp:attachment":[{"href":"http:\/\/parafia.scinawa.info\/index.php\/wp-json\/wp\/v2\/media?parent=2266"}],"wp:term":[{"taxonomy":"category","embeddable":true,"href":"http:\/\/parafia.scinawa.info\/index.php\/wp-json\/wp\/v2\/categories?post=2266"},{"taxonomy":"post_tag","embeddable":true,"href":"http:\/\/parafia.scinawa.info\/index.php\/wp-json\/wp\/v2\/tags?post=2266"}],"curies":[{"name":"wp","href":"https:\/\/api.w.org\/{rel}","templated":true}]}}