{"id":2269,"date":"2023-02-25T09:46:49","date_gmt":"2023-02-25T08:46:49","guid":{"rendered":"http:\/\/parafia.scinawa.info\/?p=2269"},"modified":"2023-02-25T09:46:49","modified_gmt":"2023-02-25T08:46:49","slug":"intencje-mszalne-26-02-05-03-2023","status":"publish","type":"post","link":"http:\/\/parafia.scinawa.info\/index.php\/2023\/02\/25\/intencje-mszalne-26-02-05-03-2023\/","title":{"rendered":"INTENCJE MSZALNE 26.02 \u2013 05.03. 2023"},"content":{"rendered":"\n<p><strong><em>Sk\u0142adaj\u0105c\nOfiar\u0119, kt\u00f3ra nam przypomina niezmierzon\u0105 mi\u0142o\u015b\u0107 Twojego Syna, pokornie prosimy\nCi\u0119, Bo\u017ce, przyjmij intencje Twoich wiernych i spraw przez dzia\u0142anie\nEucharystii, aby w naszych rodzinach wzrasta\u0142a prawdziwa wiara, \u015bwi\u0119to\u015b\u0107 \u017cycia,\nbraterska mi\u0142o\u015b\u0107 i duch modlitwy. <\/em><\/strong><strong>Niech\nMatka Naj\u015bwi\u0119tsza wyprosi \u0142aski, o kt\u00f3re modlili\u015bmy si\u0119 w tej Mszy \u015bw. dla \u2026\nZa\u015b zmar\u0142ym \u2026 za kt\u00f3rych odprawiali\u015bmy Msz\u0119 \u015bw.: wieczny odpoczynek racz im\nda\u0107 Panie (\u2026); niech odpoczywaj\u0105 w pokoju wiecznym. Amen<\/strong><\/p>\n\n\n\n<p><strong>26.02<em>. &#8211; NIEDZIELA&nbsp; <\/em><\/strong><em><\/em><\/p>\n\n\n\n<p><strong>&nbsp; 8.oo \u2013 1) <\/strong>+ ks. Pra\u0142ata Stefana Zawadzkiego w 54 rocz. \u015bm. \u2013 modli si\u0119 parafianka\n<\/p>\n\n\n\n<p><strong>&nbsp;&nbsp;&nbsp;&nbsp;&nbsp;&nbsp;&nbsp;&nbsp;&nbsp;&nbsp;&nbsp; &nbsp;\n2)<\/strong> ++ rodzic\u00f3w oraz siostr\u0119 Bronis\u0142aw\u0119 \u2013 modli si\u0119 c\u00f3rka\nz rodzin\u0105<\/p>\n\n\n\n<p><strong>&nbsp; 9.3o \u2013 <\/strong>&nbsp;++ Bogdana, Waldemara, Leszka Koszty\u0142\u00f3w,\nJuli\u0119, Antoniego, J\u00f3zefa i Micha\u0142a Malawskich oraz<\/p>\n\n\n\n<p>&nbsp;&nbsp;&nbsp;&nbsp;&nbsp;&nbsp;&nbsp;&nbsp;&nbsp;&nbsp;&nbsp;&nbsp; &nbsp;++ z rodziny Kowal\u00f3w \u2013 modli si\u0119 rodzina <\/p>\n\n\n\n<p><strong>11.oo\n\u2013 1) + Zofi\u0119 Skoczylas \u2013 gregorianka 24<\/strong><\/p>\n\n\n\n<p><strong>&nbsp;&nbsp;&nbsp;&nbsp;&nbsp;&nbsp;&nbsp;&nbsp;&nbsp;&nbsp;&nbsp; &nbsp;\n2) <\/strong>w intencji Gabrieli z okazji urodzin dzi\u0119kczynna z\npro\u015bb\u0105 o zdrowie, Bo\u017ce b\u0142ogos\u0142awie\u0144stwo, <\/p>\n\n\n\n<p>&nbsp;&nbsp;&nbsp;&nbsp;&nbsp;&nbsp;&nbsp;&nbsp;&nbsp;&nbsp;&nbsp;&nbsp;&nbsp;&nbsp;&nbsp; dary Ducha \u015awi\u0119tego, opiek\u0119 NMP\ni \u015bw. Patron\u00f3w<\/p>\n\n\n\n<p>&nbsp;&nbsp;&nbsp;&nbsp;&nbsp;&nbsp;&nbsp;&nbsp;&nbsp;&nbsp;&nbsp; &nbsp;<strong>3)<\/strong> +\nDariusza Krawczyka w 1 rocz. \u015bm. \u2013 modli si\u0119 ojciec z rodzin\u0105 <\/p>\n\n\n\n<p><strong>12.3o\n\u2013 1)<\/strong> ++ Tadeusza, Mari\u0119, Jana, J\u00f3zefa, Stanis\u0142awa z\nrodziny B\u0142achut\u00f3w, Franciszka, Franciszk\u0119,<\/p>\n\n\n\n<p>&nbsp;&nbsp;&nbsp;&nbsp;&nbsp;&nbsp;&nbsp;&nbsp;&nbsp;&nbsp;&nbsp;&nbsp;&nbsp;&nbsp;&nbsp; &nbsp;J\u00f3zefa i Jana Barabach\u00f3w \u2013 modli si\u0119 Krzysztof\nz rodzin\u0105<strong> <\/strong><\/p>\n\n\n\n<p><strong>&nbsp;&nbsp;&nbsp;&nbsp;&nbsp;&nbsp;&nbsp;&nbsp;&nbsp;&nbsp;&nbsp;&nbsp;\n2)<\/strong> ++ Kazimier\u0119 i Czes\u0142awa D\u0105browicz\u00f3w, Karolin\u0119 i\nFranciszka Sta\u0144czyk\u00f3w \u2013 modl\u0105 si\u0119 dzieci <\/p>\n\n\n\n<p>&nbsp;&nbsp;&nbsp; &nbsp;&nbsp;&nbsp;&nbsp;&nbsp;&nbsp;&nbsp;&nbsp;&nbsp;&nbsp;&nbsp;&nbsp;&nbsp;&nbsp;z\nrodzin\u0105<\/p>\n\n\n\n<p><strong>&nbsp;\n3) <\/strong>&nbsp;+ Zbigniewa Majerskiego \u2013 gregorianka 21 \u2013 od\nsiostry Ma\u0142gorzaty z m\u0119\u017cem i dzie\u0107mi<\/p>\n\n\n\n<p><strong>18.oo\n\u2013 1) <\/strong>++ Zenobi\u0119 Rze\u017anik i\nHelen\u0119 Mariasik \u2013 modl\u0105 si\u0119 Emeryci Ko\u0142a nr 2 w \u015acinawie<strong> <\/strong><\/p>\n\n\n\n<p><strong>27.02<em>. \u2013 PONIEDZIA\u0141EK<\/em><\/strong><\/p>\n\n\n\n<p><strong>&nbsp; &nbsp;&nbsp;7.oo \u2013 <\/strong>&nbsp;+\nZbigniewa Majerskiego \u2013 gregorianka 22 \u2013 od rodziny Sta\u015bk\u00f3w<strong><\/strong><\/p>\n\n\n\n<p><strong>18.oo\n\u2013 1) + Zofi\u0119 Skoczylas \u2013 gregorianka 25<\/strong>\n<\/p>\n\n\n\n<p><strong>&nbsp;&nbsp;&nbsp;&nbsp;&nbsp;&nbsp;&nbsp;&nbsp;&nbsp;&nbsp;&nbsp; &nbsp;\n2)<\/strong> + siostr\u0119 Helen\u0119 Urbaniak\nw 2 rocz. \u015bm., jej m\u0119\u017ca Tadeusza i syna Jana \u2013 modli si\u0119 siostra<\/p>\n\n\n\n<p>&nbsp;&nbsp;&nbsp;&nbsp;&nbsp;&nbsp;&nbsp;&nbsp;&nbsp;&nbsp;&nbsp;&nbsp;&nbsp;&nbsp;&nbsp;&nbsp; &nbsp;Stanis\u0142awa z rodzina<\/p>\n\n\n\n<p><strong>28.02<em>. &#8211; WTOREK<\/em><\/strong><em><\/em><\/p>\n\n\n\n<p><strong>&nbsp; 7.oo \u20131) <\/strong>&nbsp;+\nZbigniewa Majerskiego \u2013 gregorianka 23 \u2013 od rodziny Ciesielk\u00f3w<\/p>\n\n\n\n<p><strong>&nbsp;&nbsp;&nbsp;&nbsp;&nbsp;&nbsp;&nbsp;&nbsp;&nbsp;&nbsp;&nbsp; &nbsp;\n2)<\/strong> + m\u0119\u017ca J\u00f3zefa w 24 rocz.\n\u015bm. i dusze w czy\u015b\u0107cu cierpi\u0105ce<\/p>\n\n\n\n<p><strong>18.oo\n\u2013 + Zofi\u0119 Skoczylas \u2013 gregorianka 26<\/strong><\/p>\n\n\n\n<p><strong>01.03<em>. \u2013 \u015aRODA <\/em><\/strong><\/p>\n\n\n\n<p><strong>&nbsp; 7.oo \u2013 <\/strong>+ Zbigniewa Majerskiego \u2013 gregorianka 24 \u2013 od Rozalii i Franciszka Majerskich<strong><\/strong><\/p>\n\n\n\n<p><strong>18.oo\n\u2013&nbsp; intencja zbiorowa nowennowa:<\/strong><\/p>\n\n\n\n<p><strong>1)<\/strong>\n<strong>+ Zofi\u0119 Skoczylas \u2013 gregorianka 27<\/strong><\/p>\n\n\n\n<p><strong>2)<\/strong>\n+ Jana Jasickiego \u2013 modl\u0105 si\u0119 Ma\u0142gorzata i Grzegorz Matrasowie<\/p>\n\n\n\n<p><strong>3)<\/strong> + Stanis\u0142awa \u0141uckiego &#8211;\n30 dzie\u0144 od pogrzebu &#8211; intencja od uczestnik\u00f3w Mszy pogrzebowej<\/p>\n\n\n\n<p><strong>4)\n<\/strong>+ Gabriela Szadkowskiego w 1 rocz. \u015bm. \u2013 modli si\u0119\n\u017cona z rodzin\u0105<\/p>\n\n\n\n<p><strong>5)<\/strong> + m\u0119\u017ca Jerzego Szulika w 10 rocz. \u015bm. oraz ++\nrodzic\u00f3w z obu stron \u2013 modli si\u0119 rodzina<\/p>\n\n\n\n<p><strong>6)<\/strong><\/p>\n\n\n\n<p><strong>02.03<em>. \u2013 CZWARTEK <\/em><\/strong><em>&nbsp;<\/em><\/p>\n\n\n\n<p><strong>&nbsp; 7.oo \u2013<\/strong> &nbsp;<strong>1) <\/strong>+ Zbigniewa Majerskiego \u2013 gregorianka 25 \u2013 od\nsiostry Iwony z rodzin\u0105<\/p>\n\n\n\n<p><strong>&nbsp;&nbsp;&nbsp;&nbsp;&nbsp;&nbsp;&nbsp;&nbsp;&nbsp;&nbsp;&nbsp; &nbsp;\n2)<\/strong> o powo\u0142ania i za powo\u0142anych- modli si\u0119 Towarzystwo\nPrzyjaci\u00f3\u0142 Seminarium<\/p>\n\n\n\n<p><strong>18.oo\n\u2013 1) + Zofi\u0119 Skoczylas \u2013 gregorianka 28<\/strong>\n<\/p>\n\n\n\n<p><strong>&nbsp;&nbsp;&nbsp;&nbsp;&nbsp;&nbsp;&nbsp;&nbsp;&nbsp;&nbsp;&nbsp; &nbsp;\n2) <\/strong>++ Stefani\u0119, Leona i Mieczys\u0142awa\n\u2013 modli si\u0119 rodzina<\/p>\n\n\n\n<p><strong>03.03<em>. \u2013 PI\u0104TEK<\/em><\/strong><\/p>\n\n\n\n<p><strong>7.oo\n\u2013<\/strong>\n&nbsp;<strong>1)\n<\/strong>+ Zbigniewa Majerskiego \u2013\ngregorianka 26 \u2013 od siostry Iwony z rodzin\u0105<\/p>\n\n\n\n<p><strong>&nbsp;&nbsp;&nbsp;&nbsp;&nbsp;&nbsp;&nbsp;&nbsp;&nbsp;&nbsp;&nbsp; &nbsp;\n2)<\/strong> + Grzegorza i dusze w czy\u015b\u0107cu cierpi\u0105ce<\/p>\n\n\n\n<p><strong>18.oo\n\u2013 1) + Zofi\u0119 Skoczylas \u2013 gregorianka 29<\/strong>\n<\/p>\n\n\n\n<p><strong>&nbsp;&nbsp;&nbsp;&nbsp;&nbsp;&nbsp;&nbsp;&nbsp;&nbsp;&nbsp;&nbsp; &nbsp;\n2)<\/strong> w intencji Kazimierza dzi\u0119kuj\u0105c za 58 lat \u017cycia z\npro\u015bb\u0105 o zdrowie, Bo\u017ce b\u0142ogos\u0142awie\u0144stwo, <\/p>\n\n\n\n<p>&nbsp;&nbsp;&nbsp;&nbsp;&nbsp;&nbsp;&nbsp;&nbsp;&nbsp;&nbsp;&nbsp;&nbsp;&nbsp;&nbsp;&nbsp;\ndary Ducha \u015awi\u0119tego, opiek\u0119 NMP i \u015bw. Patron\u00f3w \u2013 modli si\u0119 \u017cona, dzieci\ni te\u015bciowa <\/p>\n\n\n\n<p><strong><em>04.03. \u2013 SOBOTA<\/em><\/strong><\/p>\n\n\n\n<p><strong>&nbsp;7.oo \u2013<\/strong> <strong>1) <\/strong>+ Zbigniewa Majerskiego \u2013\ngregorianka 27 \u2013 od rodziny Popardowskich<\/p>\n\n\n\n<p><strong>&nbsp;&nbsp;&nbsp;&nbsp;&nbsp;&nbsp;&nbsp;&nbsp;&nbsp;&nbsp;&nbsp; &nbsp;\n2)<\/strong> w intencji &nbsp;m\u0119\u017ca Kazimierza z racji imienin dzi\u0119kczynna z\npro\u015bb\u0105 o zdrowie, Bo\u017ce <\/p>\n\n\n\n<p>&nbsp;&nbsp;&nbsp;&nbsp;&nbsp;&nbsp;&nbsp;&nbsp;&nbsp;&nbsp;&nbsp;&nbsp;&nbsp;&nbsp;&nbsp;&nbsp;\nb\u0142ogos\u0142awie\u0144stwo, dary Ducha \u015awi\u0119tego, opiek\u0119 NMP i \u015bw. Patron\u00f3w \u2013 modli\nsi\u0119 \u017cona<\/p>\n\n\n\n<p><strong>18.oo\n\u2013 1) + Zofi\u0119 Skoczylas \u2013 gregorianka 30<\/strong>\n<\/p>\n\n\n\n<p><strong>&nbsp;&nbsp;&nbsp;&nbsp;&nbsp;&nbsp;&nbsp;&nbsp;&nbsp;&nbsp;&nbsp; &nbsp;\n2)<\/strong> &nbsp;w intencji Heleny\ni Marii z pro\u015bb\u0105 o potrzebne \u0142aski na czas choroby \u2013 modli si\u0119 rodzina<\/p>\n\n\n\n<p><strong><em>05.03. \u2013 NIEDZIELA&nbsp; <\/em><\/strong><\/p>\n\n\n\n<p><strong>&nbsp; 8.oo \u2013 1) <\/strong>++ Kazimier\u0119 z racji imienin, J\u00f3zefa, Stanis\u0142awa i W\u0142adys\u0142aw\u0119 Szymczak\u00f3w\noraz Maryl\u0119<\/p>\n\n\n\n<p>&nbsp;&nbsp;&nbsp;&nbsp;&nbsp;&nbsp;&nbsp;&nbsp;&nbsp;&nbsp;&nbsp;&nbsp;&nbsp;&nbsp;&nbsp;&nbsp; &nbsp;Sta\u0144czyk z domu Szymczak \u2013 modli si\u0119 rodzina\n<\/p>\n\n\n\n<p><strong>&nbsp;&nbsp;&nbsp;&nbsp;&nbsp;&nbsp;&nbsp;&nbsp;&nbsp;&nbsp;&nbsp; &nbsp;\n2)<\/strong> ++ rodzic\u00f3w: Stanis\u0142aw\u0119 i Stanis\u0142awa\nChudzichowskich, Helen\u0119 i W\u0142adys\u0142awa Langner\u00f3w <\/p>\n\n\n\n<p>&nbsp;&nbsp;&nbsp;&nbsp;&nbsp;&nbsp;&nbsp;&nbsp;&nbsp;&nbsp;&nbsp;&nbsp;&nbsp;&nbsp;&nbsp;&nbsp;&nbsp;&nbsp;\n\u2013 modli si\u0119 c\u00f3rka z rodzin\u0105<\/p>\n\n\n\n<p><strong>&nbsp; 9.3o \u2013<\/strong> ++ Kazimier\u0119 i Micha\u0142a\noraz ++ z rodziny Babij\u00f3w, Arciszewskich, Urba\u0144skich, Chrzanowskich,<\/p>\n\n\n\n<p>&nbsp; &nbsp;&nbsp;&nbsp;&nbsp;&nbsp;&nbsp;&nbsp;&nbsp;Malisz\u00f3w,\nBaran\u00f3w, siostr\u0119 Agnieszk\u0119 Jadwi\u017cank\u0119 i dusze w czy\u015b\u0107cu cierpi\u0105ce \u2013 modli si\u0119\nrodzina <\/p>\n\n\n\n<p><strong>11.oo\n\u2013 1) <\/strong>++ rodzic\u00f3w: Czes\u0142aw\u0119 i\nKazimierza oraz ++ z rodziny: Wiktori\u0119, Michalin\u0119, Jana i Stefani\u0119<\/p>\n\n\n\n<p><strong>&nbsp;&nbsp;&nbsp;&nbsp;&nbsp;&nbsp;&nbsp;&nbsp;&nbsp;&nbsp;&nbsp; &nbsp;\n2) <\/strong>+ Kazimierza Jamrozika w 3\nrocz. \u015bm. \u2013 modli si\u0119 \u017cona i + Tadeusza Mejera w 28 rocz. \u015bm. <\/p>\n\n\n\n<p>&nbsp;&nbsp;&nbsp;&nbsp;&nbsp;&nbsp;&nbsp;&nbsp;&nbsp;&nbsp;&nbsp;&nbsp;&nbsp;&nbsp;&nbsp;&nbsp;&nbsp; \u2013 modli si\u0119 \u017cona z dzie\u0107mi\n<\/p>\n\n\n\n<p><strong>12.3o\n\u2013 1) <\/strong>+ Krystyn\u0119 w 5 rocz. \u015bm.\noraz ++ Jerzego, J\u00f3zef\u0119 i W\u0142adys\u0142awa \u2013 modl\u0105 si\u0119 dzieci z rodzinami<\/p>\n\n\n\n<p><strong>&nbsp;&nbsp;&nbsp;&nbsp;&nbsp;&nbsp;&nbsp;&nbsp;&nbsp;&nbsp;&nbsp; &nbsp;\n2)<\/strong> + Leopolda \u015awiercza w 12 rocz. \u015bm.<\/p>\n\n\n\n<p><strong>18.oo\n\u2013 1) <\/strong>&nbsp;+ Zbigniewa Majerskiego \u2013 gregorianka 28 \u2013 od\nrodziny Majerskich z Krauszowa<\/p>\n\n\n\n<p><strong>&nbsp;&nbsp;&nbsp;&nbsp;&nbsp;&nbsp;&nbsp;&nbsp;&nbsp;&nbsp;&nbsp; &nbsp;\n2) <\/strong>+ mam\u0119 Ann\u0119 Frydrych \u2013\ngregorianka 1 <\/p>\n","protected":false},"excerpt":{"rendered":"<p>Sk\u0142adaj\u0105c Ofiar\u0119, kt\u00f3ra nam przypomina niezmierzon\u0105 mi\u0142o\u015b\u0107 Twojego Syna, pokornie prosimy Ci\u0119, Bo\u017ce, przyjmij intencje Twoich wiernych i spraw przez dzia\u0142anie Eucharystii, aby w naszych rodzinach wzrasta\u0142a prawdziwa wiara, \u015bwi\u0119to\u015b\u0107 \u017cycia, braterska mi\u0142o\u015b\u0107 i duch modlitwy. Niech Matka Naj\u015bwi\u0119tsza wyprosi \u0142aski, o kt\u00f3re modlili\u015bmy si\u0119 w tej Mszy \u015bw. dla&#8230; <a class=\"continue-reading-link\" href=\"http:\/\/parafia.scinawa.info\/index.php\/2023\/02\/25\/intencje-mszalne-26-02-05-03-2023\/\">Czytaj dalej <span class=\"meta-nav\">&rarr; <\/span><\/a><\/p>\n","protected":false},"author":2,"featured_media":0,"comment_status":"closed","ping_status":"closed","sticky":false,"template":"","format":"standard","meta":{"footnotes":""},"categories":[39],"tags":[],"class_list":["post-2269","post","type-post","status-publish","format-standard","hentry","category-intencje"],"_links":{"self":[{"href":"http:\/\/parafia.scinawa.info\/index.php\/wp-json\/wp\/v2\/posts\/2269","targetHints":{"allow":["GET"]}}],"collection":[{"href":"http:\/\/parafia.scinawa.info\/index.php\/wp-json\/wp\/v2\/posts"}],"about":[{"href":"http:\/\/parafia.scinawa.info\/index.php\/wp-json\/wp\/v2\/types\/post"}],"author":[{"embeddable":true,"href":"http:\/\/parafia.scinawa.info\/index.php\/wp-json\/wp\/v2\/users\/2"}],"replies":[{"embeddable":true,"href":"http:\/\/parafia.scinawa.info\/index.php\/wp-json\/wp\/v2\/comments?post=2269"}],"version-history":[{"count":1,"href":"http:\/\/parafia.scinawa.info\/index.php\/wp-json\/wp\/v2\/posts\/2269\/revisions"}],"predecessor-version":[{"id":2270,"href":"http:\/\/parafia.scinawa.info\/index.php\/wp-json\/wp\/v2\/posts\/2269\/revisions\/2270"}],"wp:attachment":[{"href":"http:\/\/parafia.scinawa.info\/index.php\/wp-json\/wp\/v2\/media?parent=2269"}],"wp:term":[{"taxonomy":"category","embeddable":true,"href":"http:\/\/parafia.scinawa.info\/index.php\/wp-json\/wp\/v2\/categories?post=2269"},{"taxonomy":"post_tag","embeddable":true,"href":"http:\/\/parafia.scinawa.info\/index.php\/wp-json\/wp\/v2\/tags?post=2269"}],"curies":[{"name":"wp","href":"https:\/\/api.w.org\/{rel}","templated":true}]}}