{"id":2271,"date":"2023-02-25T09:54:46","date_gmt":"2023-02-25T08:54:46","guid":{"rendered":"http:\/\/parafia.scinawa.info\/?p=2271"},"modified":"2023-02-25T09:54:46","modified_gmt":"2023-02-25T08:54:46","slug":"ogloszenia-duszpasterskie-1-niedziela-wielkiego-postu-26-02-2023","status":"publish","type":"post","link":"http:\/\/parafia.scinawa.info\/index.php\/2023\/02\/25\/ogloszenia-duszpasterskie-1-niedziela-wielkiego-postu-26-02-2023\/","title":{"rendered":"Og\u0142oszenia duszpasterskie    1 Niedziela Wielkiego Postu \u2013 26.02.2023"},"content":{"rendered":"\n<p><strong>1<\/strong><strong>.<\/strong> Dzi\u015b prze\u017cywamy\n<strong>1 Niedziel\u0119 Wielkiego Postu<\/strong><strong>.<\/strong> Msze \u015bw. wed\u0142ug porz\u0105dku\nniedzielnego. <\/p>\n\n\n\n<p><strong>2<\/strong><strong>.<\/strong> Msze \u015bw. w\ntygodniu&nbsp; o <strong>7<sup>00<\/sup><\/strong> i <strong>18<sup>00<\/sup><\/strong>.&nbsp; <\/p>\n\n\n\n<p><strong>3<\/strong><strong>. <\/strong>Codziennie\nspowied\u017a i adoracja Naj\u015bwi\u0119tszego Sakramentu o godz. <strong>17<sup>00<\/sup>.<\/strong><\/p>\n\n\n\n<p><strong>4<\/strong><strong>. W tym tygodniu nabo\u017ce\u0144stwa: <\/strong><\/p>\n\n\n\n<p><strong>&#8211; w poniedzia\u0142ek &nbsp;&nbsp; &#8211; <\/strong>nabo\u017ce\u0144stwo<strong>\n<em>do Bo\u017cego Mi\u0142osierdzia<\/em> <\/strong><\/p>\n\n\n\n<p><strong>&#8211;<\/strong> <strong>we wtorek<\/strong>&nbsp;&nbsp;&nbsp;&nbsp;&nbsp;&nbsp;&nbsp;&nbsp;&nbsp;&nbsp;&nbsp; &#8211; nabo\u017ce\u0144stwo do <strong>\u015bw. Szarbela<\/strong>\no godz. <strong>17<sup>30<\/sup><\/strong><\/p>\n\n\n\n<p><strong>&#8211;<\/strong> <strong>w \u015brod\u0119<\/strong>\n&nbsp;&nbsp;&nbsp; &nbsp;&nbsp;&nbsp;&nbsp;&nbsp;&nbsp;&nbsp;&nbsp;&nbsp; <strong>&#8211; <\/strong>Nowenna do <strong><em>NMP Nieustaj\u0105cej Pomocy<\/em><\/strong>\no godz. <strong>17<sup>30<\/sup><\/strong><\/p>\n\n\n\n<p><strong>5.<\/strong>\nW tym tygodniu obchodzimy I czwartek, I pi\u0105tek i I sobot\u0119 miesi\u0105ca <strong><em>Odwiedziny\nchorych w pi\u0105tek od godz. 8.30<\/em><\/strong><\/p>\n\n\n\n<p><strong>6. <\/strong>W sobot\u0119 \u015bwi\u0119to \u015bw. Kazimierza, Kr\u00f3lewicza<strong><\/strong><\/p>\n\n\n\n<p><strong>7.<\/strong>\nW I sobot\u0119 miesi\u0105ca o godz. <strong>17<sup>00<\/sup><\/strong>\n<strong><em>nabo\u017ce\u0144stwo\nfatimskie<\/em><\/strong>.<\/p>\n\n\n\n<p><strong>8<\/strong><strong>.<\/strong> W Wielkim\nPo\u015bcie nabo\u017ce\u0144stwa Drogi Krzy\u017cowej w pi\u0105tki:o <strong>8<sup>30<\/sup> <\/strong>(nie ma Msza o <strong>9<sup>00 <\/sup>!!!<\/strong>);<strong> 16<sup>00\n<\/sup>&nbsp;<\/strong>dla dzieci<strong>, 17<sup>30<\/sup>\n<\/strong>dla doros\u0142ych i m\u0142odzie\u017cy, w R\u0119szowie o <strong>17<sup>00<\/sup><\/strong><\/p>\n\n\n\n<p><strong>9<\/strong><strong>.<\/strong> Gorzkie \u017bale w\nniedziel\u0119 o godz. <strong>17<sup>15<\/sup>.<\/strong>Za\nudzia\u0142 w nabo\u017ce\u0144stwie Gorzkich \u017bali w Wielkim Po\u015bcie oraz za odprawienie Drogi\nKrzy\u017cowej mo\u017cna uzyska\u0107 odpust zupe\u0142ny pod zwyk\u0142ymi warunkami.<\/p>\n\n\n\n<p><strong>10<\/strong><strong>.\n<\/strong>W przysz\u0142\u0105\nniedziel\u0119 b\u0119dziemy prze\u017cywa\u0107 <strong>2 Niedziel\u0119\nWielkiego Postu.<\/strong> Msze \u015bw. wed\u0142ug porz\u0105dku niedzielnego. Zmiana\ntajemnic \u017bywego R\u00f3\u017ca\u0144ca o <strong>10<sup>30<\/sup>. <\/strong>Jak\nco roku 2. Niedziela Wielkiego Postu prze\u017cywana jest w Polsce jako \u201eDzie\u0144\nmodlitwy, postu i solidarno\u015bci z Misjonarzami\u201d. Tego dnia wspieramy polskich\nmisjonarzy poprzez sk\u0142adanie ofiar do puszek na Dzie\u0142o Pomocy \u201eAd gentes\u201d. <\/p>\n\n\n\n<p><strong>11<\/strong><strong>.<\/strong> Kancelaria\nczynna codziennie po Mszy \u015bw. z wyj\u0105tkiem niedziel, uroczysto\u015bci i \u015bwi\u0105t.<\/p>\n\n\n\n<p><strong>12<\/strong><strong>.<\/strong> Do nabycia jest\nprasa katolicka: Niedziela, Go\u015b\u0107 Niedzielny, Ma\u0142y Go\u015b\u0107 Niedzielny i R\u00f3\u017caniec. <\/p>\n\n\n\n<p><strong>13<\/strong><strong>.<\/strong> Dzi\u0119kuj\u0119\nwszystkim, kt\u00f3rzy w tym tygodniu sprz\u0105tali \u015bwi\u0105tyni\u0119 i przygotowali j\u0105 na nasze\nspotkanie eucharystyczne.<\/p>\n\n\n\n<p><strong>14<\/strong><strong>.<\/strong> Serdeczne B\u00f3g\nzap\u0142a\u0107 za ofiary sk\u0142adane na remonty w naszej parafii. <\/p>\n\n\n\n<p><strong>15<\/strong><strong>.<\/strong> Intencje\nmszalne, obrazki \u2013 pami\u0105tki odprawionej Mszy \u015bw.<\/p>\n\n\n\n<p><strong>16. <\/strong>Tradycj\u0105 lat minionych od I Niedzieli Wielkiego Postu sk\u0142adamy ofiary na kwiaty do Bo\u017cego Grobu do skarbony pod ambon\u0105.<\/p>\n\n\n\n<p><em>\u017byczymy mi\u0142ego tygodnia i obfitych \u0142ask Bo\u017cych.<\/em><\/p>\n","protected":false},"excerpt":{"rendered":"<p>1. Dzi\u015b prze\u017cywamy 1 Niedziel\u0119 Wielkiego Postu. Msze \u015bw. wed\u0142ug porz\u0105dku niedzielnego. 2. Msze \u015bw. w tygodniu&nbsp; o 700 i 1800.&nbsp; 3. Codziennie spowied\u017a i adoracja Naj\u015bwi\u0119tszego Sakramentu o godz. 1700. 4. W tym tygodniu nabo\u017ce\u0144stwa: &#8211; w poniedzia\u0142ek &nbsp;&nbsp; &#8211; nabo\u017ce\u0144stwo do Bo\u017cego Mi\u0142osierdzia &#8211; we wtorek&nbsp;&nbsp;&nbsp;&nbsp;&nbsp;&nbsp;&nbsp;&nbsp;&nbsp;&nbsp;&nbsp; &#8211; nabo\u017ce\u0144stwo&#8230; <a class=\"continue-reading-link\" href=\"http:\/\/parafia.scinawa.info\/index.php\/2023\/02\/25\/ogloszenia-duszpasterskie-1-niedziela-wielkiego-postu-26-02-2023\/\">Czytaj dalej <span class=\"meta-nav\">&rarr; <\/span><\/a><\/p>\n","protected":false},"author":2,"featured_media":0,"comment_status":"closed","ping_status":"closed","sticky":false,"template":"","format":"standard","meta":{"footnotes":""},"categories":[40],"tags":[],"class_list":["post-2271","post","type-post","status-publish","format-standard","hentry","category-ogloszenia-duszpasterskie"],"_links":{"self":[{"href":"http:\/\/parafia.scinawa.info\/index.php\/wp-json\/wp\/v2\/posts\/2271","targetHints":{"allow":["GET"]}}],"collection":[{"href":"http:\/\/parafia.scinawa.info\/index.php\/wp-json\/wp\/v2\/posts"}],"about":[{"href":"http:\/\/parafia.scinawa.info\/index.php\/wp-json\/wp\/v2\/types\/post"}],"author":[{"embeddable":true,"href":"http:\/\/parafia.scinawa.info\/index.php\/wp-json\/wp\/v2\/users\/2"}],"replies":[{"embeddable":true,"href":"http:\/\/parafia.scinawa.info\/index.php\/wp-json\/wp\/v2\/comments?post=2271"}],"version-history":[{"count":1,"href":"http:\/\/parafia.scinawa.info\/index.php\/wp-json\/wp\/v2\/posts\/2271\/revisions"}],"predecessor-version":[{"id":2272,"href":"http:\/\/parafia.scinawa.info\/index.php\/wp-json\/wp\/v2\/posts\/2271\/revisions\/2272"}],"wp:attachment":[{"href":"http:\/\/parafia.scinawa.info\/index.php\/wp-json\/wp\/v2\/media?parent=2271"}],"wp:term":[{"taxonomy":"category","embeddable":true,"href":"http:\/\/parafia.scinawa.info\/index.php\/wp-json\/wp\/v2\/categories?post=2271"},{"taxonomy":"post_tag","embeddable":true,"href":"http:\/\/parafia.scinawa.info\/index.php\/wp-json\/wp\/v2\/tags?post=2271"}],"curies":[{"name":"wp","href":"https:\/\/api.w.org\/{rel}","templated":true}]}}