{"id":2273,"date":"2023-03-04T11:13:46","date_gmt":"2023-03-04T10:13:46","guid":{"rendered":"http:\/\/parafia.scinawa.info\/?p=2273"},"modified":"2023-03-04T11:15:33","modified_gmt":"2023-03-04T10:15:33","slug":"intencje-mszalne-05-03-12-03-2023","status":"publish","type":"post","link":"http:\/\/parafia.scinawa.info\/index.php\/2023\/03\/04\/intencje-mszalne-05-03-12-03-2023\/","title":{"rendered":"INTENCJE MSZALNE 05.03 \u2013 12.03. 2023"},"content":{"rendered":"\n<p><strong><em>Sk\u0142adaj\u0105c\nOfiar\u0119, kt\u00f3ra nam przypomina niezmierzon\u0105 mi\u0142o\u015b\u0107 Twojego Syna, pokornie prosimy\nCi\u0119, Bo\u017ce, przyjmij intencje Twoich wiernych i spraw przez dzia\u0142anie\nEucharystii, aby w naszych rodzinach wzrasta\u0142a prawdziwa wiara, \u015bwi\u0119to\u015b\u0107 \u017cycia,\nbraterska mi\u0142o\u015b\u0107 i duch modlitwy. <\/em><\/strong><strong>Niech\nMatka Naj\u015bwi\u0119tsza wyprosi \u0142aski, o kt\u00f3re modlili\u015bmy si\u0119 w tej Mszy \u015bw. dla \u2026\nZa\u015b zmar\u0142ym \u2026 za kt\u00f3rych odprawiali\u015bmy Msz\u0119 \u015bw.: wieczny odpoczynek racz im\nda\u0107 Panie (\u2026); niech odpoczywaj\u0105 w pokoju wiecznym. Amen<\/strong><\/p>\n\n\n\n<p><strong>05.03<em>. &#8211; NIEDZIELA&nbsp; <\/em><\/strong><em><\/em><\/p>\n\n\n\n<p><strong>&nbsp; 8.oo \u2013 1) <\/strong>++ Kazimier\u0119 z racji imienin, J\u00f3zefa, Stanis\u0142awa i W\u0142adys\u0142aw\u0119 Szymczak\u00f3w\noraz Maryl\u0119<\/p>\n\n\n\n<p>&nbsp;&nbsp;&nbsp;&nbsp;&nbsp;&nbsp;&nbsp;&nbsp;&nbsp;&nbsp;&nbsp;&nbsp;&nbsp;&nbsp;&nbsp;&nbsp; &nbsp;Sta\u0144czyk z domu Szymczak \u2013 modli si\u0119 rodzina\n<\/p>\n\n\n\n<p><strong>&nbsp;&nbsp;&nbsp;&nbsp;&nbsp;&nbsp;&nbsp;&nbsp;&nbsp;&nbsp;&nbsp; &nbsp;\n2)<\/strong> ++ rodzic\u00f3w: Stanis\u0142aw\u0119 i Stanis\u0142awa\nChudzichowskich, Helen\u0119 i W\u0142adys\u0142awa Langner\u00f3w <\/p>\n\n\n\n<p>&nbsp;&nbsp;&nbsp;&nbsp;&nbsp;&nbsp;&nbsp;&nbsp;&nbsp;&nbsp;&nbsp;&nbsp;&nbsp;&nbsp;&nbsp;&nbsp;&nbsp;&nbsp; \u2013 modli si\u0119 c\u00f3rka z rodzin\u0105<\/p>\n\n\n\n<p><strong>&nbsp; 9.3o \u2013<\/strong> ++ Kazimier\u0119 i Micha\u0142a\noraz ++ z rodziny Babij\u00f3w, Arciszewskich, Urba\u0144skich, Chrzanowskich,<\/p>\n\n\n\n<p>&nbsp; &nbsp;&nbsp;&nbsp;&nbsp;&nbsp;&nbsp;&nbsp;&nbsp;Malisz\u00f3w, Baran\u00f3w, siostr\u0119 Agnieszk\u0119\nJadwi\u017cank\u0119 i dusze w czy\u015b\u0107cu cierpi\u0105ce \u2013 modli si\u0119 rodzina <\/p>\n\n\n\n<p><strong>11.oo\n\u2013 1) <\/strong>++ rodzic\u00f3w: Czes\u0142aw\u0119 i\nKazimierza oraz ++ z rodziny: Wiktori\u0119, Michalin\u0119, Jana i Stefani\u0119<\/p>\n\n\n\n<p><strong>&nbsp;&nbsp;&nbsp;&nbsp;&nbsp;&nbsp;&nbsp;&nbsp;&nbsp;&nbsp;&nbsp; &nbsp;\n2) <\/strong>+ Kazimierza Jamrozika w 3\nrocz. \u015bm. \u2013 modli si\u0119 \u017cona i + Tadeusza Mejera w 28 rocz. \u015bm. <\/p>\n\n\n\n<p>&nbsp;&nbsp;&nbsp;&nbsp;&nbsp;&nbsp;&nbsp;&nbsp;&nbsp;&nbsp;&nbsp;&nbsp;&nbsp;&nbsp;&nbsp;&nbsp;&nbsp; \u2013 modli si\u0119 \u017cona\nz dzie\u0107mi <\/p>\n\n\n\n<p><strong>12.3o\n\u2013 1) <\/strong>+ Krystyn\u0119 w 5 rocz. \u015bm.\noraz ++ Jerzego, J\u00f3zef\u0119 i W\u0142adys\u0142awa \u2013 modl\u0105 si\u0119 dzieci z rodzinami<\/p>\n\n\n\n<p><strong>&nbsp;&nbsp;&nbsp;&nbsp;&nbsp;&nbsp;&nbsp;&nbsp;&nbsp;&nbsp;&nbsp; &nbsp;\n2)<\/strong> + Leopolda \u015awiercza w 12 rocz. \u015bm.<\/p>\n\n\n\n<p><strong>18.oo\n\u2013 1) <\/strong>&nbsp;o szcz\u0119\u015bliw\u0105 operacj\u0119, \u0142ask\u0119 zdrowia i opiek\u0119\nNMP<\/p>\n\n\n\n<p><strong>&nbsp;&nbsp;&nbsp;&nbsp;&nbsp;&nbsp;&nbsp;&nbsp;&nbsp;&nbsp;&nbsp; &nbsp;\n2) <\/strong>+ mam\u0119 Ann\u0119 Frydrych \u2013 gregorianka\n1<strong> &nbsp;&nbsp;<\/strong>&nbsp;<\/p>\n\n\n\n<p><strong>06.03<em>. \u2013 PONIEDZIA\u0141EK<\/em><\/strong><\/p>\n\n\n\n<p><strong>&nbsp;7.oo \u2013 <\/strong>&nbsp;<strong>1) <\/strong>&nbsp;+ mam\u0119\nAnn\u0119 Frydrych \u2013 gregorianka 2<\/p>\n\n\n\n<p><strong>&nbsp;&nbsp;&nbsp;&nbsp;&nbsp;&nbsp;&nbsp;&nbsp;&nbsp;&nbsp;&nbsp; &nbsp;\n2)<\/strong><\/p>\n\n\n\n<p><strong>18.oo\n\u2013 1) <\/strong>+ Zbigniewa Majerskiego \u2013 gregorianka\n29 \u2013 od\nEl\u017cbiety Surmy z rodzin\u0105<\/p>\n\n\n\n<p><strong>&nbsp;&nbsp;&nbsp;&nbsp;&nbsp;&nbsp;&nbsp;&nbsp;&nbsp;&nbsp;&nbsp; &nbsp;\n2)<\/strong> + Piotra Ci\u0119\u017ckiego w 6\nrocz. \u015bm. oraz ++ z rodziny Ci\u0119\u017ckich i Kys\u00f3w \u2013 modli si\u0119 rodzina <\/p>\n\n\n\n<p><strong>07.03<em>. &#8211; WTOREK<\/em><\/strong><em><\/em><\/p>\n\n\n\n<p><strong>7.oo\n\u20131) <\/strong>&nbsp;+ mam\u0119\nAnn\u0119 Frydrych \u2013 gregorianka 3<\/p>\n\n\n\n<p><strong>&nbsp;&nbsp;&nbsp;&nbsp;&nbsp;&nbsp;&nbsp;&nbsp;&nbsp;&nbsp;&nbsp; &nbsp;\n2)<\/strong> + Zbigniewa Majerskiego \u2013\ngregorianka 30 \u2013 od Katarzyny\nObrzud z rodzin\u0105<\/p>\n\n\n\n<p><strong>18.oo\n\u2013 <\/strong>++ ch\u00f3rzyst\u00f3w Ch\u00f3ru Parafialnego w \u015acinawie<\/p>\n\n\n\n<p><strong>08.03<em>. \u2013 \u015aRODA <\/em><\/strong><\/p>\n\n\n\n<p><strong>&nbsp; 7.oo \u20131) <\/strong>+ mam\u0119\nAnn\u0119 Frydrych \u2013 gregorianka 4 <\/p>\n\n\n\n<p><strong>&nbsp;&nbsp;&nbsp;&nbsp;&nbsp;&nbsp;&nbsp;&nbsp;&nbsp;&nbsp;&nbsp; &nbsp;&nbsp;2)<\/strong> ++ rodzic\u00f3w: Jadwig\u0119 i Romana Szrajnert\u00f3w, Walentego, J\u00f3zef\u0119, Zofi\u0119, J\u00f3zefa,\nMiros\u0142awa<\/p>\n\n\n\n<p>&nbsp;&nbsp;&nbsp;&nbsp;&nbsp;&nbsp;&nbsp;&nbsp;&nbsp;&nbsp;&nbsp;&nbsp;&nbsp;&nbsp;&nbsp;&nbsp; &nbsp;Ka\u0142\u00f3w oraz Antonin\u0119 i Szymona \u017bukowskich \u2013\nmodli si\u0119 rodzina<\/p>\n\n\n\n<p><strong>18.oo\n\u2013&nbsp; intencja zbiorowa nowennowa:<\/strong><\/p>\n\n\n\n<p><strong>1)<\/strong> + Janin\u0119 Marczuk\n\u2013 Ferenc \u2013 modl\u0105 si\u0119 s\u0105siedzi z ul. Jagie\u0142\u0142y 37 i 39<\/p>\n\n\n\n<p><strong>2)<\/strong> + Jana Jasickiego\n\u2013 modli si\u0119 siostra Marysia z rodzin\u0105<\/p>\n\n\n\n<p><strong>3)<\/strong> ++ rodzic\u00f3w: Mari\u0119 w 10 rocz. \u015bm. i J\u00f3zefa w 28 rocz. \u015bm. z rodziny\nSemp\u00f3w&nbsp; &#8211; modl\u0105 si\u0119 dzieci<\/p>\n\n\n\n<p><strong>4)<\/strong> + Zbigniewa Krup\u0119 &#8211;\n30 dzie\u0144 od pogrzebu &#8211; intencja od uczestnik\u00f3w Mszy pogrzebowej<\/p>\n\n\n\n<p><strong>5)<\/strong> + Teres\u0119 Ma\u0142eck\u0105 w 2 rocz. \u015bm.\noraz ++ jej rodzic\u00f3w i braci \u2013 modli si\u0119 rodzina<\/p>\n\n\n\n<p><strong>6)<\/strong> + Kazimier\u0119 Wirkowsk\u0105<\/p>\n\n\n\n<p><strong>7)<\/strong> w intencji rodziny Hodzic i\nStani\u00f3w dzi\u0119kczynna z pro\u015bb\u0105 o zdrowie, Bo\u017ce b\u0142ogos\u0142awie\u0144stwo, dary<\/p>\n\n\n\n<p>&nbsp;&nbsp;&nbsp;\n&nbsp;Ducha \u015awi\u0119tego, opiek\u0119 NMP i \u015bw.\nPatron\u00f3w<\/p>\n\n\n\n<p><strong>8)<\/strong> o szcz\u0119\u015bliw\u0105 operacj\u0119 dla\nJoanny, \u0142ask\u0119 zdrowia i opiek\u0119 NMP \u2013 modl\u0105 si\u0119 c\u00f3rki z rodzin\u0105<\/p>\n\n\n\n<p><strong>9)<\/strong> + Wand\u0119 Kiernick\u0105 w 11 rocz. \u015bm.\noraz ++ z rodziny Kiernickich, Szczekutowicz\u00f3w i Wasilewskich<\/p>\n\n\n\n<p><strong>09.03<em>. \u2013 CZWARTEK <\/em><\/strong><em>&nbsp;<\/em><\/p>\n\n\n\n<p><strong>&nbsp; 7.oo \u2013<\/strong> &nbsp;<strong>1) <\/strong>+ mam\u0119 Ann\u0119 Frydrych \u2013 gregorianka 5 <\/p>\n\n\n\n<p><strong>&nbsp;&nbsp;&nbsp;&nbsp;&nbsp;&nbsp;&nbsp;&nbsp;&nbsp;&nbsp;&nbsp; &nbsp;\n2)<\/strong><\/p>\n\n\n\n<p><strong>18.oo\n\u2013 1) <\/strong>+ mam\u0119 Aniel\u0119 w 32 rocz.\n\u015bm., tat\u0119 Wojciecha, braci Mieczys\u0142awa i Edwarda, siostry Ann\u0119 <\/p>\n\n\n\n<p>&nbsp;&nbsp;&nbsp;&nbsp;&nbsp;&nbsp;&nbsp;&nbsp;&nbsp;&nbsp;&nbsp;&nbsp;&nbsp;&nbsp; i Genowef\u0119, dziadk\u00f3w z obu\nstron: Antoniego i Teofil\u0119, Wawrzy\u0144ca i Barbar\u0119 \u2013 modli si\u0119 rodzina\n<\/p>\n\n\n\n<p><strong>&nbsp;&nbsp;&nbsp;&nbsp;&nbsp;&nbsp;&nbsp;&nbsp;&nbsp;&nbsp;&nbsp; 2) <\/strong>+ Romana Paw\u0142owskiego w 2 rocz. \u015bm. oraz Mari\u0119,\nJ\u00f3zefa i Jana Cebulskich \u2013 modli si\u0119 rodzina<\/p>\n\n\n\n<p><strong>10.03<em>. \u2013 PI\u0104TEK<\/em><\/strong><\/p>\n\n\n\n<p><strong>&nbsp;7.oo \u2013<\/strong> &nbsp;<strong>1) <\/strong>++\nrodzic\u00f3w z obu stron: Albin\u0119 i Mariana, Aleksandr\u0119 i W\u0142adys\u0142awa, ++ dziadk\u00f3w, <\/p>\n\n\n\n<p>&nbsp;&nbsp;&nbsp;&nbsp;&nbsp;&nbsp;&nbsp;&nbsp;&nbsp;&nbsp;&nbsp;&nbsp;&nbsp;&nbsp;&nbsp;&nbsp;&nbsp;\n++ z rodziny Cichut\u00f3w, Judzi\u0144skich, Zdrad\u00f3w, + El\u017cbiet\u0119 Cherling i dusze\nw czy\u015b\u0107cu cierpi\u0105ce<\/p>\n\n\n\n<p><strong>9.oo\n\u2013<\/strong>\n&nbsp;++ Piotra i Teodor\u0119 oraz ++ z rodziny Je\u017cyn\u00f3w\ni Szynkler\u00f3w \u2013 modli si\u0119 rodzina<\/p>\n\n\n\n<p><strong>18.oo\n\u2013 1) <\/strong>+ mam\u0119 Ann\u0119 Frydrych \u2013\ngregorianka 6 <\/p>\n\n\n\n<p><strong>&nbsp;&nbsp;&nbsp;&nbsp;&nbsp;&nbsp;&nbsp;&nbsp;&nbsp;&nbsp;&nbsp; &nbsp;\n2)<\/strong> + Tomasza Srebrniaka w 15 rocz. \u015bm. \u2013 modli si\u0119 syn<\/p>\n\n\n\n<p><strong><em>11.03. \u2013 SOBOTA<\/em><\/strong><\/p>\n\n\n\n<p><strong>&nbsp; &nbsp;&nbsp;7.oo\n\u2013<\/strong>\n<strong>1)<\/strong> + mam\u0119 Ann\u0119 Frydrych \u2013 gregorianka 7&nbsp;<\/p>\n\n\n\n<p><strong>&nbsp;&nbsp;&nbsp;&nbsp;&nbsp;&nbsp;&nbsp;&nbsp;&nbsp;&nbsp;&nbsp; &nbsp;\n2)<\/strong> ++ Teres\u0119 w 5 rocz. \u015bm. i\nAntoniego Srebniak\u00f3w oraz ++ ich rodzic\u00f3w<\/p>\n\n\n\n<p><strong>18.oo\n\u2013 1) <\/strong>+ Bartka Weissa w 3 rocz. \u015bm. \u2013 modli si\u0119 babcia z\nrodzin\u0105<\/p>\n\n\n\n<p><strong>&nbsp;&nbsp;&nbsp;&nbsp;&nbsp;&nbsp;&nbsp;&nbsp;&nbsp;&nbsp;&nbsp; &nbsp;\n2)<\/strong> + jadwig\u0119 Rutkowsk\u0105 w 21 rocz. \u015bm. \u2013 modli si\u0119 siostra\nz rodzina <\/p>\n\n\n\n<p><strong><em>12.03. \u2013 NIEDZIELA&nbsp; <\/em><\/strong><\/p>\n\n\n\n<p><strong>&nbsp; 8.oo \u2013 1) <\/strong>++ Franciszk\u0119 i\nFranciszka \u2013 modli si\u0119 rodzina<\/p>\n\n\n\n<p><strong>&nbsp;&nbsp;&nbsp;&nbsp;&nbsp;&nbsp;&nbsp;&nbsp;&nbsp;&nbsp;&nbsp; &nbsp;\n2)<\/strong> zaj. P. \u017bydek<\/p>\n\n\n\n<p><strong>&nbsp; 9.3o \u2013 <\/strong>++ te\u015bci\u00f3w: Stefani\u0119 i Wojciecha \u2013 modli si\u0119 rodzina\n&nbsp;<\/p>\n\n\n\n<p><strong>11.oo\n\u2013 1) <\/strong>+ J\u00f3zefa Bogacza w 14\nrocz. \u015bm. oraz Mari\u0119 Bogacz, Ann\u0119 i Jana Drobnych, Katarzyn\u0119 <\/p>\n\n\n\n<p>&nbsp;&nbsp;&nbsp;&nbsp;&nbsp;&nbsp;&nbsp;&nbsp;&nbsp;&nbsp;&nbsp;&nbsp;&nbsp;&nbsp;&nbsp; Koszty\u0142\u0119 \u2013 modli si\u0119 brat<strong> <\/strong><\/p>\n\n\n\n<p><strong>\u00a0\u00a0\u00a0\u00a0\u00a0\u00a0\u00a0\u00a0\u00a0\u00a0\u00a0 \u00a02) <\/strong>++ Baltazara i Zofi\u0119 Koz\u0142owskich, El\u017cbiet\u0119 Demczak oraz ++ z rodziny Koz\u0142owskich, Trubickich,\u00a0\u017bybort\u00f3w, i Raks\u00f3w \u2013 modli si\u0119 rodzina <\/p>\n\n\n\n<p><strong>12.3o \u2013 1) <\/strong>+ m\u0119\u017ca Bogdana Uchro\u0144skiego, te\u015bci\u00f3w Daniel\u0119 i J\u00f3zefa, rodzic\u00f3w: W\u0142adys\u0142aw\u0119 i Romana \u00a0Chwistk\u00f3w, siostr\u0119 Mari\u0119, jej m\u0119\u017ca Zbigniewa i syna Dawida, brata Marka i szwagra Stanis\u0142awa oraz dusze w czy\u015b\u0107cu cierpi\u0105ce \u2013 modli si\u0119 \u017cona z rodzin\u0105<\/p>\n\n\n\n<p><strong>&nbsp;&nbsp;&nbsp;&nbsp;&nbsp;&nbsp;&nbsp;&nbsp;&nbsp;&nbsp;&nbsp; &nbsp;\n2)<\/strong> zaj. P. Kuszyk<\/p>\n\n\n\n<p><strong>18.oo\n\u2013 1)<\/strong> + mam\u0119 Ann\u0119 Frydrych \u2013 gregorianka 8<strong> <\/strong>&nbsp;<\/p>\n\n\n\n<p><strong>&nbsp;&nbsp;&nbsp;&nbsp;&nbsp;&nbsp;&nbsp;&nbsp;&nbsp;&nbsp;&nbsp; &nbsp;\n2)<\/strong> ++ Mari\u0119 J\u00f3zefa, Ryszarda\ni Iren\u0119 Czech\u00f3w, Mari\u0119 i Wawrzy\u0144ca Ha\u0142ub\u00f3w, Katarzyn\u0119 i Jakuba \u00a0Czech\u00f3w oraz ++ z rodziny Pyzi\u00f3w i Jastrz\u0119bskich<strong> <\/strong>\u00a0<\/p>\n","protected":false},"excerpt":{"rendered":"<p>Sk\u0142adaj\u0105c Ofiar\u0119, kt\u00f3ra nam przypomina niezmierzon\u0105 mi\u0142o\u015b\u0107 Twojego Syna, pokornie prosimy Ci\u0119, Bo\u017ce, przyjmij intencje Twoich wiernych i spraw przez dzia\u0142anie Eucharystii, aby w naszych rodzinach wzrasta\u0142a prawdziwa wiara, \u015bwi\u0119to\u015b\u0107 \u017cycia, braterska mi\u0142o\u015b\u0107 i duch modlitwy. Niech Matka Naj\u015bwi\u0119tsza wyprosi \u0142aski, o kt\u00f3re modlili\u015bmy si\u0119 w tej Mszy \u015bw. dla&#8230; <a class=\"continue-reading-link\" href=\"http:\/\/parafia.scinawa.info\/index.php\/2023\/03\/04\/intencje-mszalne-05-03-12-03-2023\/\">Czytaj dalej <span class=\"meta-nav\">&rarr; <\/span><\/a><\/p>\n","protected":false},"author":2,"featured_media":0,"comment_status":"closed","ping_status":"closed","sticky":false,"template":"","format":"standard","meta":{"footnotes":""},"categories":[39],"tags":[],"class_list":["post-2273","post","type-post","status-publish","format-standard","hentry","category-intencje"],"_links":{"self":[{"href":"http:\/\/parafia.scinawa.info\/index.php\/wp-json\/wp\/v2\/posts\/2273","targetHints":{"allow":["GET"]}}],"collection":[{"href":"http:\/\/parafia.scinawa.info\/index.php\/wp-json\/wp\/v2\/posts"}],"about":[{"href":"http:\/\/parafia.scinawa.info\/index.php\/wp-json\/wp\/v2\/types\/post"}],"author":[{"embeddable":true,"href":"http:\/\/parafia.scinawa.info\/index.php\/wp-json\/wp\/v2\/users\/2"}],"replies":[{"embeddable":true,"href":"http:\/\/parafia.scinawa.info\/index.php\/wp-json\/wp\/v2\/comments?post=2273"}],"version-history":[{"count":2,"href":"http:\/\/parafia.scinawa.info\/index.php\/wp-json\/wp\/v2\/posts\/2273\/revisions"}],"predecessor-version":[{"id":2275,"href":"http:\/\/parafia.scinawa.info\/index.php\/wp-json\/wp\/v2\/posts\/2273\/revisions\/2275"}],"wp:attachment":[{"href":"http:\/\/parafia.scinawa.info\/index.php\/wp-json\/wp\/v2\/media?parent=2273"}],"wp:term":[{"taxonomy":"category","embeddable":true,"href":"http:\/\/parafia.scinawa.info\/index.php\/wp-json\/wp\/v2\/categories?post=2273"},{"taxonomy":"post_tag","embeddable":true,"href":"http:\/\/parafia.scinawa.info\/index.php\/wp-json\/wp\/v2\/tags?post=2273"}],"curies":[{"name":"wp","href":"https:\/\/api.w.org\/{rel}","templated":true}]}}