{"id":2280,"date":"2023-03-11T12:19:03","date_gmt":"2023-03-11T11:19:03","guid":{"rendered":"http:\/\/parafia.scinawa.info\/?p=2280"},"modified":"2023-03-11T12:22:06","modified_gmt":"2023-03-11T11:22:06","slug":"intencje-mszalne-12-03-19-03-2023","status":"publish","type":"post","link":"http:\/\/parafia.scinawa.info\/index.php\/2023\/03\/11\/intencje-mszalne-12-03-19-03-2023\/","title":{"rendered":"INTENCJE MSZALNE 12.03. \u2013 19.03. 2023"},"content":{"rendered":"\n<p><strong><em>Sk\u0142adaj\u0105c\nOfiar\u0119, kt\u00f3ra nam przypomina niezmierzon\u0105 mi\u0142o\u015b\u0107 Twojego Syna, pokornie prosimy\nCi\u0119, Bo\u017ce, przyjmij intencje Twoich wiernych i spraw przez dzia\u0142anie\nEucharystii, aby w naszych rodzinach wzrasta\u0142a prawdziwa wiara, \u015bwi\u0119to\u015b\u0107 \u017cycia,\nbraterska mi\u0142o\u015b\u0107 i duch modlitwy. <\/em><\/strong><strong>Niech\nMatka Naj\u015bwi\u0119tsza wyprosi \u0142aski, o kt\u00f3re modlili\u015bmy si\u0119 w tej Mszy \u015bw. dla \u2026\nZa\u015b zmar\u0142ym \u2026 za kt\u00f3rych odprawiali\u015bmy Msz\u0119 \u015bw.: wieczny odpoczynek racz im\nda\u0107 Panie (\u2026); niech odpoczywaj\u0105 w pokoju wiecznym. Amen<\/strong><\/p>\n\n\n\n<p><strong>12.03<em>. &#8211; NIEDZIELA&nbsp; <\/em><\/strong><em><\/em><\/p>\n\n\n\n<p><strong>8.oo\n\u2013 1) <\/strong>++ Franciszk\u0119 i Franciszka \u2013 modli si\u0119 rodzina<\/p>\n\n\n\n<p><strong>&nbsp;&nbsp;&nbsp;&nbsp;&nbsp;&nbsp;&nbsp;&nbsp;&nbsp;&nbsp;&nbsp; &nbsp;\n2)<\/strong> ++ Stanis\u0142awa oraz Leszka i dusze w czy\u015b\u0107cu\ncierpi\u0105ce \u2013 modli si\u0119 rodzina<\/p>\n\n\n\n<p><strong>&nbsp; 9.3o \u2013 <\/strong>++ te\u015bci\u00f3w: Stefani\u0119 i Wojciecha \u2013 modli si\u0119 rodzina\n&nbsp;<\/p>\n\n\n\n<p><strong>11.oo\n\u2013 1) <\/strong>+ J\u00f3zefa Bogacza w 14\nrocz. \u015bm. oraz Mari\u0119 Bogacz, Ann\u0119 i Jana Drobnych, Katarzyn\u0119  Koszty\u0142\u0119 \u2013 modli si\u0119 brat<strong> <\/strong><\/p>\n\n\n\n<p><strong>&nbsp;&nbsp;&nbsp;&nbsp;&nbsp;&nbsp;&nbsp;&nbsp;&nbsp;&nbsp;&nbsp; &nbsp;2) <\/strong>++ Baltazara i Zofi\u0119 Koz\u0142owskich, El\u017cbiet\u0119 Demczak oraz += z rodziny\nKoz\u0142owskich, Trubickich, \u00a0\u017bybort\u00f3w, i Raks\u00f3w \u2013 modli si\u0119 rodzina <\/p>\n\n\n\n<p><strong>12.3o\n\u2013 1) <\/strong>+ m\u0119\u017ca Bogdana Uchro\u0144skiego,\nte\u015bci\u00f3w Daniel\u0119 i J\u00f3zefa, rodzic\u00f3w: W\u0142adys\u0142aw\u0119 i Romana\u00a0Chwistk\u00f3w, siostr\u0119 Mari\u0119, jej m\u0119\u017ca Zbigniewa i syna Dawida, brata Marka i szwagra  Stanis\u0142awa oraz dusze w czy\u015b\u0107cu cierpi\u0105ce \u2013 modli si\u0119 \u017cona z rodzin\u0105<\/p>\n\n\n\n<p><strong>&nbsp;&nbsp;&nbsp;&nbsp;&nbsp;&nbsp;&nbsp;&nbsp;&nbsp; &nbsp;2)<\/strong> w intencji Zachariasza\nz okazji urodzin dzi\u0119kczynna z pro\u015bb\u0105 o zdrowie, Bo\u017ce b\u0142ogos\u0142awie\u0144stwo, \u00a0<a>dary Ducha \u015awi\u0119tego<\/a>, opiek\u0119 NMP i \u015bw. Patron\u00f3w \u2013 modli si\u0119 mama z rodzin\u0105<\/p>\n\n\n\n<p><strong>18.oo\n\u2013 1)<\/strong> + mam\u0119 Ann\u0119 Frydrych \u2013 gregorianka 8<strong> <\/strong>&nbsp;<\/p>\n\n\n\n<p><strong>&nbsp;&nbsp;&nbsp;&nbsp;&nbsp;&nbsp;&nbsp;&nbsp;&nbsp;&nbsp;&nbsp; &nbsp;\n2)<\/strong> ++ Mari\u0119 J\u00f3zefa, Ryszarda\ni Iren\u0119 Czech\u00f3w, Mari\u0119 i Wawrzy\u0144ca Ha\u0142ub\u00f3w, Katarzyn\u0119 i Jakuba\u00a0Czech\u00f3w oraz ++ z rodziny Pyzi\u00f3w i Jastrz\u0119bskich<strong> \u00a0<\/strong><\/p>\n\n\n\n<p><strong>13.03<em>. \u2013 PONIEDZIA\u0141EK<\/em><\/strong><\/p>\n\n\n\n<p><strong>&nbsp; &nbsp;&nbsp;7.oo \u2013 <\/strong>&nbsp;<strong>1) <\/strong>+ mam\u0119 Ann\u0119 Frydrych \u2013 gregorianka 9 <\/p>\n\n\n\n<p><strong>&nbsp;&nbsp;&nbsp;&nbsp;&nbsp;&nbsp;&nbsp;&nbsp;&nbsp;&nbsp;&nbsp; &nbsp;\n2)<\/strong><\/p>\n\n\n\n<p><strong>18.oo\n\u2013 1) <\/strong>++ rodzic\u00f3w: Stanis\u0142aw\u0119, Mariann\u0119 i Feliksa\nAntosiak\u00f3w, Jadwig\u0119 i Romualda Pruszy\u0144skich, \u00a0 siostr\u0119 Edward\u0119, brata Jana, bratow\u0105 Gra\u017cyn\u0119, szwagr\u00f3w: Piotra, Emila i Witolda \u2013 modli si\u0119 rodzina<\/p>\n\n\n\n<p><strong>&nbsp;&nbsp;&nbsp;&nbsp;&nbsp;&nbsp;&nbsp;&nbsp;&nbsp;&nbsp;&nbsp; &nbsp;\n2)<\/strong> + \u017con\u0119 Krystyn\u0119 Brzezi\u0144sk\u0105\nw 3 rocz. \u015bm. i syna Dariusza Brzezi\u0144skiego w 6 rocz. \u015bm.  \u2013 modli si\u0119 m\u0105\u017c i rodzina<\/p>\n\n\n\n<p><strong>14.03<em>. &#8211; WTOREK<\/em><\/strong><em><\/em><\/p>\n\n\n\n<p><strong>7.oo\n\u20131) <\/strong>&nbsp;+ mam\u0119\nAnn\u0119 Frydrych \u2013 gregorianka 10<\/p>\n\n\n\n<p><strong>&nbsp;&nbsp;&nbsp;&nbsp;&nbsp;&nbsp;&nbsp;&nbsp;&nbsp;&nbsp;&nbsp; &nbsp;\n2)<\/strong> w intencji Jana w 53\nrocz. urodzin i Maksymiliana w 18 rocz. urodzin dzi\u0119kczynna z\npro\u015bb\u0105  o zdrowie, Bo\u017ce b\u0142ogos\u0142awie\u0144stwo, dary Ducha \u015awi\u0119tego, opiek\u0119 NMP i \u015bw. Patron\u00f3w<\/p>\n\n\n\n<p><strong>18.oo\n\u2013 <\/strong>++ Franciszk\u0119, Micha\u0142a, Stanis\u0142awa, Jana, J\u00f3zefa z\nrodziny Bilewicz\u00f3w \u2013 modli si\u0119 rodzina<\/p>\n\n\n\n<p><strong>15.03<em>. \u2013 \u015aRODA <\/em><\/strong><\/p>\n\n\n\n<p><strong>&nbsp; 7.oo \u2013<\/strong>+ mam\u0119 Ann\u0119 Frydrych \u2013 gregorianka 11<strong><\/strong><\/p>\n\n\n\n<p><strong>18.oo\n\u2013&nbsp; intencja zbiorowa nowennowa:<\/strong><\/p>\n\n\n\n<p><strong>1)<\/strong>\n+ Jana Jasickiego \u2013 modli si\u0119 Barbara Sukiennik, Marek i Stanis\u0142aw Wolakowie<\/p>\n\n\n\n<p><strong>2)<\/strong>\n+ Ludwik\u0119 w dniu ziemskich imienin<\/p>\n\n\n\n<p><strong>3)<\/strong> + Zbigniewa Mularczyka &#8211;\n30 dzie\u0144 od pogrzebu &#8211; intencja od uczestnik\u00f3w Mszy pogrzebowej<\/p>\n\n\n\n<p><strong>4)<\/strong> + Monik\u0119 Stankiewicz w 14 rocz. \u015bm., + mam\u0119\nLeokadi\u0119 oraz siostr\u0119 Teres\u0119 \u2013 modli si\u0119 rodzina<\/p>\n\n\n\n<p><strong>16.03<em>. \u2013 CZWARTEK <\/em><\/strong><em>&nbsp;<\/em><\/p>\n\n\n\n<p><strong>&nbsp; 7.oo \u2013<\/strong> &nbsp;<strong>1) <\/strong>&nbsp;+ mam\u0119\nAnn\u0119 Frydrych \u2013 gregorianka 12<\/p>\n\n\n\n<p><strong>&nbsp;&nbsp;&nbsp;&nbsp;&nbsp;&nbsp;&nbsp;&nbsp;&nbsp;&nbsp;&nbsp; &nbsp;\n2)<\/strong><\/p>\n\n\n\n<p><strong>18.oo\n\u2013 1) <\/strong>+ Janin\u0119 Marczuk \u2013 Ferenc &#8211;\n30 dzie\u0144 od pogrzebu \u2013 int. od uczestnik\u00f3w Mszy pogrzebowej<\/p>\n\n\n\n<p><strong>&nbsp; 2) <\/strong>+ Eugeniusza Bochenka oraz ++ z rodziny Bochenk\u00f3w i Rogalskich \u2013 modl\u0105 si\u0119\n\u015awi\u0119talscy i Rogalscy <\/p>\n\n\n\n<p><strong>17.03<em>. \u2013 PI\u0104TEK<\/em><\/strong><\/p>\n\n\n\n<p><strong>&nbsp; 7.oo \u2013<\/strong> <strong>&nbsp;<\/strong>&nbsp;+ mam\u0119\nAnn\u0119 Frydrych \u2013 gregorianka 13<\/p>\n\n\n\n<p><strong>&nbsp; 9.oo \u2013<\/strong><\/p>\n\n\n\n<p><strong>18.oo\n\u20131) <\/strong>+ Katarzyn\u0119 Zagrodn\u0105 w 30 rocz. \u015bm.\u2013 modli si\u0119\nwnuczka Irena z prawnuczkami Justyn\u0105 i Ew\u0105 <\/p>\n\n\n\n<p><strong>&nbsp;&nbsp;&nbsp;&nbsp;&nbsp;&nbsp;&nbsp;&nbsp;&nbsp;&nbsp;&nbsp; &nbsp;\n2)<\/strong> o nawr\u00f3cenie w rodzinie oraz o wiar\u0119, nadziej\u0119 i\nmi\u0142o\u015b\u0107 <\/p>\n\n\n\n<p><strong><em>18.03.\n\u2013 SOBOTA<\/em><\/strong><\/p>\n\n\n\n<p><strong>&nbsp; &nbsp;&nbsp;7.oo\n\u2013<\/strong>\n<strong>1) <\/strong>+ mam\u0119 Ann\u0119 Frydrych \u2013 gregorianka 14 <\/p>\n\n\n\n<p><strong>&nbsp;&nbsp;&nbsp;&nbsp;&nbsp;&nbsp;&nbsp;&nbsp;&nbsp;&nbsp;&nbsp; &nbsp;\n2)<\/strong><\/p>\n\n\n\n<p><strong>18.oo\n\u2013 1) <\/strong>+ J\u00f3zef\u0119 Dro\u0144 z racji\nziemskich imienin \u2013 modli si\u0119 m\u0105\u017c z rodzin\u0105 <\/p>\n\n\n\n<p><strong>&nbsp;&nbsp;&nbsp;&nbsp;&nbsp;&nbsp;&nbsp;&nbsp;&nbsp;&nbsp;&nbsp; &nbsp;\n2)<\/strong> + m\u0119\u017ca J\u00f3zefa \u2013 modli si\u0119 \u017cona z rodzin\u0105<\/p>\n\n\n\n<p><strong><em>19.03.\n\u2013 NIEDZIELA&nbsp; <\/em><\/strong><\/p>\n\n\n\n<p><strong>&nbsp; 8.oo \u2013 1) <\/strong>+ J\u00f3zefa Rudyka z racji ziemskich imienin oraz ++ z rodziny Liszewskich i\nRudyk\u00f3w\n<\/p>\n\n\n\n<p><strong>&nbsp;&nbsp;&nbsp;&nbsp;&nbsp;&nbsp;&nbsp;&nbsp;&nbsp;&nbsp;&nbsp; &nbsp;\n2)<\/strong> ++ rodzic\u00f3w: Helen\u0119 w 5 rocz. \u015bm. i Jana St\u0119pieni\u00f3w\noraz brata Zygmunta \u2013 modl\u0105 si\u0119 c\u00f3rki\u00a0i siostry z rodzinami<\/p>\n\n\n\n<p><strong>&nbsp; 9.3o \u2013 <\/strong>&nbsp;++ rodzic\u00f3w: Eugeni\u0119 i Franciszka Woch\u00f3w oraz\nszwagra J\u00f3zefa Lisa \u2013 modli si\u0119 rodzina <\/p>\n\n\n\n<p><strong>11.oo\n\u2013 1) <\/strong>++ J\u00f3zefa z racji\nziemskich imienin i Kazimier\u0119 Szymczak\u00f3w, Maryl\u0119 Sta\u0144czyk z domu\u00a0Szymczak oraz Weronik\u0119 i Stanis\u0142awa Jakubowicz\u00f3w \u2013 modli si\u0119 rodzina <\/p>\n\n\n\n<p><strong>&nbsp;&nbsp;&nbsp;&nbsp;&nbsp;&nbsp; 2) <\/strong>w intencji El\u017cbiety z racji urodzin dzi\u0119kczynna za \u0142aski z\npro\u015bb\u0105 o zdrowie, Bo\u017ce b\u0142ogos\u0142awie\u0144stwo,  dary Ducha \u015awi\u0119tego , opiek\u0119 NMP i \u015bw. Patron\u00f3w \u2013 modli si\u0119 m\u0105\u017c z dzie\u0107mi i rodzin\u0105 <\/p>\n\n\n\n<p><strong>12.3o\n\u2013 1) <\/strong>w rocz. urodzin Krzysztofa\ndzi\u0119kczynna z pro\u015bb\u0105 o zdrowie, dary Ducha \u015awi\u0119tego, Bo\u017ce\u00a0b\u0142ogos\u0142awie\u0144stwo i opiek\u0119 NMP \u2013 modl\u0105 si\u0119 mama, dzieci, wnuki i rodzina<\/p>\n\n\n\n<p><strong>&nbsp;&nbsp;&nbsp;&nbsp;&nbsp;&nbsp;&nbsp;&nbsp;&nbsp;&nbsp;&nbsp; &nbsp;\n2)<\/strong> w 16 rocz.\nurodzin Kacpra dzi\u0119kczynna z pro\u015bb\u0105 o zdrowie, dary Ducha \u015awi\u0119tego, Bo\u017ce\u00a0b\u0142ogos\u0142awie\u0144stwo i opiek\u0119 NMP \u2013 modli si\u0119 rodzina<\/p>\n\n\n\n<p><strong>18.oo\n\u2013 1) <\/strong>+ Zdzis\u0142awa Bienia w 1\nrocz. \u015bm. oraz ++ rodzic\u00f3w: Mari\u0119 i Jana \u2013 modli si\u0119 \u017cona z dzie\u0107mi\n<\/p>\n\n\n\n<p><strong>&nbsp;&nbsp;&nbsp;&nbsp;&nbsp;&nbsp;&nbsp;&nbsp;&nbsp;&nbsp;&nbsp; &nbsp;\n2) <\/strong>&nbsp;+ mam\u0119 Ann\u0119 Frydrych \u2013 gregorianka 15<\/p>\n","protected":false},"excerpt":{"rendered":"<p>Sk\u0142adaj\u0105c Ofiar\u0119, kt\u00f3ra nam przypomina niezmierzon\u0105 mi\u0142o\u015b\u0107 Twojego Syna, pokornie prosimy Ci\u0119, Bo\u017ce, przyjmij intencje Twoich wiernych i spraw przez dzia\u0142anie Eucharystii, aby w naszych rodzinach wzrasta\u0142a prawdziwa wiara, \u015bwi\u0119to\u015b\u0107 \u017cycia, braterska mi\u0142o\u015b\u0107 i duch modlitwy. Niech Matka Naj\u015bwi\u0119tsza wyprosi \u0142aski, o kt\u00f3re modlili\u015bmy si\u0119 w tej Mszy \u015bw. dla&#8230; <a class=\"continue-reading-link\" href=\"http:\/\/parafia.scinawa.info\/index.php\/2023\/03\/11\/intencje-mszalne-12-03-19-03-2023\/\">Czytaj dalej <span class=\"meta-nav\">&rarr; <\/span><\/a><\/p>\n","protected":false},"author":2,"featured_media":0,"comment_status":"closed","ping_status":"closed","sticky":false,"template":"","format":"standard","meta":{"footnotes":""},"categories":[39],"tags":[],"class_list":["post-2280","post","type-post","status-publish","format-standard","hentry","category-intencje"],"_links":{"self":[{"href":"http:\/\/parafia.scinawa.info\/index.php\/wp-json\/wp\/v2\/posts\/2280","targetHints":{"allow":["GET"]}}],"collection":[{"href":"http:\/\/parafia.scinawa.info\/index.php\/wp-json\/wp\/v2\/posts"}],"about":[{"href":"http:\/\/parafia.scinawa.info\/index.php\/wp-json\/wp\/v2\/types\/post"}],"author":[{"embeddable":true,"href":"http:\/\/parafia.scinawa.info\/index.php\/wp-json\/wp\/v2\/users\/2"}],"replies":[{"embeddable":true,"href":"http:\/\/parafia.scinawa.info\/index.php\/wp-json\/wp\/v2\/comments?post=2280"}],"version-history":[{"count":2,"href":"http:\/\/parafia.scinawa.info\/index.php\/wp-json\/wp\/v2\/posts\/2280\/revisions"}],"predecessor-version":[{"id":2282,"href":"http:\/\/parafia.scinawa.info\/index.php\/wp-json\/wp\/v2\/posts\/2280\/revisions\/2282"}],"wp:attachment":[{"href":"http:\/\/parafia.scinawa.info\/index.php\/wp-json\/wp\/v2\/media?parent=2280"}],"wp:term":[{"taxonomy":"category","embeddable":true,"href":"http:\/\/parafia.scinawa.info\/index.php\/wp-json\/wp\/v2\/categories?post=2280"},{"taxonomy":"post_tag","embeddable":true,"href":"http:\/\/parafia.scinawa.info\/index.php\/wp-json\/wp\/v2\/tags?post=2280"}],"curies":[{"name":"wp","href":"https:\/\/api.w.org\/{rel}","templated":true}]}}